{"id":53244,"date":"2018-03-09T22:40:57","date_gmt":"2018-03-09T22:40:57","guid":{"rendered":"https:\/\/www.deberes.net\/tesis\/sin-categoria\/el-fin-de-la-guerra-civil-y-el-exilio-republicano-visiones-y-practicas-de-la-sociedad-argentina-a-traves-de-la-prensa-el-caso-de-mar-del-plata-1939\/"},"modified":"2018-03-09T22:40:57","modified_gmt":"2018-03-09T22:40:57","slug":"el-fin-de-la-guerra-civil-y-el-exilio-republicano-visiones-y-practicas-de-la-sociedad-argentina-a-traves-de-la-prensa-el-caso-de-mar-del-plata-1939","status":"publish","type":"post","link":"https:\/\/www.deberes.net\/tesis\/historia-contemporanea\/el-fin-de-la-guerra-civil-y-el-exilio-republicano-visiones-y-practicas-de-la-sociedad-argentina-a-traves-de-la-prensa-el-caso-de-mar-del-plata-1939\/","title":{"rendered":"El fin de la guerra civil y el exilio republicano: visiones y pr\u00e1cticas de la sociedad argentina a trav\u00e9s de la prensa. el caso de mar del plata, 1939"},"content":{"rendered":"<h2>Tesis doctoral de <strong> Lidia Bocanegra Barbecho <\/strong><\/h2>\n<p>El fin del guerra civil espa\u00f1ol supuso el fin de la esperanza republicana, tr\u00e1gicamente cercenada por la victoria nacionalista, y del comienzo, as\u00ed pues, de un azaroso y largo destierro, de exiliados republicanos que alcanz\u00f3 medio siglo. La colonia inmigrante, protagonista de aquella vieja inmigraci\u00f3n econ\u00f3mica, miraba desde el otro lado del atl\u00e1ntico una guerra civil que la sent\u00eda como propia a pesar de vivirla en una tierra lejana. Si bien la sociedad argentina, espa\u00f1ola o no, estuvo en su mayor\u00eda a favor de la causa republicana el gobierno, por su parte, se salvaguard\u00f3 detr\u00e1s de una pol\u00edtica de presidencia con respecto a la misma, primero, y de reconocimiento del nuevo gobierno espa\u00f1ol, despu\u00e9s, encubriendo una conducta conservadora que apoyaba la causa nacional. El conflicto espa\u00f1ol fue uno de los sucesos que mayormente impacto en la sociedad y pol\u00edtica argentina fragmentando partidos, dividiendo familias, produciendo escisiones en los centros regionales y haciendo que el gobierno adoptara medias contra posibles radizalizaciones en el \u00e1mbito pol\u00edtico de la oposici\u00f3n, manteniendo ilegalizado el partido comunista, prohibiendo las asociaciones extranjeras y restringiendo, hasta lo absurdo, las pol\u00edticas migratorias. El refugiado republicano pas\u00f3, as\u00ed pues, a convertirse en un refugiado indeseable junto con los jud\u00edos y el resto de exiliados pol\u00edticos los cuales no ten\u00edan cabida en un pa\u00eds, argentina, cuya c\u00fapula dirigente estaba influenciada por corrientes nazi-fascio-falangista. primero fue la guerra civil, despu\u00e9s fue el exilio provocando, en particular este \u00faltimo hecho, que la sociedad hispano-argentina intensificara, todav\u00eda m\u00e1s, todo un sistema de ayudas que hab\u00edan estado agilizando desde el inicio mismo de la contienda a trav\u00e9s de centenares de organizaciones y comit\u00e9s de auxilio  pro-republicanos que anarquistas, comunistas y moderados intentaron unificar cada uno a su manera pero con un objetivo com\u00fan: auxiliar a aquel<\/p>\n<p>&nbsp;<\/p>\n<h3>Datos acad\u00e9micos de la tesis doctoral \u00ab<strong>El fin de la guerra civil y el exilio republicano: visiones y pr\u00e1cticas de la sociedad argentina a trav\u00e9s de la prensa. el caso de mar del plata, 1939<\/strong>\u00ab<\/h3>\n<ul>\n<li><strong>T\u00edtulo de la tesis:<\/strong>\u00a0 El fin de la guerra civil y el exilio republicano: visiones y pr\u00e1cticas de la sociedad argentina a trav\u00e9s de la prensa. el caso de mar del plata, 1939 <\/li>\n<li><strong>Autor:<\/strong>\u00a0 Lidia Bocanegra Barbecho <\/li>\n<li><strong>Universidad:<\/strong>\u00a0 Lleida<\/li>\n<li><strong>Fecha de lectura de la tesis:<\/strong>\u00a0 19\/06\/2006<\/li>\n<\/ul>\n<p>&nbsp;<\/p>\n<h3>Direcci\u00f3n y tribunal<\/h3>\n<ul>\n<li><strong>Director de la tesis<\/strong>\n<ul>\n<li>Liliana Dan Orden<\/li>\n<\/ul>\n<\/li>\n<li><strong>Tribunal<\/strong>\n<ul>\n<li>Presidente del tribunal: jaume Pont ib\u00e1\u00f1ez <\/li>\n<li>Francisco Caudet roca (vocal)<\/li>\n<li>Manuel Aznar soler (vocal)<\/li>\n<li>alicia Alted vigil (vocal)<\/li>\n<\/ul>\n<\/li>\n<\/ul>\n<p>&nbsp;<\/p>\n","protected":false},"excerpt":{"rendered":"<p>Tesis doctoral de Lidia Bocanegra Barbecho El fin del guerra civil espa\u00f1ol supuso el fin de la esperanza republicana, tr\u00e1gicamente [&hellip;]<\/p>\n","protected":false},"author":1,"featured_media":0,"comment_status":"open","ping_status":"open","sticky":false,"template":"","format":"standard","meta":{"site-sidebar-layout":"default","site-content-layout":"","ast-site-content-layout":"","site-content-style":"default","site-sidebar-style":"default","ast-global-header-display":"","ast-banner-title-visibility":"","ast-main-header-display":"","ast-hfb-above-header-display":"","ast-hfb-below-header-display":"","ast-hfb-mobile-header-display":"","site-post-title":"","ast-breadcrumbs-content":"","ast-featured-img":"","footer-sml-layout":"","theme-transparent-header-meta":"","adv-header-id-meta":"","stick-header-meta":"","header-above-stick-meta":"","header-main-stick-meta":"","header-below-stick-meta":"","astra-migrate-meta-layouts":"default","ast-page-background-enabled":"default","ast-page-background-meta":{"desktop":{"background-color":"var(--ast-global-color-4)","background-image":"","background-repeat":"repeat","background-position":"center center","background-size":"auto","background-attachment":"scroll","background-type":"","background-media":"","overlay-type":"","overlay-color":"","overlay-gradient":""},"tablet":{"background-color":"","background-image":"","background-repeat":"repeat","background-position":"center center","background-size":"auto","background-attachment":"scroll","background-type":"","background-media":"","overlay-type":"","overlay-color":"","overlay-gradient":""},"mobile":{"background-color":"","background-image":"","background-repeat":"repeat","background-position":"center center","background-size":"auto","background-attachment":"scroll","background-type":"","background-media":"","overlay-type":"","overlay-color":"","overlay-gradient":""}},"ast-content-background-meta":{"desktop":{"background-color":"var(--ast-global-color-5)","background-image":"","background-repeat":"repeat","background-position":"center center","background-size":"auto","background-attachment":"scroll","background-type":"","background-media":"","overlay-type":"","overlay-color":"","overlay-gradient":""},"tablet":{"background-color":"var(--ast-global-color-5)","background-image":"","background-repeat":"repeat","background-position":"center center","background-size":"auto","background-attachment":"scroll","background-type":"","background-media":"","overlay-type":"","overlay-color":"","overlay-gradient":""},"mobile":{"background-color":"var(--ast-global-color-5)","background-image":"","background-repeat":"repeat","background-position":"center center","background-size":"auto","background-attachment":"scroll","background-type":"","background-media":"","overlay-type":"","overlay-color":"","overlay-gradient":""}},"footnotes":""},"categories":[1816,6049,18842],"tags":[8712,6825,32788,117510,117511,13642],"class_list":["post-53244","post","type-post","status-publish","format-standard","hentry","category-historia-contemporanea","category-historia-contemporanea-del-area-americana","category-lleida","tag-alicia-alted-vigil","tag-francisco-caudet-roca","tag-jaume-pont-ibanez","tag-lidia-bocanegra-barbecho","tag-liliana-dan-orden","tag-manuel-aznar-soler"],"_links":{"self":[{"href":"https:\/\/www.deberes.net\/tesis\/wp-json\/wp\/v2\/posts\/53244","targetHints":{"allow":["GET"]}}],"collection":[{"href":"https:\/\/www.deberes.net\/tesis\/wp-json\/wp\/v2\/posts"}],"about":[{"href":"https:\/\/www.deberes.net\/tesis\/wp-json\/wp\/v2\/types\/post"}],"author":[{"embeddable":true,"href":"https:\/\/www.deberes.net\/tesis\/wp-json\/wp\/v2\/users\/1"}],"replies":[{"embeddable":true,"href":"https:\/\/www.deberes.net\/tesis\/wp-json\/wp\/v2\/comments?post=53244"}],"version-history":[{"count":0,"href":"https:\/\/www.deberes.net\/tesis\/wp-json\/wp\/v2\/posts\/53244\/revisions"}],"wp:attachment":[{"href":"https:\/\/www.deberes.net\/tesis\/wp-json\/wp\/v2\/media?parent=53244"}],"wp:term":[{"taxonomy":"category","embeddable":true,"href":"https:\/\/www.deberes.net\/tesis\/wp-json\/wp\/v2\/categories?post=53244"},{"taxonomy":"post_tag","embeddable":true,"href":"https:\/\/www.deberes.net\/tesis\/wp-json\/wp\/v2\/tags?post=53244"}],"curies":[{"name":"wp","href":"https:\/\/api.w.org\/{rel}","templated":true}]}}