{"id":5326,"date":"1995-01-01T00:00:00","date_gmt":"1995-01-01T00:00:00","guid":{"rendered":"https:\/\/www.deberes.net\/tesis\/1995\/01\/01\/cirugia-de-la-catarata-en-el-paciente-diabetico-estudio-prospectivo\/"},"modified":"1995-01-01T00:00:00","modified_gmt":"1995-01-01T00:00:00","slug":"cirugia-de-la-catarata-en-el-paciente-diabetico-estudio-prospectivo","status":"publish","type":"post","link":"https:\/\/www.deberes.net\/tesis\/ciencias-medicas\/cirugia-de-la-catarata-en-el-paciente-diabetico-estudio-prospectivo\/","title":{"rendered":"Cirugia de la catarata en el paciente diabetico: estudio prospectivo."},"content":{"rendered":"<h2>Tesis doctoral de <strong>  Alvarez Diaz M. Dolores <\/strong><\/h2>\n<p>Objetivos: valoracion de la repercusion que la eecc con implante de lio de cp tiene en la evolucion ocular del paciente diabetico, progresion de la retinopatia y complicaciones oculares. Pacientes y metodo: han sido intervenidos 110 ojos de 100 pacientes diabeticos mediante la tecnica de eecc con implante de lio de cp. Se ha realizado el seguimiento a lo largo de un a\u00f1o con controles a las 24 h, 7, 39, 90, 180 y 360 dias. Se valoro la incidencia de rubeosis de iris, glaucoma neovascular, progresion de la retinopatia, alteraciones pupilares, opacificacion de la capsula posterior e incidencia de edema macular cistoide y diabetico y maculopatia isquemica.  conclusiones: la recuperacion visual tras la cirugia se ve influenciada por el grado de retinopatia siendo mayor el numero de casos y el porcentaje de recuperacion en ausencia de retinopatia. La eecc con lio no acelera la progresion de la retinopatia ni impide la visualizacion de la retina o fotocoagulacion de la misma, ni da lugar al desarrollo de rubeosis iris\/glaucoma neovascular ni otras complicaciones relacionadas con el acto quirurgico.<\/p>\n<p>&nbsp;<\/p>\n<h3>Datos acad\u00e9micos de la tesis doctoral \u00ab<strong>Cirugia de la catarata en el paciente diabetico: estudio prospectivo.<\/strong>\u00ab<\/h3>\n<ul>\n<li><strong>T\u00edtulo de la tesis:<\/strong>\u00a0 Cirugia de la catarata en el paciente diabetico: estudio prospectivo. <\/li>\n<li><strong>Autor:<\/strong>\u00a0  Alvarez Diaz M. Dolores <\/li>\n<li><strong>Universidad:<\/strong>\u00a0 Santiago de compostela<\/li>\n<li><strong>Fecha de lectura de la tesis:<\/strong>\u00a0 01\/01\/1995<\/li>\n<\/ul>\n<p>&nbsp;<\/p>\n<h3>Direcci\u00f3n y tribunal<\/h3>\n<ul>\n<li><strong>Director de la tesis<\/strong>\n<ul>\n<li>Manuel Sanchez Salorio<\/li>\n<\/ul>\n<\/li>\n<li><strong>Tribunal<\/strong>\n<ul>\n<li>Presidente del tribunal:  Garcia Campos Jos\u00e9 Manuel <\/li>\n<li>Francisco Gonzalez Garcia (vocal)<\/li>\n<li> Perez Moreiras Jos\u00e9 Vicente (vocal)<\/li>\n<li>Jos\u00e9 Manuel Ram\u00edrez Sebasti\u00e1n (vocal)<\/li>\n<\/ul>\n<\/li>\n<\/ul>\n<p>&nbsp;<\/p>\n","protected":false},"excerpt":{"rendered":"<p>Tesis doctoral de Alvarez Diaz M. Dolores Objetivos: valoracion de la repercusion que la eecc con implante de lio de [&hellip;]<\/p>\n","protected":false},"author":1,"featured_media":0,"comment_status":"open","ping_status":"open","sticky":false,"template":"","format":"standard","meta":{"site-sidebar-layout":"default","site-content-layout":"","ast-site-content-layout":"","site-content-style":"default","site-sidebar-style":"default","ast-global-header-display":"","ast-banner-title-visibility":"","ast-main-header-display":"","ast-hfb-above-header-display":"","ast-hfb-below-header-display":"","ast-hfb-mobile-header-display":"","site-post-title":"","ast-breadcrumbs-content":"","ast-featured-img":"","footer-sml-layout":"","theme-transparent-header-meta":"","adv-header-id-meta":"","stick-header-meta":"","header-above-stick-meta":"","header-main-stick-meta":"","header-below-stick-meta":"","astra-migrate-meta-layouts":"default","ast-page-background-enabled":"default","ast-page-background-meta":{"desktop":{"background-color":"var(--ast-global-color-4)","background-image":"","background-repeat":"repeat","background-position":"center center","background-size":"auto","background-attachment":"scroll","background-type":"","background-media":"","overlay-type":"","overlay-color":"","overlay-gradient":""},"tablet":{"background-color":"","background-image":"","background-repeat":"repeat","background-position":"center center","background-size":"auto","background-attachment":"scroll","background-type":"","background-media":"","overlay-type":"","overlay-color":"","overlay-gradient":""},"mobile":{"background-color":"","background-image":"","background-repeat":"repeat","background-position":"center center","background-size":"auto","background-attachment":"scroll","background-type":"","background-media":"","overlay-type":"","overlay-color":"","overlay-gradient":""}},"ast-content-background-meta":{"desktop":{"background-color":"var(--ast-global-color-5)","background-image":"","background-repeat":"repeat","background-position":"center center","background-size":"auto","background-attachment":"scroll","background-type":"","background-media":"","overlay-type":"","overlay-color":"","overlay-gradient":""},"tablet":{"background-color":"var(--ast-global-color-5)","background-image":"","background-repeat":"repeat","background-position":"center center","background-size":"auto","background-attachment":"scroll","background-type":"","background-media":"","overlay-type":"","overlay-color":"","overlay-gradient":""},"mobile":{"background-color":"var(--ast-global-color-5)","background-image":"","background-repeat":"repeat","background-position":"center center","background-size":"auto","background-attachment":"scroll","background-type":"","background-media":"","overlay-type":"","overlay-color":"","overlay-gradient":""}},"footnotes":""},"categories":[9,141,2606,851,139,977],"tags":[21024,1696,7971,6445,2609,21025],"class_list":["post-5326","post","type-post","status-publish","format-standard","hentry","category-ciencias-medicas","category-cirugia","category-cirugia-ocular","category-endocrinologia","category-medicina-interna","category-santiago-de-compostela","tag-alvarez-diaz-m-dolores","tag-francisco-gonzalez-garcia","tag-garcia-campos-jose-manuel","tag-jose-manuel-ramirez-sebastian","tag-manuel-sanchez-salorio","tag-perez-moreiras-jose-vicente"],"_links":{"self":[{"href":"https:\/\/www.deberes.net\/tesis\/wp-json\/wp\/v2\/posts\/5326","targetHints":{"allow":["GET"]}}],"collection":[{"href":"https:\/\/www.deberes.net\/tesis\/wp-json\/wp\/v2\/posts"}],"about":[{"href":"https:\/\/www.deberes.net\/tesis\/wp-json\/wp\/v2\/types\/post"}],"author":[{"embeddable":true,"href":"https:\/\/www.deberes.net\/tesis\/wp-json\/wp\/v2\/users\/1"}],"replies":[{"embeddable":true,"href":"https:\/\/www.deberes.net\/tesis\/wp-json\/wp\/v2\/comments?post=5326"}],"version-history":[{"count":0,"href":"https:\/\/www.deberes.net\/tesis\/wp-json\/wp\/v2\/posts\/5326\/revisions"}],"wp:attachment":[{"href":"https:\/\/www.deberes.net\/tesis\/wp-json\/wp\/v2\/media?parent=5326"}],"wp:term":[{"taxonomy":"category","embeddable":true,"href":"https:\/\/www.deberes.net\/tesis\/wp-json\/wp\/v2\/categories?post=5326"},{"taxonomy":"post_tag","embeddable":true,"href":"https:\/\/www.deberes.net\/tesis\/wp-json\/wp\/v2\/tags?post=5326"}],"curies":[{"name":"wp","href":"https:\/\/api.w.org\/{rel}","templated":true}]}}