{"id":53264,"date":"2018-03-09T22:40:57","date_gmt":"2018-03-09T22:40:57","guid":{"rendered":"https:\/\/www.deberes.net\/tesis\/sin-categoria\/influencia-del-efecto-microlente-gravitatorio-en-las-lineas-de-emision-anchas-de-los-cuasares\/"},"modified":"2018-03-09T22:40:57","modified_gmt":"2018-03-09T22:40:57","slug":"influencia-del-efecto-microlente-gravitatorio-en-las-lineas-de-emision-anchas-de-los-cuasares","status":"publish","type":"post","link":"https:\/\/www.deberes.net\/tesis\/quasares\/influencia-del-efecto-microlente-gravitatorio-en-las-lineas-de-emision-anchas-de-los-cuasares\/","title":{"rendered":"Influencia del efecto microlente gravitatorio en las lineas de emision anchas de los cuasares"},"content":{"rendered":"<h2>Tesis doctoral de <strong> Cristina Abajas Bustillo <\/strong><\/h2>\n<p>En esta tesis se estudia la influencia del efecto microlente gravitatorio sobre las l\u00edneas anchas de emisi\u00f3n de los cu\u00e1sares usando las estimaciones m\u00e1s recientes del tama\u00f1o de la regi\u00f3n de l\u00edneas anchas y la relaci\u00f3n de escalado que existe entre este tama\u00f1o y la luminosidad.     el efecto microlente, causando por estrellas u otros objetos compactos, puede producir importantes amplificaciones en las l\u00edneas anchas de emisi\u00f3n de algunos cu\u00e1sares sujetos al efecto lente gravitatoria. El efecto microlente podr\u00eda ser especialmente relevante en las l\u00edneas de alta ionizaci\u00f3n que se generan en la regi\u00f3n de l\u00edneas anchas. Hemos identificado un grupo de 10 lentes gravitatorias, que representan aproximadamente al 30% de la muestra estudiada, en las cuales resultar\u00eda m\u00e1s favorable observar el efecto microlente. Usando modelos cinem\u00e1ticos est\u00e1ndar  para los n\u00facleos activos de galaxias, se han estudiado los cambios que una microlente situadas en diferentes posiciones respecto al centro de la regi\u00f3n de l\u00edneas anchas produce sobre los perfiles de las l\u00edneas. El efecto microlente inducir\u00eda importantes efectos sobre las l\u00edneas, tales como la amplificaci\u00f3n selectiva de diferentes partes del perfil o el desplazamiento en su pico. El estudio de los perfiles de las l\u00edneas anchas de emisi\u00f3n con diferente grado de ionizaci\u00f3n en la misma imagen de un cu\u00e1sar que haya sufrido el efecto microlente ser\u00eda un m\u00e9todo alternativo para probar cu\u00e1l es la estructura y el tama\u00f1o de la regi\u00f3n donde se originan las l\u00edneas. en la segunda parte de esta tesis se ha considerado la aproximaci\u00f3n de ca\u00fastica rectil\u00ednea para estudiar la influencia del efecto microlente sobre las l\u00edneas anchas de emisi\u00f3n. B\u00e1sicamente, se reproducen los mismos resultados obtenidos que cuando se considera una microlente aislada, especialmente las amplificaciones asim\u00e9tricas de distintas partes del perfil de las l\u00edneas. Esta aproximaci\u00f3n es v\u00e1lida para las regiones m\u00e1s internas de<\/p>\n<p>&nbsp;<\/p>\n<h3>Datos acad\u00e9micos de la tesis doctoral \u00ab<strong>Influencia del efecto microlente gravitatorio en las lineas de emision anchas de los cuasares<\/strong>\u00ab<\/h3>\n<ul>\n<li><strong>T\u00edtulo de la tesis:<\/strong>\u00a0 Influencia del efecto microlente gravitatorio en las lineas de emision anchas de los cuasares <\/li>\n<li><strong>Autor:<\/strong>\u00a0 Cristina Abajas Bustillo <\/li>\n<li><strong>Universidad:<\/strong>\u00a0 La laguna<\/li>\n<li><strong>Fecha de lectura de la tesis:<\/strong>\u00a0 20\/06\/2006<\/li>\n<\/ul>\n<p>&nbsp;<\/p>\n<h3>Direcci\u00f3n y tribunal<\/h3>\n<ul>\n<li><strong>Director de la tesis<\/strong>\n<ul>\n<li>Evencio Mediavilla Gradolph<\/li>\n<\/ul>\n<\/li>\n<li><strong>Tribunal<\/strong>\n<ul>\n<li>Presidente del tribunal: emilio Falco <\/li>\n<li> Mu\u00f1oz lozano Jos\u00e9 Antonio (vocal)<\/li>\n<li> Goicoechea santamaria Luis Juli\u00e1n (vocal)<\/li>\n<li>rodrigo Gil-merino rubio (vocal)<\/li>\n<\/ul>\n<\/li>\n<\/ul>\n<p>&nbsp;<\/p>\n","protected":false},"excerpt":{"rendered":"<p>Tesis doctoral de Cristina Abajas Bustillo En esta tesis se estudia la influencia del efecto microlente gravitatorio sobre las l\u00edneas [&hellip;]<\/p>\n","protected":false},"author":1,"featured_media":0,"comment_status":"open","ping_status":"open","sticky":false,"template":"","format":"standard","meta":{"site-sidebar-layout":"default","site-content-layout":"","ast-site-content-layout":"","site-content-style":"default","site-sidebar-style":"default","ast-global-header-display":"","ast-banner-title-visibility":"","ast-main-header-display":"","ast-hfb-above-header-display":"","ast-hfb-below-header-display":"","ast-hfb-mobile-header-display":"","site-post-title":"","ast-breadcrumbs-content":"","ast-featured-img":"","footer-sml-layout":"","theme-transparent-header-meta":"","adv-header-id-meta":"","stick-header-meta":"","header-above-stick-meta":"","header-main-stick-meta":"","header-below-stick-meta":"","astra-migrate-meta-layouts":"default","ast-page-background-enabled":"default","ast-page-background-meta":{"desktop":{"background-color":"var(--ast-global-color-4)","background-image":"","background-repeat":"repeat","background-position":"center center","background-size":"auto","background-attachment":"scroll","background-type":"","background-media":"","overlay-type":"","overlay-color":"","overlay-gradient":""},"tablet":{"background-color":"","background-image":"","background-repeat":"repeat","background-position":"center center","background-size":"auto","background-attachment":"scroll","background-type":"","background-media":"","overlay-type":"","overlay-color":"","overlay-gradient":""},"mobile":{"background-color":"","background-image":"","background-repeat":"repeat","background-position":"center center","background-size":"auto","background-attachment":"scroll","background-type":"","background-media":"","overlay-type":"","overlay-color":"","overlay-gradient":""}},"ast-content-background-meta":{"desktop":{"background-color":"var(--ast-global-color-5)","background-image":"","background-repeat":"repeat","background-position":"center center","background-size":"auto","background-attachment":"scroll","background-type":"","background-media":"","overlay-type":"","overlay-color":"","overlay-gradient":""},"tablet":{"background-color":"var(--ast-global-color-5)","background-image":"","background-repeat":"repeat","background-position":"center center","background-size":"auto","background-attachment":"scroll","background-type":"","background-media":"","overlay-type":"","overlay-color":"","overlay-gradient":""},"mobile":{"background-color":"var(--ast-global-color-5)","background-image":"","background-repeat":"repeat","background-position":"center center","background-size":"auto","background-attachment":"scroll","background-type":"","background-media":"","overlay-type":"","overlay-color":"","overlay-gradient":""}},"footnotes":""},"categories":[7767,34004,9915,3312],"tags":[117551,117552,10079,56406,27348,117553],"class_list":["post-53264","post","type-post","status-publish","format-standard","hentry","category-galaxias","category-gravitacion","category-la-laguna","category-quasares","tag-cristina-abajas-bustillo","tag-emilio-falco","tag-evencio-mediavilla-gradolph","tag-goicoechea-santamaria-luis-julian","tag-munoz-lozano-jose-antonio","tag-rodrigo-gil-merino-rubio"],"_links":{"self":[{"href":"https:\/\/www.deberes.net\/tesis\/wp-json\/wp\/v2\/posts\/53264","targetHints":{"allow":["GET"]}}],"collection":[{"href":"https:\/\/www.deberes.net\/tesis\/wp-json\/wp\/v2\/posts"}],"about":[{"href":"https:\/\/www.deberes.net\/tesis\/wp-json\/wp\/v2\/types\/post"}],"author":[{"embeddable":true,"href":"https:\/\/www.deberes.net\/tesis\/wp-json\/wp\/v2\/users\/1"}],"replies":[{"embeddable":true,"href":"https:\/\/www.deberes.net\/tesis\/wp-json\/wp\/v2\/comments?post=53264"}],"version-history":[{"count":0,"href":"https:\/\/www.deberes.net\/tesis\/wp-json\/wp\/v2\/posts\/53264\/revisions"}],"wp:attachment":[{"href":"https:\/\/www.deberes.net\/tesis\/wp-json\/wp\/v2\/media?parent=53264"}],"wp:term":[{"taxonomy":"category","embeddable":true,"href":"https:\/\/www.deberes.net\/tesis\/wp-json\/wp\/v2\/categories?post=53264"},{"taxonomy":"post_tag","embeddable":true,"href":"https:\/\/www.deberes.net\/tesis\/wp-json\/wp\/v2\/tags?post=53264"}],"curies":[{"name":"wp","href":"https:\/\/api.w.org\/{rel}","templated":true}]}}