{"id":53275,"date":"2018-03-09T22:40:57","date_gmt":"2018-03-09T22:40:57","guid":{"rendered":"https:\/\/www.deberes.net\/tesis\/sin-categoria\/ortega-y-gasset-y-la-novela-de-nova-novorum\/"},"modified":"2018-03-09T22:40:57","modified_gmt":"2018-03-09T22:40:57","slug":"ortega-y-gasset-y-la-novela-de-nova-novorum","status":"publish","type":"post","link":"https:\/\/www.deberes.net\/tesis\/estilo-y-estetica-literarios\/ortega-y-gasset-y-la-novela-de-nova-novorum\/","title":{"rendered":"Ortega y gasset y la novela de \u00abnova novorum\u00bb"},"content":{"rendered":"<h2>Tesis doctoral de <strong> Fernando Ca\u00f1amares Leandro <\/strong><\/h2>\n<p>La tesis \u00abortega y gasset y la novela nova novorum\u00bb profundiza en las relaciones existentes entre los planteamientos de ortega y las cinco novelas que forman parte de esta colecci\u00f3n, surgida entre 1926 y 1929 en el seno de la editorial \u00abrevista de occidente\u00bb: \u00abv\u00edsperas del gozo\u00bb (1926), de pedro salinas; \u00abel profesor in\u00fatil\u00bb (1926 y \u00abpaula y paulita\u00bb, ambas benjam\u00edn jarn\u00e9s; \u00abp\u00e1jaro pinto\u00bb (1927) y \u00abluna de copas\u00bb, de antonio espina. paralelamente y desde una perspectiva m\u00e1s amplia, se hace una presentaci\u00f3n del concepto y desarrollo de la escuela literaria conocida como \u00abnovela nueva\u00bb, que durante los a\u00f1os veinte y treinta procur\u00f3, con discutido \u00e9xito, articular una respuesta est\u00e9tica al realismo decimon\u00f3nico. La tesis incluye, adem\u00e1s del estudio de las cinco novelas, una s\u00edntesis de los aspectos del pensamiento orteguiano m\u00e1s aplicables a la literatura, un resumen de los planteamientos te\u00f3ricos formulados por los autores de las novelas y, por \u00faltimo, un comentario de los principales estudios cr\u00edticos referidos a las obras, que se hace arrancar de los art\u00edculos publicados en la prensa coet\u00e1nea.<\/p>\n<p>&nbsp;<\/p>\n<h3>Datos acad\u00e9micos de la tesis doctoral \u00ab<strong>Ortega y gasset y la novela de \u00abnova novorum\u00bb<\/strong>\u00ab<\/h3>\n<ul>\n<li><strong>T\u00edtulo de la tesis:<\/strong>\u00a0 Ortega y gasset y la novela de \u00abnova novorum\u00bb <\/li>\n<li><strong>Autor:<\/strong>\u00a0 Fernando Ca\u00f1amares Leandro <\/li>\n<li><strong>Universidad:<\/strong>\u00a0 Aut\u00f3noma de Madrid<\/li>\n<li><strong>Fecha de lectura de la tesis:<\/strong>\u00a0 20\/06\/2006<\/li>\n<\/ul>\n<p>&nbsp;<\/p>\n<h3>Direcci\u00f3n y tribunal<\/h3>\n<ul>\n<li><strong>Director de la tesis<\/strong>\n<ul>\n<li>Francisco Caudet Roca<\/li>\n<\/ul>\n<\/li>\n<li><strong>Tribunal<\/strong>\n<ul>\n<li>Presidente del tribunal: tomas Albaladejo mayordomo <\/li>\n<li>Jos\u00e9 Luis Mora garcia (vocal)<\/li>\n<li>Manuel Aznar soler (vocal)<\/li>\n<li>Francisco Tovar blanco (vocal)<\/li>\n<\/ul>\n<\/li>\n<\/ul>\n<p>&nbsp;<\/p>\n","protected":false},"excerpt":{"rendered":"<p>Tesis doctoral de Fernando Ca\u00f1amares Leandro La tesis \u00abortega y gasset y la novela nova novorum\u00bb profundiza en las relaciones [&hellip;]<\/p>\n","protected":false},"author":1,"featured_media":0,"comment_status":"open","ping_status":"open","sticky":false,"template":"","format":"standard","meta":{"site-sidebar-layout":"default","site-content-layout":"","ast-site-content-layout":"","site-content-style":"default","site-sidebar-style":"default","ast-global-header-display":"","ast-banner-title-visibility":"","ast-main-header-display":"","ast-hfb-above-header-display":"","ast-hfb-below-header-display":"","ast-hfb-mobile-header-display":"","site-post-title":"","ast-breadcrumbs-content":"","ast-featured-img":"","footer-sml-layout":"","theme-transparent-header-meta":"","adv-header-id-meta":"","stick-header-meta":"","header-above-stick-meta":"","header-main-stick-meta":"","header-below-stick-meta":"","astra-migrate-meta-layouts":"default","ast-page-background-enabled":"default","ast-page-background-meta":{"desktop":{"background-color":"var(--ast-global-color-4)","background-image":"","background-repeat":"repeat","background-position":"center center","background-size":"auto","background-attachment":"scroll","background-type":"","background-media":"","overlay-type":"","overlay-color":"","overlay-gradient":""},"tablet":{"background-color":"","background-image":"","background-repeat":"repeat","background-position":"center center","background-size":"auto","background-attachment":"scroll","background-type":"","background-media":"","overlay-type":"","overlay-color":"","overlay-gradient":""},"mobile":{"background-color":"","background-image":"","background-repeat":"repeat","background-position":"center center","background-size":"auto","background-attachment":"scroll","background-type":"","background-media":"","overlay-type":"","overlay-color":"","overlay-gradient":""}},"ast-content-background-meta":{"desktop":{"background-color":"var(--ast-global-color-5)","background-image":"","background-repeat":"repeat","background-position":"center center","background-size":"auto","background-attachment":"scroll","background-type":"","background-media":"","overlay-type":"","overlay-color":"","overlay-gradient":""},"tablet":{"background-color":"var(--ast-global-color-5)","background-image":"","background-repeat":"repeat","background-position":"center center","background-size":"auto","background-attachment":"scroll","background-type":"","background-media":"","overlay-type":"","overlay-color":"","overlay-gradient":""},"mobile":{"background-color":"var(--ast-global-color-5)","background-image":"","background-repeat":"repeat","background-position":"center center","background-size":"auto","background-attachment":"scroll","background-type":"","background-media":"","overlay-type":"","overlay-color":"","overlay-gradient":""}},"footnotes":""},"categories":[2965],"tags":[117576,6825,1233,23964,13642,4759],"class_list":["post-53275","post","type-post","status-publish","format-standard","hentry","category-estilo-y-estetica-literarios","tag-fernando-canamares-leandro","tag-francisco-caudet-roca","tag-francisco-tovar-blanco","tag-jose-luis-mora-garcia","tag-manuel-aznar-soler","tag-tomas-albaladejo-mayordomo"],"_links":{"self":[{"href":"https:\/\/www.deberes.net\/tesis\/wp-json\/wp\/v2\/posts\/53275","targetHints":{"allow":["GET"]}}],"collection":[{"href":"https:\/\/www.deberes.net\/tesis\/wp-json\/wp\/v2\/posts"}],"about":[{"href":"https:\/\/www.deberes.net\/tesis\/wp-json\/wp\/v2\/types\/post"}],"author":[{"embeddable":true,"href":"https:\/\/www.deberes.net\/tesis\/wp-json\/wp\/v2\/users\/1"}],"replies":[{"embeddable":true,"href":"https:\/\/www.deberes.net\/tesis\/wp-json\/wp\/v2\/comments?post=53275"}],"version-history":[{"count":0,"href":"https:\/\/www.deberes.net\/tesis\/wp-json\/wp\/v2\/posts\/53275\/revisions"}],"wp:attachment":[{"href":"https:\/\/www.deberes.net\/tesis\/wp-json\/wp\/v2\/media?parent=53275"}],"wp:term":[{"taxonomy":"category","embeddable":true,"href":"https:\/\/www.deberes.net\/tesis\/wp-json\/wp\/v2\/categories?post=53275"},{"taxonomy":"post_tag","embeddable":true,"href":"https:\/\/www.deberes.net\/tesis\/wp-json\/wp\/v2\/tags?post=53275"}],"curies":[{"name":"wp","href":"https:\/\/api.w.org\/{rel}","templated":true}]}}