{"id":53283,"date":"2018-03-09T22:40:57","date_gmt":"2018-03-09T22:40:57","guid":{"rendered":"https:\/\/www.deberes.net\/tesis\/sin-categoria\/el-proceso-de-integracion-de-los-mercados-de-valores-en-europa-un-modelo-de-valoracion-de-los-costes-de-contratacion\/"},"modified":"2018-03-09T22:40:57","modified_gmt":"2018-03-09T22:40:57","slug":"el-proceso-de-integracion-de-los-mercados-de-valores-en-europa-un-modelo-de-valoracion-de-los-costes-de-contratacion","status":"publish","type":"post","link":"https:\/\/www.deberes.net\/tesis\/ciencias-economicas\/el-proceso-de-integracion-de-los-mercados-de-valores-en-europa-un-modelo-de-valoracion-de-los-costes-de-contratacion\/","title":{"rendered":"El proceso de integraci\u00f3n de los mercados de valores en europa.un modelo de valoraci\u00f3n de los costes de contrataci\u00f3n."},"content":{"rendered":"<h2>Tesis doctoral de <strong> Esther Mart\u00edn-caro \u00e1lamo <\/strong><\/h2>\n<p>El actual debate sobre el proceso de integraci\u00f3n de los mercados financieros en europa, y concretamente, de los mercados de valores, gira entre otros temas en torno a cu\u00e1l va a ser el impacto que este proceso de consolidaci\u00f3n va a tener sobre los costes de contrataci\u00f3n de las acciones que cotizan en estos mercados, y por lo tanto, sobre los costes de financiaci\u00f3n de las empresas y sobre el propio crecimiento econ\u00f3mico europeo.  esta tesis aporta una serie de conclusiones en torno a la discusi\u00f3n te\u00f3rica sobre si en verdad los procesos de consolidaci\u00f3n en los mercados de valores ejercen alg\u00fan efecto sobre el nivel de los costes de contrataci\u00f3n. Para ello se hace uso de procedimientos de an\u00e1lisis econom\u00e9trico, particularmente mediante t\u00e9cnicas de correcci\u00f3n de desequilibrios con el objetivo de contrastar la hip\u00f3tesis de que la variable tama\u00f1o de un mercado de valores ejerce un efecto reductor en el nivel de los costes de contrataci\u00f3n de las acciones que cotizan en este mercado. Es decir, se pretende verificar si las variables tama\u00f1o de mercado y costes de contrataci\u00f3n mantienen una relaci\u00f3n de equilibrio de largo plazo y si la primera puede ser un eficiente estimador de la segunda.  el marco de investigaci\u00f3n de esta tesis desarrolla una investigaci\u00f3n emp\u00edrica sobre un caso real; la creaci\u00f3n de la alianza paneuropea euronext (esta alianza se crea en el a\u00f1o 2000 y es fruto de la fusi\u00f3n de los mercados de \u00e1msterdam, bruselas y par\u00eds). Para ello, partiendo de una muestra compuesta por 78 empresas que cotizaban en los principales mercados de esta alianza en el a\u00f1o 1999 (previo a su integraci\u00f3n) y en el a\u00f1o 2003 (tras su integraci\u00f3n) se han estimado los par\u00e1metros de un modelo econom\u00e9trico que mide la reducci\u00f3n que se ha producido en los costes de contrataci\u00f3n de estos mercados como consecuencia de su consolidaci\u00f3n. A continuaci\u00f3n se ha comprobado la idoneidad de este modelo como herramienta de medici\u00f3n y de<\/p>\n<p>&nbsp;<\/p>\n<h3>Datos acad\u00e9micos de la tesis doctoral \u00ab<strong>El proceso de integraci\u00f3n de los mercados de valores en europa.un modelo de valoraci\u00f3n de los costes de contrataci\u00f3n.<\/strong>\u00ab<\/h3>\n<ul>\n<li><strong>T\u00edtulo de la tesis:<\/strong>\u00a0 El proceso de integraci\u00f3n de los mercados de valores en europa.un modelo de valoraci\u00f3n de los costes de contrataci\u00f3n. <\/li>\n<li><strong>Autor:<\/strong>\u00a0 Esther Mart\u00edn-caro \u00e1lamo <\/li>\n<li><strong>Universidad:<\/strong>\u00a0 Pontificia comillas<\/li>\n<li><strong>Fecha de lectura de la tesis:<\/strong>\u00a0 20\/06\/2006<\/li>\n<\/ul>\n<p>&nbsp;<\/p>\n<h3>Direcci\u00f3n y tribunal<\/h3>\n<ul>\n<li><strong>Director de la tesis<\/strong>\n<ul>\n<li>Cecilio Moral Bello<\/li>\n<\/ul>\n<\/li>\n<li><strong>Tribunal<\/strong>\n<ul>\n<li>Presidente del tribunal: prosper Lamothe fern\u00e1ndez <\/li>\n<li>Jos\u00e9 Luis Montes botella (vocal)<\/li>\n<li>\u00e1ngel Luis L\u00f3pez roa (vocal)<\/li>\n<li>margarita Prat rodrigo (vocal)<\/li>\n<\/ul>\n<\/li>\n<\/ul>\n<p>&nbsp;<\/p>\n","protected":false},"excerpt":{"rendered":"<p>Tesis doctoral de Esther Mart\u00edn-caro \u00e1lamo El actual debate sobre el proceso de integraci\u00f3n de los mercados financieros en europa, [&hellip;]<\/p>\n","protected":false},"author":1,"featured_media":0,"comment_status":"open","ping_status":"open","sticky":false,"template":"","format":"standard","meta":{"site-sidebar-layout":"default","site-content-layout":"","ast-site-content-layout":"","site-content-style":"default","site-sidebar-style":"default","ast-global-header-display":"","ast-banner-title-visibility":"","ast-main-header-display":"","ast-hfb-above-header-display":"","ast-hfb-below-header-display":"","ast-hfb-mobile-header-display":"","site-post-title":"","ast-breadcrumbs-content":"","ast-featured-img":"","footer-sml-layout":"","theme-transparent-header-meta":"","adv-header-id-meta":"","stick-header-meta":"","header-above-stick-meta":"","header-main-stick-meta":"","header-below-stick-meta":"","astra-migrate-meta-layouts":"default","ast-page-background-enabled":"default","ast-page-background-meta":{"desktop":{"background-color":"var(--ast-global-color-4)","background-image":"","background-repeat":"repeat","background-position":"center center","background-size":"auto","background-attachment":"scroll","background-type":"","background-media":"","overlay-type":"","overlay-color":"","overlay-gradient":""},"tablet":{"background-color":"","background-image":"","background-repeat":"repeat","background-position":"center center","background-size":"auto","background-attachment":"scroll","background-type":"","background-media":"","overlay-type":"","overlay-color":"","overlay-gradient":""},"mobile":{"background-color":"","background-image":"","background-repeat":"repeat","background-position":"center center","background-size":"auto","background-attachment":"scroll","background-type":"","background-media":"","overlay-type":"","overlay-color":"","overlay-gradient":""}},"ast-content-background-meta":{"desktop":{"background-color":"var(--ast-global-color-5)","background-image":"","background-repeat":"repeat","background-position":"center center","background-size":"auto","background-attachment":"scroll","background-type":"","background-media":"","overlay-type":"","overlay-color":"","overlay-gradient":""},"tablet":{"background-color":"var(--ast-global-color-5)","background-image":"","background-repeat":"repeat","background-position":"center center","background-size":"auto","background-attachment":"scroll","background-type":"","background-media":"","overlay-type":"","overlay-color":"","overlay-gradient":""},"mobile":{"background-color":"var(--ast-global-color-5)","background-image":"","background-repeat":"repeat","background-position":"center center","background-size":"auto","background-attachment":"scroll","background-type":"","background-media":"","overlay-type":"","overlay-color":"","overlay-gradient":""}},"footnotes":""},"categories":[82,963,18397,4677],"tags":[27953,33040,117594,56383,43269,12681],"class_list":["post-53283","post","type-post","status-publish","format-standard","hentry","category-ciencias-economicas","category-economia-sectorial","category-pontificia-comillas","category-sector-de-finanzas-y-seguros","tag-angel-luis-lopez-roa","tag-cecilio-moral-bello","tag-esther-martin-caro-alamo","tag-jose-luis-montes-botella","tag-margarita-prat-rodrigo","tag-prosper-lamothe-fernandez"],"_links":{"self":[{"href":"https:\/\/www.deberes.net\/tesis\/wp-json\/wp\/v2\/posts\/53283","targetHints":{"allow":["GET"]}}],"collection":[{"href":"https:\/\/www.deberes.net\/tesis\/wp-json\/wp\/v2\/posts"}],"about":[{"href":"https:\/\/www.deberes.net\/tesis\/wp-json\/wp\/v2\/types\/post"}],"author":[{"embeddable":true,"href":"https:\/\/www.deberes.net\/tesis\/wp-json\/wp\/v2\/users\/1"}],"replies":[{"embeddable":true,"href":"https:\/\/www.deberes.net\/tesis\/wp-json\/wp\/v2\/comments?post=53283"}],"version-history":[{"count":0,"href":"https:\/\/www.deberes.net\/tesis\/wp-json\/wp\/v2\/posts\/53283\/revisions"}],"wp:attachment":[{"href":"https:\/\/www.deberes.net\/tesis\/wp-json\/wp\/v2\/media?parent=53283"}],"wp:term":[{"taxonomy":"category","embeddable":true,"href":"https:\/\/www.deberes.net\/tesis\/wp-json\/wp\/v2\/categories?post=53283"},{"taxonomy":"post_tag","embeddable":true,"href":"https:\/\/www.deberes.net\/tesis\/wp-json\/wp\/v2\/tags?post=53283"}],"curies":[{"name":"wp","href":"https:\/\/api.w.org\/{rel}","templated":true}]}}