{"id":53288,"date":"2018-03-09T22:40:57","date_gmt":"2018-03-09T22:40:57","guid":{"rendered":"https:\/\/www.deberes.net\/tesis\/sin-categoria\/influencia-de-la-nueva-legislacion-en-la-informacion-medioambiental-suministrada-por-las-empresas-un-estudio-regional\/"},"modified":"2018-03-09T22:40:57","modified_gmt":"2018-03-09T22:40:57","slug":"influencia-de-la-nueva-legislacion-en-la-informacion-medioambiental-suministrada-por-las-empresas-un-estudio-regional","status":"publish","type":"post","link":"https:\/\/www.deberes.net\/tesis\/contabilidad-financiera\/influencia-de-la-nueva-legislacion-en-la-informacion-medioambiental-suministrada-por-las-empresas-un-estudio-regional\/","title":{"rendered":"Influencia de la nueva legislaci\u00f3n en la informaci\u00f3n medioambiental suministrada por las empresas. un estudio regional"},"content":{"rendered":"<h2>Tesis doctoral de <strong> Enrique Rafael Blanco Richart <\/strong><\/h2>\n<p>Dividida en 4 cap\u00edtulos:      en el primero se realiza una constataci\u00f3n hist\u00f3rica del divorcio entre la econom\u00eda y el medio ambiente.     en el segundo se efect\u00faa un an\u00e1lisis sobre el marco conceptual (1999) y comprobar si aporta relaciones entre contabilidad y medio ambiente, completado con el tercer cap\u00edtulo dedicado a una revisi\u00f3n sobre la informaci\u00f3n financiera.     el cuarto dedicado al estudio emp\u00edrico sobre la base de las empresas auditadas de la provincia de alicante para constatar qu\u00e9 elementos son determinantes en la informaci\u00f3n medioambiental suministrada y constatar emp\u00edricamente si la calidad de la informaci\u00f3n suministrada se debe al cumplimiento de la legislaci\u00f3n solamente o a la aplicaci\u00f3n del concepto de responsabilidad social destacado en el marco conceptual de 1999.<\/p>\n<p>&nbsp;<\/p>\n<h3>Datos acad\u00e9micos de la tesis doctoral \u00ab<strong>Influencia de la nueva legislaci\u00f3n en la informaci\u00f3n medioambiental suministrada por las empresas. un estudio regional<\/strong>\u00ab<\/h3>\n<ul>\n<li><strong>T\u00edtulo de la tesis:<\/strong>\u00a0 Influencia de la nueva legislaci\u00f3n en la informaci\u00f3n medioambiental suministrada por las empresas. un estudio regional <\/li>\n<li><strong>Autor:<\/strong>\u00a0 Enrique Rafael Blanco Richart <\/li>\n<li><strong>Universidad:<\/strong>\u00a0 Rey juan carlos<\/li>\n<li><strong>Fecha de lectura de la tesis:<\/strong>\u00a0 20\/06\/2006<\/li>\n<\/ul>\n<p>&nbsp;<\/p>\n<h3>Direcci\u00f3n y tribunal<\/h3>\n<ul>\n<li><strong>Director de la tesis<\/strong>\n<ul>\n<li> Poveda Maestre Jos\u00e9 Pascual<\/li>\n<\/ul>\n<\/li>\n<li><strong>Tribunal<\/strong>\n<ul>\n<li>Presidente del tribunal: Jos\u00e9 Luis Sanchez-fernandez valderrama <\/li>\n<li>camilo Prado freire (vocal)<\/li>\n<li>pedro Luengo   mulet (vocal)<\/li>\n<li> Gonz\u00e1lez carbonell Jos\u00e9 Francisco (vocal)<\/li>\n<\/ul>\n<\/li>\n<\/ul>\n<p>&nbsp;<\/p>\n","protected":false},"excerpt":{"rendered":"<p>Tesis doctoral de Enrique Rafael Blanco Richart Dividida en 4 cap\u00edtulos: en el primero se realiza una constataci\u00f3n hist\u00f3rica del [&hellip;]<\/p>\n","protected":false},"author":1,"featured_media":0,"comment_status":"open","ping_status":"open","sticky":false,"template":"","format":"standard","meta":{"site-sidebar-layout":"default","site-content-layout":"","ast-site-content-layout":"","site-content-style":"default","site-sidebar-style":"default","ast-global-header-display":"","ast-banner-title-visibility":"","ast-main-header-display":"","ast-hfb-above-header-display":"","ast-hfb-below-header-display":"","ast-hfb-mobile-header-display":"","site-post-title":"","ast-breadcrumbs-content":"","ast-featured-img":"","footer-sml-layout":"","theme-transparent-header-meta":"","adv-header-id-meta":"","stick-header-meta":"","header-above-stick-meta":"","header-main-stick-meta":"","header-below-stick-meta":"","astra-migrate-meta-layouts":"default","ast-page-background-enabled":"default","ast-page-background-meta":{"desktop":{"background-color":"var(--ast-global-color-4)","background-image":"","background-repeat":"repeat","background-position":"center center","background-size":"auto","background-attachment":"scroll","background-type":"","background-media":"","overlay-type":"","overlay-color":"","overlay-gradient":""},"tablet":{"background-color":"","background-image":"","background-repeat":"repeat","background-position":"center center","background-size":"auto","background-attachment":"scroll","background-type":"","background-media":"","overlay-type":"","overlay-color":"","overlay-gradient":""},"mobile":{"background-color":"","background-image":"","background-repeat":"repeat","background-position":"center center","background-size":"auto","background-attachment":"scroll","background-type":"","background-media":"","overlay-type":"","overlay-color":"","overlay-gradient":""}},"ast-content-background-meta":{"desktop":{"background-color":"var(--ast-global-color-5)","background-image":"","background-repeat":"repeat","background-position":"center center","background-size":"auto","background-attachment":"scroll","background-type":"","background-media":"","overlay-type":"","overlay-color":"","overlay-gradient":""},"tablet":{"background-color":"var(--ast-global-color-5)","background-image":"","background-repeat":"repeat","background-position":"center center","background-size":"auto","background-attachment":"scroll","background-type":"","background-media":"","overlay-type":"","overlay-color":"","overlay-gradient":""},"mobile":{"background-color":"var(--ast-global-color-5)","background-image":"","background-repeat":"repeat","background-position":"center center","background-size":"auto","background-attachment":"scroll","background-type":"","background-media":"","overlay-type":"","overlay-color":"","overlay-gradient":""}},"footnotes":""},"categories":[1699,26524,36610],"tags":[7053,117602,49745,3466,5837,117603],"class_list":["post-53288","post","type-post","status-publish","format-standard","hentry","category-contabilidad-financiera","category-contabilidad-social","category-rey-juan-carlos","tag-camilo-prado-freire","tag-enrique-rafael-blanco-richart","tag-gonzalez-carbonell-jose-francisco","tag-jose-luis-sanchez-fernandez-valderrama","tag-pedro-luengo-mulet","tag-poveda-maestre-jose-pascual"],"_links":{"self":[{"href":"https:\/\/www.deberes.net\/tesis\/wp-json\/wp\/v2\/posts\/53288","targetHints":{"allow":["GET"]}}],"collection":[{"href":"https:\/\/www.deberes.net\/tesis\/wp-json\/wp\/v2\/posts"}],"about":[{"href":"https:\/\/www.deberes.net\/tesis\/wp-json\/wp\/v2\/types\/post"}],"author":[{"embeddable":true,"href":"https:\/\/www.deberes.net\/tesis\/wp-json\/wp\/v2\/users\/1"}],"replies":[{"embeddable":true,"href":"https:\/\/www.deberes.net\/tesis\/wp-json\/wp\/v2\/comments?post=53288"}],"version-history":[{"count":0,"href":"https:\/\/www.deberes.net\/tesis\/wp-json\/wp\/v2\/posts\/53288\/revisions"}],"wp:attachment":[{"href":"https:\/\/www.deberes.net\/tesis\/wp-json\/wp\/v2\/media?parent=53288"}],"wp:term":[{"taxonomy":"category","embeddable":true,"href":"https:\/\/www.deberes.net\/tesis\/wp-json\/wp\/v2\/categories?post=53288"},{"taxonomy":"post_tag","embeddable":true,"href":"https:\/\/www.deberes.net\/tesis\/wp-json\/wp\/v2\/tags?post=53288"}],"curies":[{"name":"wp","href":"https:\/\/api.w.org\/{rel}","templated":true}]}}