{"id":53321,"date":"2018-03-09T22:41:00","date_gmt":"2018-03-09T22:41:00","guid":{"rendered":"https:\/\/www.deberes.net\/tesis\/sin-categoria\/las-camaras-de-comercio-en-la-union-europea\/"},"modified":"2018-03-09T22:41:00","modified_gmt":"2018-03-09T22:41:00","slug":"las-camaras-de-comercio-en-la-union-europea","status":"publish","type":"post","link":"https:\/\/www.deberes.net\/tesis\/derecho-privado\/las-camaras-de-comercio-en-la-union-europea\/","title":{"rendered":"Las c\u00e1maras de comercio en la uni\u00f3n europea"},"content":{"rendered":"<h2>Tesis doctoral de <strong>  Fern\u00e1ndez Mart\u00edn Mario J. <\/strong><\/h2>\n<p>* an\u00e1lisis detallado de los distintos modelos de estas instituciones camerales: el modelo anglosaj\u00f3n de derecho privado, el modelo franc\u00e9s o continental de derecho p\u00fablico y el h\u00edbrido de ambos.     * estudio de las funciones camerales en estos modelos.     * an\u00e1lisis del caso espa\u00f1ol, analizando sus antecedentes y estudiando su evoluci\u00f3n y marco normativo actual.     * se plantea igualmente un examen de los recursos de inconstitucionalidad planteados tanto en alemania como espa\u00f1a debido a la obligatoriedad de afiliaci\u00f3n.     * por \u00faltimo se revisa las estructuras camerales de los 25 pa\u00edses miembros de la uni\u00f3n europea.<\/p>\n<p>&nbsp;<\/p>\n<h3>Datos acad\u00e9micos de la tesis doctoral \u00ab<strong>Las c\u00e1maras de comercio en la uni\u00f3n europea<\/strong>\u00ab<\/h3>\n<ul>\n<li><strong>T\u00edtulo de la tesis:<\/strong>\u00a0 Las c\u00e1maras de comercio en la uni\u00f3n europea <\/li>\n<li><strong>Autor:<\/strong>\u00a0  Fern\u00e1ndez Mart\u00edn Mario J. <\/li>\n<li><strong>Universidad:<\/strong>\u00a0 Rey juan carlos<\/li>\n<li><strong>Fecha de lectura de la tesis:<\/strong>\u00a0 21\/06\/2006<\/li>\n<\/ul>\n<p>&nbsp;<\/p>\n<h3>Direcci\u00f3n y tribunal<\/h3>\n<ul>\n<li><strong>Director de la tesis<\/strong>\n<ul>\n<li>Jes\u00fas Huerta De Soto Ballester<\/li>\n<\/ul>\n<\/li>\n<li><strong>Tribunal<\/strong>\n<ul>\n<li>Presidente del tribunal: armando Torrent ru\u00edz <\/li>\n<li> Franch meneu Jos\u00e9 Juan (vocal)<\/li>\n<li>oscar Vara crespo (vocal)<\/li>\n<li>Javier Aranzadi del cerro (vocal)<\/li>\n<\/ul>\n<\/li>\n<\/ul>\n<p>&nbsp;<\/p>\n","protected":false},"excerpt":{"rendered":"<p>Tesis doctoral de Fern\u00e1ndez Mart\u00edn Mario J. * an\u00e1lisis detallado de los distintos modelos de estas instituciones camerales: el modelo [&hellip;]<\/p>\n","protected":false},"author":1,"featured_media":0,"comment_status":"open","ping_status":"open","sticky":false,"template":"","format":"standard","meta":{"site-sidebar-layout":"default","site-content-layout":"","ast-site-content-layout":"","site-content-style":"default","site-sidebar-style":"default","ast-global-header-display":"","ast-banner-title-visibility":"","ast-main-header-display":"","ast-hfb-above-header-display":"","ast-hfb-below-header-display":"","ast-hfb-mobile-header-display":"","site-post-title":"","ast-breadcrumbs-content":"","ast-featured-img":"","footer-sml-layout":"","theme-transparent-header-meta":"","adv-header-id-meta":"","stick-header-meta":"","header-above-stick-meta":"","header-main-stick-meta":"","header-below-stick-meta":"","astra-migrate-meta-layouts":"default","ast-page-background-enabled":"default","ast-page-background-meta":{"desktop":{"background-color":"var(--ast-global-color-4)","background-image":"","background-repeat":"repeat","background-position":"center center","background-size":"auto","background-attachment":"scroll","background-type":"","background-media":"","overlay-type":"","overlay-color":"","overlay-gradient":""},"tablet":{"background-color":"","background-image":"","background-repeat":"repeat","background-position":"center center","background-size":"auto","background-attachment":"scroll","background-type":"","background-media":"","overlay-type":"","overlay-color":"","overlay-gradient":""},"mobile":{"background-color":"","background-image":"","background-repeat":"repeat","background-position":"center center","background-size":"auto","background-attachment":"scroll","background-type":"","background-media":"","overlay-type":"","overlay-color":"","overlay-gradient":""}},"ast-content-background-meta":{"desktop":{"background-color":"var(--ast-global-color-5)","background-image":"","background-repeat":"repeat","background-position":"center center","background-size":"auto","background-attachment":"scroll","background-type":"","background-media":"","overlay-type":"","overlay-color":"","overlay-gradient":""},"tablet":{"background-color":"var(--ast-global-color-5)","background-image":"","background-repeat":"repeat","background-position":"center center","background-size":"auto","background-attachment":"scroll","background-type":"","background-media":"","overlay-type":"","overlay-color":"","overlay-gradient":""},"mobile":{"background-color":"var(--ast-global-color-5)","background-image":"","background-repeat":"repeat","background-position":"center center","background-size":"auto","background-attachment":"scroll","background-type":"","background-media":"","overlay-type":"","overlay-color":"","overlay-gradient":""}},"footnotes":""},"categories":[3894,36610],"tags":[3898,117672,73171,91475,47363,105164],"class_list":["post-53321","post","type-post","status-publish","format-standard","hentry","category-derecho-privado","category-rey-juan-carlos","tag-armando-torrent-ruiz","tag-fernandez-martin-mario-j","tag-franch-meneu-jose-juan","tag-javier-aranzadi-del-cerro","tag-jesus-huerta-de-soto-ballester","tag-oscar-vara-crespo"],"_links":{"self":[{"href":"https:\/\/www.deberes.net\/tesis\/wp-json\/wp\/v2\/posts\/53321","targetHints":{"allow":["GET"]}}],"collection":[{"href":"https:\/\/www.deberes.net\/tesis\/wp-json\/wp\/v2\/posts"}],"about":[{"href":"https:\/\/www.deberes.net\/tesis\/wp-json\/wp\/v2\/types\/post"}],"author":[{"embeddable":true,"href":"https:\/\/www.deberes.net\/tesis\/wp-json\/wp\/v2\/users\/1"}],"replies":[{"embeddable":true,"href":"https:\/\/www.deberes.net\/tesis\/wp-json\/wp\/v2\/comments?post=53321"}],"version-history":[{"count":0,"href":"https:\/\/www.deberes.net\/tesis\/wp-json\/wp\/v2\/posts\/53321\/revisions"}],"wp:attachment":[{"href":"https:\/\/www.deberes.net\/tesis\/wp-json\/wp\/v2\/media?parent=53321"}],"wp:term":[{"taxonomy":"category","embeddable":true,"href":"https:\/\/www.deberes.net\/tesis\/wp-json\/wp\/v2\/categories?post=53321"},{"taxonomy":"post_tag","embeddable":true,"href":"https:\/\/www.deberes.net\/tesis\/wp-json\/wp\/v2\/tags?post=53321"}],"curies":[{"name":"wp","href":"https:\/\/api.w.org\/{rel}","templated":true}]}}