{"id":53340,"date":"2018-03-09T22:41:00","date_gmt":"2018-03-09T22:41:00","guid":{"rendered":"https:\/\/www.deberes.net\/tesis\/sin-categoria\/la-esclavitud-en-valencia-durante-la-baja-edad-media-1375-1425\/"},"modified":"2018-03-09T22:41:00","modified_gmt":"2018-03-09T22:41:00","slug":"la-esclavitud-en-valencia-durante-la-baja-edad-media-1375-1425","status":"publish","type":"post","link":"https:\/\/www.deberes.net\/tesis\/historia\/la-esclavitud-en-valencia-durante-la-baja-edad-media-1375-1425\/","title":{"rendered":"La esclavitud en Valencia durante la baja edad media (1375 &#8211; 1425)"},"content":{"rendered":"<h2>Tesis doctoral de <strong>  Marzal Palacios Francisco Javier <\/strong><\/h2>\n<p>La tesis estudia el fen\u00f3meno esclavista en la ciudad de Valencia, en la cronolog\u00eda se\u00f1alada, desde las perspectivas econ\u00f3mica y social.  se emplea bibliograf\u00eda espec\u00edfica de la esclavitud, en Valencia y en otros \u00e1mbitos geogr\u00e1ficos, y tambi\u00e9n bibliograf\u00eda referente a la Valencia bajomedieval en t\u00e9rminos generales. En cuanto a la documentaci\u00f3n, se recurre a la notarial, la judicial, la de bail\u00eda general y la municipal, en todos los casos de archivos Valencianos.  con respecto a los contenidos, se analiza el suministro, con un papel b\u00e1sico de la trata y del corso; el colectivo esclavo, con presencia de hombres y de mujeres, y en el que priman los elementos orientales y sarracenos; diferentes aspectos econ\u00f3micos, como el mercado, la propiedad, el trabajo, el precio o la redistribuci\u00f3n; sociales, como las relaciones entre libres y esclavos; y la libertad, en concreto lo que la misma supone, las diferentes v\u00edas para alcanzarla y la poblaci\u00f3n liberta.  como conclusiones, se se\u00f1ala el car\u00e1cter laboral de la esclavitud, pues los esclavos ante todo eran dedicados a la prestaci\u00f3n de servicios laborales (y de su mayor o menor demanda como trabajadores se deriva su mayor o menor presencia), as\u00ed como el que nos encontramos ante una esclavitud de relaci\u00f3n, pues los contactos entre libres y esclavos eran, en el cerrado \u00e1mbito urbano, inevitables, si bien esos contactos no se planteaban en un plano de igualdad. del mismo modo, nos encontramos con una esclavitud caracterizada por la diversidad (en formas de suministro, tipolog\u00eda de esclavos o trabajos desempe\u00f1ados), lo que rompe la imagen que de ella se ten\u00eda hasta ahora. Tambi\u00e9n por ser una esclavitud en crecimiento, pues el fen\u00f3meno era en 1425 m\u00e1s importante que en 1375. Y como tercera caracter\u00edstica, una esclavitud de limitadas proporciones si la comparamos con la de otras geograf\u00edas, y, sobre todo, con la de la propia Valencia de finales del siglo xv y principios del<\/p>\n<p>&nbsp;<\/p>\n<h3>Datos acad\u00e9micos de la tesis doctoral \u00ab<strong>La esclavitud en Valencia durante la baja edad media (1375 &#8211; 1425)<\/strong>\u00ab<\/h3>\n<ul>\n<li><strong>T\u00edtulo de la tesis:<\/strong>\u00a0 La esclavitud en Valencia durante la baja edad media (1375 &#8211; 1425) <\/li>\n<li><strong>Autor:<\/strong>\u00a0  Marzal Palacios Francisco Javier <\/li>\n<li><strong>Universidad:<\/strong>\u00a0 Universitat de val\u00e9ncia (estudi general)<\/li>\n<li><strong>Fecha de lectura de la tesis:<\/strong>\u00a0 22\/06\/2006<\/li>\n<\/ul>\n<p>&nbsp;<\/p>\n<h3>Direcci\u00f3n y tribunal<\/h3>\n<ul>\n<li><strong>Director de la tesis<\/strong>\n<ul>\n<li>Francisco Paulino Iradiel Murugarren<\/li>\n<\/ul>\n<\/li>\n<li><strong>Tribunal<\/strong>\n<ul>\n<li>Presidente del tribunal: M\u00aa teresa Ferrer i mallol <\/li>\n<li>Jos\u00e9 Hinojosa montalvo (vocal)<\/li>\n<li>alfonso Franco silva (vocal)<\/li>\n<li>antoni Furio diego (vocal)<\/li>\n<\/ul>\n<\/li>\n<\/ul>\n<p>&nbsp;<\/p>\n","protected":false},"excerpt":{"rendered":"<p>Tesis doctoral de Marzal Palacios Francisco Javier La tesis estudia el fen\u00f3meno esclavista en la ciudad de Valencia, en la [&hellip;]<\/p>\n","protected":false},"author":1,"featured_media":0,"comment_status":"open","ping_status":"open","sticky":false,"template":"","format":"standard","meta":{"site-sidebar-layout":"default","site-content-layout":"","ast-site-content-layout":"","site-content-style":"default","site-sidebar-style":"default","ast-global-header-display":"","ast-banner-title-visibility":"","ast-main-header-display":"","ast-hfb-above-header-display":"","ast-hfb-below-header-display":"","ast-hfb-mobile-header-display":"","site-post-title":"","ast-breadcrumbs-content":"","ast-featured-img":"","footer-sml-layout":"","theme-transparent-header-meta":"","adv-header-id-meta":"","stick-header-meta":"","header-above-stick-meta":"","header-main-stick-meta":"","header-below-stick-meta":"","astra-migrate-meta-layouts":"default","ast-page-background-enabled":"default","ast-page-background-meta":{"desktop":{"background-color":"var(--ast-global-color-4)","background-image":"","background-repeat":"repeat","background-position":"center center","background-size":"auto","background-attachment":"scroll","background-type":"","background-media":"","overlay-type":"","overlay-color":"","overlay-gradient":""},"tablet":{"background-color":"","background-image":"","background-repeat":"repeat","background-position":"center center","background-size":"auto","background-attachment":"scroll","background-type":"","background-media":"","overlay-type":"","overlay-color":"","overlay-gradient":""},"mobile":{"background-color":"","background-image":"","background-repeat":"repeat","background-position":"center center","background-size":"auto","background-attachment":"scroll","background-type":"","background-media":"","overlay-type":"","overlay-color":"","overlay-gradient":""}},"ast-content-background-meta":{"desktop":{"background-color":"var(--ast-global-color-5)","background-image":"","background-repeat":"repeat","background-position":"center center","background-size":"auto","background-attachment":"scroll","background-type":"","background-media":"","overlay-type":"","overlay-color":"","overlay-gradient":""},"tablet":{"background-color":"var(--ast-global-color-5)","background-image":"","background-repeat":"repeat","background-position":"center center","background-size":"auto","background-attachment":"scroll","background-type":"","background-media":"","overlay-type":"","overlay-color":"","overlay-gradient":""},"mobile":{"background-color":"var(--ast-global-color-5)","background-image":"","background-repeat":"repeat","background-position":"center center","background-size":"auto","background-attachment":"scroll","background-type":"","background-media":"","overlay-type":"","overlay-color":"","overlay-gradient":""}},"footnotes":""},"categories":[104,119,220],"tags":[1749,11713,8493,27358,117718,33119],"class_list":["post-53340","post","type-post","status-publish","format-standard","hentry","category-historia","category-historia-medieval","category-historia-por-epocas","tag-alfonso-franco-silva","tag-antoni-furio-diego","tag-francisco-paulino-iradiel-murugarren","tag-jose-hinojosa-montalvo","tag-marzal-palacios-francisco-javier","tag-ma-teresa-ferrer-i-mallol"],"_links":{"self":[{"href":"https:\/\/www.deberes.net\/tesis\/wp-json\/wp\/v2\/posts\/53340","targetHints":{"allow":["GET"]}}],"collection":[{"href":"https:\/\/www.deberes.net\/tesis\/wp-json\/wp\/v2\/posts"}],"about":[{"href":"https:\/\/www.deberes.net\/tesis\/wp-json\/wp\/v2\/types\/post"}],"author":[{"embeddable":true,"href":"https:\/\/www.deberes.net\/tesis\/wp-json\/wp\/v2\/users\/1"}],"replies":[{"embeddable":true,"href":"https:\/\/www.deberes.net\/tesis\/wp-json\/wp\/v2\/comments?post=53340"}],"version-history":[{"count":0,"href":"https:\/\/www.deberes.net\/tesis\/wp-json\/wp\/v2\/posts\/53340\/revisions"}],"wp:attachment":[{"href":"https:\/\/www.deberes.net\/tesis\/wp-json\/wp\/v2\/media?parent=53340"}],"wp:term":[{"taxonomy":"category","embeddable":true,"href":"https:\/\/www.deberes.net\/tesis\/wp-json\/wp\/v2\/categories?post=53340"},{"taxonomy":"post_tag","embeddable":true,"href":"https:\/\/www.deberes.net\/tesis\/wp-json\/wp\/v2\/tags?post=53340"}],"curies":[{"name":"wp","href":"https:\/\/api.w.org\/{rel}","templated":true}]}}