{"id":53411,"date":"2018-03-09T22:41:04","date_gmt":"2018-03-09T22:41:04","guid":{"rendered":"https:\/\/www.deberes.net\/tesis\/sin-categoria\/territorios-usos-sociales-y-percepciones-en-un-espacio-natural-protegido\/"},"modified":"2018-03-09T22:41:04","modified_gmt":"2018-03-09T22:41:04","slug":"territorios-usos-sociales-y-percepciones-en-un-espacio-natural-protegido","status":"publish","type":"post","link":"https:\/\/www.deberes.net\/tesis\/antropologia-social\/territorios-usos-sociales-y-percepciones-en-un-espacio-natural-protegido\/","title":{"rendered":"Territorios, usos sociales y percepciones en un espacio natural protegido"},"content":{"rendered":"<h2>Tesis doctoral de <strong> Agust\u00edn Coca P\u00e9rez <\/strong><\/h2>\n<p>Las siguientes p\u00e1ginas se acercan a las pr\u00e1cticas, percepciones y representaciones de los colectivos agrarios vinculados con un espacio natural protegido. En concreto se analizan las distintas relaciones que tuvieron en los \u00faltimos sesenta a\u00f1os, con los territorios circunscritos al t\u00e9rmino municipal de alcal\u00e1 de los gazules englobados actualmente en el parque natural los alcornocales. Se analizan los procesos de apropiaci\u00f3n con los recursos, la interacci\u00f3n social entre los distintos miembros de los colectivos agrarios as\u00ed como sus valoraciones, interpretaciones y representaciones que tienen de la realidad.<\/p>\n<p>&nbsp;<\/p>\n<h3>Datos acad\u00e9micos de la tesis doctoral \u00ab<strong>Territorios, usos sociales y percepciones en un espacio natural protegido<\/strong>\u00ab<\/h3>\n<ul>\n<li><strong>T\u00edtulo de la tesis:<\/strong>\u00a0 Territorios, usos sociales y percepciones en un espacio natural protegido <\/li>\n<li><strong>Autor:<\/strong>\u00a0 Agust\u00edn Coca P\u00e9rez <\/li>\n<li><strong>Universidad:<\/strong>\u00a0 Pablo de olavide<\/li>\n<li><strong>Fecha de lectura de la tesis:<\/strong>\u00a0 23\/06\/2006<\/li>\n<\/ul>\n<p>&nbsp;<\/p>\n<h3>Direcci\u00f3n y tribunal<\/h3>\n<ul>\n<li><strong>Director de la tesis<\/strong>\n<ul>\n<li>Javier Escalera Reyes<\/li>\n<\/ul>\n<\/li>\n<li><strong>Tribunal<\/strong>\n<ul>\n<li>Presidente del tribunal: ra\u00fal Iturra redondo <\/li>\n<li>Francisco Alburquerque llorens (vocal)<\/li>\n<li> Pascual fern\u00e1ndez Jos\u00e9 Jaime (vocal)<\/li>\n<li>f\u00e9lix Talego v\u00e1zquez (vocal)<\/li>\n<\/ul>\n<\/li>\n<\/ul>\n<p>&nbsp;<\/p>\n","protected":false},"excerpt":{"rendered":"<p>Tesis doctoral de Agust\u00edn Coca P\u00e9rez Las siguientes p\u00e1ginas se acercan a las pr\u00e1cticas, percepciones y representaciones de los colectivos [&hellip;]<\/p>\n","protected":false},"author":1,"featured_media":0,"comment_status":"open","ping_status":"open","sticky":false,"template":"","format":"standard","meta":{"site-sidebar-layout":"default","site-content-layout":"","ast-site-content-layout":"","site-content-style":"default","site-sidebar-style":"default","ast-global-header-display":"","ast-banner-title-visibility":"","ast-main-header-display":"","ast-hfb-above-header-display":"","ast-hfb-below-header-display":"","ast-hfb-mobile-header-display":"","site-post-title":"","ast-breadcrumbs-content":"","ast-featured-img":"","footer-sml-layout":"","theme-transparent-header-meta":"","adv-header-id-meta":"","stick-header-meta":"","header-above-stick-meta":"","header-main-stick-meta":"","header-below-stick-meta":"","astra-migrate-meta-layouts":"default","ast-page-background-enabled":"default","ast-page-background-meta":{"desktop":{"background-color":"var(--ast-global-color-4)","background-image":"","background-repeat":"repeat","background-position":"center center","background-size":"auto","background-attachment":"scroll","background-type":"","background-media":"","overlay-type":"","overlay-color":"","overlay-gradient":""},"tablet":{"background-color":"","background-image":"","background-repeat":"repeat","background-position":"center center","background-size":"auto","background-attachment":"scroll","background-type":"","background-media":"","overlay-type":"","overlay-color":"","overlay-gradient":""},"mobile":{"background-color":"","background-image":"","background-repeat":"repeat","background-position":"center center","background-size":"auto","background-attachment":"scroll","background-type":"","background-media":"","overlay-type":"","overlay-color":"","overlay-gradient":""}},"ast-content-background-meta":{"desktop":{"background-color":"var(--ast-global-color-5)","background-image":"","background-repeat":"repeat","background-position":"center center","background-size":"auto","background-attachment":"scroll","background-type":"","background-media":"","overlay-type":"","overlay-color":"","overlay-gradient":""},"tablet":{"background-color":"var(--ast-global-color-5)","background-image":"","background-repeat":"repeat","background-position":"center center","background-size":"auto","background-attachment":"scroll","background-type":"","background-media":"","overlay-type":"","overlay-color":"","overlay-gradient":""},"mobile":{"background-color":"var(--ast-global-color-5)","background-image":"","background-repeat":"repeat","background-position":"center center","background-size":"auto","background-attachment":"scroll","background-type":"","background-media":"","overlay-type":"","overlay-color":"","overlay-gradient":""}},"footnotes":""},"categories":[39037,2720,37286],"tags":[117869,68028,2318,33733,117870,3998],"class_list":["post-53411","post","type-post","status-publish","format-standard","hentry","category-agricultura-tradicional","category-antropologia-social","category-pablo-de-olavide","tag-agustin-coca-perez","tag-felix-talego-vazquez","tag-francisco-alburquerque-llorens","tag-javier-escalera-reyes","tag-pascual-fernandez-jose-jaime","tag-raul-iturra-redondo"],"_links":{"self":[{"href":"https:\/\/www.deberes.net\/tesis\/wp-json\/wp\/v2\/posts\/53411","targetHints":{"allow":["GET"]}}],"collection":[{"href":"https:\/\/www.deberes.net\/tesis\/wp-json\/wp\/v2\/posts"}],"about":[{"href":"https:\/\/www.deberes.net\/tesis\/wp-json\/wp\/v2\/types\/post"}],"author":[{"embeddable":true,"href":"https:\/\/www.deberes.net\/tesis\/wp-json\/wp\/v2\/users\/1"}],"replies":[{"embeddable":true,"href":"https:\/\/www.deberes.net\/tesis\/wp-json\/wp\/v2\/comments?post=53411"}],"version-history":[{"count":0,"href":"https:\/\/www.deberes.net\/tesis\/wp-json\/wp\/v2\/posts\/53411\/revisions"}],"wp:attachment":[{"href":"https:\/\/www.deberes.net\/tesis\/wp-json\/wp\/v2\/media?parent=53411"}],"wp:term":[{"taxonomy":"category","embeddable":true,"href":"https:\/\/www.deberes.net\/tesis\/wp-json\/wp\/v2\/categories?post=53411"},{"taxonomy":"post_tag","embeddable":true,"href":"https:\/\/www.deberes.net\/tesis\/wp-json\/wp\/v2\/tags?post=53411"}],"curies":[{"name":"wp","href":"https:\/\/api.w.org\/{rel}","templated":true}]}}