{"id":53460,"date":"2018-03-09T22:41:08","date_gmt":"2018-03-09T22:41:08","guid":{"rendered":"https:\/\/www.deberes.net\/tesis\/sin-categoria\/efectos-de-la-intervencion-psicologica-en-el-deterioro-cognitivo-de-ancianos-residencializados\/"},"modified":"2018-03-09T22:41:08","modified_gmt":"2018-03-09T22:41:08","slug":"efectos-de-la-intervencion-psicologica-en-el-deterioro-cognitivo-de-ancianos-residencializados","status":"publish","type":"post","link":"https:\/\/www.deberes.net\/tesis\/psicologia-geriatrica\/efectos-de-la-intervencion-psicologica-en-el-deterioro-cognitivo-de-ancianos-residencializados\/","title":{"rendered":"Efectos de la intervenci\u00f3n psicol\u00f3gica en el deterioro cognitivo de ancianos residencializados"},"content":{"rendered":"<h2>Tesis doctoral de <strong> Unai Diaz Orueta <\/strong><\/h2>\n<p>El aumento de la esperanza de vida en nuestra cultura y el consiguiente aumento del porcentaje de personas englobadas en lo que se denomina tercera edad ha conllevado un incremento de la preValencia de patolog\u00edas asociadas al proceso de envejecimiento. En este sentido, cada vez se hacen m\u00e1s necesarias propuestas de intervenci\u00f3n multidisciplinar en el abordaje integral de estas enfermedades. la presente tesis doctoral es una aportaci\u00f3n desde el \u00e1mbito de la psicolog\u00eda, m\u00e1s concretamente desde el marco de la neuropsicolog\u00eda cognitva, que toma en consideraci\u00f3n el deterioro cognitivo en la tercera edad como el factor com\u00fan de las principales enfermedades neurodegenerativas ligadas a la vejez, y la necesidad de enfoques o programas que prevengan y\/o retrasen su instauraci\u00f3n y desarrollo en las personas ancianas. para ello, el objetivo general de la presente investigaci\u00f3n ha sido el desarrollo y aplicaci\u00f3n de un programa de estimulaci\u00f3n cognitiva (denominado \u00abgimnasia de la memoria\u00bb) para mantener y\/o mejorar las funciones cognitivas de hombres y mujeres residencializados mayores de 65 a\u00f1os con s\u00edntomas de deterioro cognitivo de la residencia de la loma, s\u00e1mano, castro-urdiales (cantabria). Las hip\u00f3tesis consisten en que las personas con deterioro cognitivo, tratadas mediante el programa de estimulaci\u00f3n \u00abgimnasia de la memoria\u00bb, mantienen y\/o mejoran su rendimiento cognitivo, m\u00e1s que aquellas personas que no han sido tratadas, tanto en su funcionamiento cognitivo global como en diversas funciones cognitivas espec\u00edficas. con esta finalidad, se ha dividido  la muestra en dos grupos (grupo experimental y grupo control en espera). Tras la evaluaci\u00f3n pretratamiento en ambos grupos, se ha realizado la intervenci\u00f3n mediante la aplicaci\u00f3n del programa \u00abgimnasia de la memoria\u00bb con el grupo experimental, finalizando con la pertinente evaluaci\u00f3n postratamiento. el an\u00e1lisis estad\u00edstico de los resultados obtenidos muestra que las personas intervenidas me<\/p>\n<p>&nbsp;<\/p>\n<h3>Datos acad\u00e9micos de la tesis doctoral \u00ab<strong>Efectos de la intervenci\u00f3n psicol\u00f3gica en el deterioro cognitivo de ancianos residencializados<\/strong>\u00ab<\/h3>\n<ul>\n<li><strong>T\u00edtulo de la tesis:<\/strong>\u00a0 Efectos de la intervenci\u00f3n psicol\u00f3gica en el deterioro cognitivo de ancianos residencializados <\/li>\n<li><strong>Autor:<\/strong>\u00a0 Unai Diaz Orueta <\/li>\n<li><strong>Universidad:<\/strong>\u00a0 Deusto<\/li>\n<li><strong>Fecha de lectura de la tesis:<\/strong>\u00a0 26\/06\/2006<\/li>\n<\/ul>\n<p>&nbsp;<\/p>\n<h3>Direcci\u00f3n y tribunal<\/h3>\n<ul>\n<li><strong>Director de la tesis<\/strong>\n<ul>\n<li>Bego\u00f1a Matellanes Febrero<\/li>\n<\/ul>\n<\/li>\n<li><strong>Tribunal<\/strong>\n<ul>\n<li>Presidente del tribunal: concepci\u00f3n San Luis costas <\/li>\n<li>julio Serrano vitores (vocal)<\/li>\n<li> Borges del rosal africa (vocal)<\/li>\n<li>Luis De nicolas Martinez (vocal)<\/li>\n<\/ul>\n<\/li>\n<\/ul>\n<p>&nbsp;<\/p>\n","protected":false},"excerpt":{"rendered":"<p>Tesis doctoral de Unai Diaz Orueta El aumento de la esperanza de vida en nuestra cultura y el consiguiente aumento [&hellip;]<\/p>\n","protected":false},"author":1,"featured_media":0,"comment_status":"open","ping_status":"open","sticky":false,"template":"","format":"standard","meta":{"site-sidebar-layout":"default","site-content-layout":"","ast-site-content-layout":"","site-content-style":"default","site-sidebar-style":"default","ast-global-header-display":"","ast-banner-title-visibility":"","ast-main-header-display":"","ast-hfb-above-header-display":"","ast-hfb-below-header-display":"","ast-hfb-mobile-header-display":"","site-post-title":"","ast-breadcrumbs-content":"","ast-featured-img":"","footer-sml-layout":"","theme-transparent-header-meta":"","adv-header-id-meta":"","stick-header-meta":"","header-above-stick-meta":"","header-main-stick-meta":"","header-below-stick-meta":"","astra-migrate-meta-layouts":"default","ast-page-background-enabled":"default","ast-page-background-meta":{"desktop":{"background-color":"var(--ast-global-color-4)","background-image":"","background-repeat":"repeat","background-position":"center center","background-size":"auto","background-attachment":"scroll","background-type":"","background-media":"","overlay-type":"","overlay-color":"","overlay-gradient":""},"tablet":{"background-color":"","background-image":"","background-repeat":"repeat","background-position":"center center","background-size":"auto","background-attachment":"scroll","background-type":"","background-media":"","overlay-type":"","overlay-color":"","overlay-gradient":""},"mobile":{"background-color":"","background-image":"","background-repeat":"repeat","background-position":"center center","background-size":"auto","background-attachment":"scroll","background-type":"","background-media":"","overlay-type":"","overlay-color":"","overlay-gradient":""}},"ast-content-background-meta":{"desktop":{"background-color":"var(--ast-global-color-5)","background-image":"","background-repeat":"repeat","background-position":"center center","background-size":"auto","background-attachment":"scroll","background-type":"","background-media":"","overlay-type":"","overlay-color":"","overlay-gradient":""},"tablet":{"background-color":"var(--ast-global-color-5)","background-image":"","background-repeat":"repeat","background-position":"center center","background-size":"auto","background-attachment":"scroll","background-type":"","background-media":"","overlay-type":"","overlay-color":"","overlay-gradient":""},"mobile":{"background-color":"var(--ast-global-color-5)","background-image":"","background-repeat":"repeat","background-position":"center center","background-size":"auto","background-attachment":"scroll","background-type":"","background-media":"","overlay-type":"","overlay-color":"","overlay-gradient":""}},"footnotes":""},"categories":[31910,22157,7302,5774,11267],"tags":[43021,43020,64506,31921,28091,117981],"class_list":["post-53460","post","type-post","status-publish","format-standard","hentry","category-deusto","category-diseno-de-experimentos-psicologicos","category-procesos-cognitivos","category-psicologia-geriatrica","category-rehabilitacion-psicologica","tag-begona-matellanes-febrero","tag-borges-del-rosal-africa","tag-concepcion-san-luis-costas","tag-julio-serrano-vitores","tag-luis-de-nicolas-Martinez","tag-unai-diaz-orueta"],"_links":{"self":[{"href":"https:\/\/www.deberes.net\/tesis\/wp-json\/wp\/v2\/posts\/53460","targetHints":{"allow":["GET"]}}],"collection":[{"href":"https:\/\/www.deberes.net\/tesis\/wp-json\/wp\/v2\/posts"}],"about":[{"href":"https:\/\/www.deberes.net\/tesis\/wp-json\/wp\/v2\/types\/post"}],"author":[{"embeddable":true,"href":"https:\/\/www.deberes.net\/tesis\/wp-json\/wp\/v2\/users\/1"}],"replies":[{"embeddable":true,"href":"https:\/\/www.deberes.net\/tesis\/wp-json\/wp\/v2\/comments?post=53460"}],"version-history":[{"count":0,"href":"https:\/\/www.deberes.net\/tesis\/wp-json\/wp\/v2\/posts\/53460\/revisions"}],"wp:attachment":[{"href":"https:\/\/www.deberes.net\/tesis\/wp-json\/wp\/v2\/media?parent=53460"}],"wp:term":[{"taxonomy":"category","embeddable":true,"href":"https:\/\/www.deberes.net\/tesis\/wp-json\/wp\/v2\/categories?post=53460"},{"taxonomy":"post_tag","embeddable":true,"href":"https:\/\/www.deberes.net\/tesis\/wp-json\/wp\/v2\/tags?post=53460"}],"curies":[{"name":"wp","href":"https:\/\/api.w.org\/{rel}","templated":true}]}}