{"id":53503,"date":"2018-03-09T22:41:12","date_gmt":"2018-03-09T22:41:12","guid":{"rendered":"https:\/\/www.deberes.net\/tesis\/sin-categoria\/entre-el-estado-y-la-provincia\/"},"modified":"2018-03-09T22:41:12","modified_gmt":"2018-03-09T22:41:12","slug":"entre-el-estado-y-la-provincia","status":"publish","type":"post","link":"https:\/\/www.deberes.net\/tesis\/historia\/entre-el-estado-y-la-provincia\/","title":{"rendered":"Entre el estado y la provincia."},"content":{"rendered":"<h2>Tesis doctoral de <strong>  Villaluenga Ruiz De Infante Jaime <\/strong><\/h2>\n<p>La presente tesis, enmarcada entre los a\u00f1os 1840 y 1875 que corresponden al per\u00edodo comprendido entre la primera y segunda guerras carlistas, hace referencia a las relaciones dial\u00e9cticas mantenidas de manera triangular entre el estado, la sprovincias vascas y los municipios de las que necesriametne surgi\u00f3 un nuevo reparto de poder.     en nuestro caso, hemos realizado tres niveles de aproximaci\u00f3n. En primer lugar se ha tenido en cuanta la situaci\u00f3n pol\u00edtica del pa\u00eds, posteriormente hemos analizado la evoluci\u00f3n del se\u00f1or\u00edo de vizcaya y, en \u00faltimo lugar, hemos querido comprobar c\u00f3mo afectaron las directrices estatales y provincias a dos ayuntamientos de laa margen izquierda del nervi\u00f3n: portugalete y baracaldo.     consideramos ambos municipios claramente paradigm\u00e1ticos de la situaic\u00f3n que estaba viviendo la provincia puesto que portugalete, villa situada en la bocana de la r\u00eda, basada su econom\u00eda principalmente en el sector terciario, mientras que baracaldo, en su calidad de anteiglesia, sabacab asus ingresos de la agricultura los cuales, en ciertas \u00e9pocas del a\u00f1o, se ve\u00edan complementados con los productos procedentes de la extracci\u00f3n del mineral de los montes de triano y de su acarreo hasta los puertos de embarque.<\/p>\n<p>&nbsp;<\/p>\n<h3>Datos acad\u00e9micos de la tesis doctoral \u00ab<strong>Entre el estado y la provincia.<\/strong>\u00ab<\/h3>\n<ul>\n<li><strong>T\u00edtulo de la tesis:<\/strong>\u00a0 Entre el estado y la provincia. <\/li>\n<li><strong>Autor:<\/strong>\u00a0  Villaluenga Ruiz De Infante Jaime <\/li>\n<li><strong>Universidad:<\/strong>\u00a0 Pa\u00eds vasco\/euskal herriko unibertsitatea<\/li>\n<li><strong>Fecha de lectura de la tesis:<\/strong>\u00a0 27\/06\/2006<\/li>\n<\/ul>\n<p>&nbsp;<\/p>\n<h3>Direcci\u00f3n y tribunal<\/h3>\n<ul>\n<li><strong>Director de la tesis<\/strong>\n<ul>\n<li>Jos\u00e9 Gregorio Urruticoechea Lizarraga<\/li>\n<\/ul>\n<\/li>\n<li><strong>Tribunal<\/strong>\n<ul>\n<li>Presidente del tribunal: manuel Gonzalez portilla <\/li>\n<li>Rafael Mieza mieg (vocal)<\/li>\n<li>Juan  cristobal Gay armenteros (vocal)<\/li>\n<li>angel Garcia sanz marcotegui (vocal)<\/li>\n<\/ul>\n<\/li>\n<\/ul>\n<p>&nbsp;<\/p>\n","protected":false},"excerpt":{"rendered":"<p>Tesis doctoral de Villaluenga Ruiz De Infante Jaime La presente tesis, enmarcada entre los a\u00f1os 1840 y 1875 que corresponden [&hellip;]<\/p>\n","protected":false},"author":1,"featured_media":0,"comment_status":"open","ping_status":"open","sticky":false,"template":"","format":"standard","meta":{"site-sidebar-layout":"default","site-content-layout":"","ast-site-content-layout":"","site-content-style":"default","site-sidebar-style":"default","ast-global-header-display":"","ast-banner-title-visibility":"","ast-main-header-display":"","ast-hfb-above-header-display":"","ast-hfb-below-header-display":"","ast-hfb-mobile-header-display":"","site-post-title":"","ast-breadcrumbs-content":"","ast-featured-img":"","footer-sml-layout":"","theme-transparent-header-meta":"","adv-header-id-meta":"","stick-header-meta":"","header-above-stick-meta":"","header-main-stick-meta":"","header-below-stick-meta":"","astra-migrate-meta-layouts":"default","ast-page-background-enabled":"default","ast-page-background-meta":{"desktop":{"background-color":"var(--ast-global-color-4)","background-image":"","background-repeat":"repeat","background-position":"center center","background-size":"auto","background-attachment":"scroll","background-type":"","background-media":"","overlay-type":"","overlay-color":"","overlay-gradient":""},"tablet":{"background-color":"","background-image":"","background-repeat":"repeat","background-position":"center center","background-size":"auto","background-attachment":"scroll","background-type":"","background-media":"","overlay-type":"","overlay-color":"","overlay-gradient":""},"mobile":{"background-color":"","background-image":"","background-repeat":"repeat","background-position":"center center","background-size":"auto","background-attachment":"scroll","background-type":"","background-media":"","overlay-type":"","overlay-color":"","overlay-gradient":""}},"ast-content-background-meta":{"desktop":{"background-color":"var(--ast-global-color-5)","background-image":"","background-repeat":"repeat","background-position":"center center","background-size":"auto","background-attachment":"scroll","background-type":"","background-media":"","overlay-type":"","overlay-color":"","overlay-gradient":""},"tablet":{"background-color":"var(--ast-global-color-5)","background-image":"","background-repeat":"repeat","background-position":"center center","background-size":"auto","background-attachment":"scroll","background-type":"","background-media":"","overlay-type":"","overlay-color":"","overlay-gradient":""},"mobile":{"background-color":"var(--ast-global-color-5)","background-image":"","background-repeat":"repeat","background-position":"center center","background-size":"auto","background-attachment":"scroll","background-type":"","background-media":"","overlay-type":"","overlay-color":"","overlay-gradient":""}},"footnotes":""},"categories":[104,1816,2224,12909],"tags":[13094,39787,3544,3996,39785,118082],"class_list":["post-53503","post","type-post","status-publish","format-standard","hentry","category-historia","category-historia-contemporanea","category-historia-local","category-pais-vasco-euskal-herriko-unibertsitatea","tag-angel-garcia-sanz-marcotegui","tag-jose-gregorio-urruticoechea-lizarraga","tag-juan-cristobal-gay-armenteros","tag-manuel-gonzalez-portilla","tag-rafael-mieza-mieg","tag-villaluenga-ruiz-de-infante-jaime"],"_links":{"self":[{"href":"https:\/\/www.deberes.net\/tesis\/wp-json\/wp\/v2\/posts\/53503","targetHints":{"allow":["GET"]}}],"collection":[{"href":"https:\/\/www.deberes.net\/tesis\/wp-json\/wp\/v2\/posts"}],"about":[{"href":"https:\/\/www.deberes.net\/tesis\/wp-json\/wp\/v2\/types\/post"}],"author":[{"embeddable":true,"href":"https:\/\/www.deberes.net\/tesis\/wp-json\/wp\/v2\/users\/1"}],"replies":[{"embeddable":true,"href":"https:\/\/www.deberes.net\/tesis\/wp-json\/wp\/v2\/comments?post=53503"}],"version-history":[{"count":0,"href":"https:\/\/www.deberes.net\/tesis\/wp-json\/wp\/v2\/posts\/53503\/revisions"}],"wp:attachment":[{"href":"https:\/\/www.deberes.net\/tesis\/wp-json\/wp\/v2\/media?parent=53503"}],"wp:term":[{"taxonomy":"category","embeddable":true,"href":"https:\/\/www.deberes.net\/tesis\/wp-json\/wp\/v2\/categories?post=53503"},{"taxonomy":"post_tag","embeddable":true,"href":"https:\/\/www.deberes.net\/tesis\/wp-json\/wp\/v2\/tags?post=53503"}],"curies":[{"name":"wp","href":"https:\/\/api.w.org\/{rel}","templated":true}]}}