{"id":53526,"date":"2018-03-09T22:41:12","date_gmt":"2018-03-09T22:41:12","guid":{"rendered":"https:\/\/www.deberes.net\/tesis\/sin-categoria\/didactica-musical-para-saxofon-en-grado-elemental-una-propuesta-de-ensenanza-aprendizaje\/"},"modified":"2018-03-09T22:41:12","modified_gmt":"2018-03-09T22:41:12","slug":"didactica-musical-para-saxofon-en-grado-elemental-una-propuesta-de-ensenanza-aprendizaje","status":"publish","type":"post","link":"https:\/\/www.deberes.net\/tesis\/ciencias-de-las-artes-y-las-letras\/didactica-musical-para-saxofon-en-grado-elemental-una-propuesta-de-ensenanza-aprendizaje\/","title":{"rendered":"Did\u00e1ctica musical para saxof\u00f3n en grado elemental: una propuesta de ense\u00f1anza-aprendizaje"},"content":{"rendered":"<h2>Tesis doctoral de <strong> Israel Mira Chorro <\/strong><\/h2>\n<p>La presente investigaci\u00f3n realiza un estudio para conocer la situaci\u00f3n actual de la did\u00e1ctica musical instrumental en la especialidad de saxof\u00f3n en el grado elemental. Posteriormente se realiza una propuesta did\u00e1ctica basada en una programaci\u00f3n, un m\u00e9todo y materiales did\u00e1cticos. Esta propuesta did\u00e1ctica es puesta en puesta en pr\u00e1ctica durante un curso escolar para su posterior evaluaci\u00f3n, con la hip\u00f3tesis de que va a ser valorada positivamente con respecto a la did\u00e1ctica tradicional. Los resultados obtenidos son valorados positivamente por el alumnado y el profesorado participante en el proyecto, destacando especialmente la propuesta metodol\u00f3gica realizada y los materiales did\u00e1cticos confeccionados seg\u00fan la distribuci\u00f3n temporal realizada en la programaci\u00f3n<\/p>\n<p>&nbsp;<\/p>\n<h3>Datos acad\u00e9micos de la tesis doctoral \u00ab<strong>Did\u00e1ctica musical para saxof\u00f3n en grado elemental: una propuesta de ense\u00f1anza-aprendizaje<\/strong>\u00ab<\/h3>\n<ul>\n<li><strong>T\u00edtulo de la tesis:<\/strong>\u00a0 Did\u00e1ctica musical para saxof\u00f3n en grado elemental: una propuesta de ense\u00f1anza-aprendizaje <\/li>\n<li><strong>Autor:<\/strong>\u00a0 Israel Mira Chorro <\/li>\n<li><strong>Universidad:<\/strong>\u00a0 Alicante<\/li>\n<li><strong>Fecha de lectura de la tesis:<\/strong>\u00a0 28\/06\/2006<\/li>\n<\/ul>\n<p>&nbsp;<\/p>\n<h3>Direcci\u00f3n y tribunal<\/h3>\n<ul>\n<li><strong>Director de la tesis<\/strong>\n<ul>\n<li>Mar\u00eda Isabel Vera Mu\u00f1oz<\/li>\n<\/ul>\n<\/li>\n<li><strong>Tribunal<\/strong>\n<ul>\n<li>Presidente del tribunal:  Juan  Luis castej\u00f3n costa <\/li>\n<li>gracia \u00e1lvaro zald\u00edvar (vocal)<\/li>\n<li>Mar\u00eda concepci\u00f3n Dom\u00ednguez garrido (vocal)<\/li>\n<li>misol Edmon elgstrom (vocal)<\/li>\n<\/ul>\n<\/li>\n<\/ul>\n<p>&nbsp;<\/p>\n","protected":false},"excerpt":{"rendered":"<p>Tesis doctoral de Israel Mira Chorro La presente investigaci\u00f3n realiza un estudio para conocer la situaci\u00f3n actual de la did\u00e1ctica [&hellip;]<\/p>\n","protected":false},"author":1,"featured_media":0,"comment_status":"open","ping_status":"open","sticky":false,"template":"","format":"standard","meta":{"site-sidebar-layout":"default","site-content-layout":"","ast-site-content-layout":"","site-content-style":"default","site-sidebar-style":"default","ast-global-header-display":"","ast-banner-title-visibility":"","ast-main-header-display":"","ast-hfb-above-header-display":"","ast-hfb-below-header-display":"","ast-hfb-mobile-header-display":"","site-post-title":"","ast-breadcrumbs-content":"","ast-featured-img":"","footer-sml-layout":"","theme-transparent-header-meta":"","adv-header-id-meta":"","stick-header-meta":"","header-above-stick-meta":"","header-main-stick-meta":"","header-below-stick-meta":"","astra-migrate-meta-layouts":"default","ast-page-background-enabled":"default","ast-page-background-meta":{"desktop":{"background-color":"var(--ast-global-color-4)","background-image":"","background-repeat":"repeat","background-position":"center center","background-size":"auto","background-attachment":"scroll","background-type":"","background-media":"","overlay-type":"","overlay-color":"","overlay-gradient":""},"tablet":{"background-color":"","background-image":"","background-repeat":"repeat","background-position":"center center","background-size":"auto","background-attachment":"scroll","background-type":"","background-media":"","overlay-type":"","overlay-color":"","overlay-gradient":""},"mobile":{"background-color":"","background-image":"","background-repeat":"repeat","background-position":"center center","background-size":"auto","background-attachment":"scroll","background-type":"","background-media":"","overlay-type":"","overlay-color":"","overlay-gradient":""}},"ast-content-background-meta":{"desktop":{"background-color":"var(--ast-global-color-5)","background-image":"","background-repeat":"repeat","background-position":"center center","background-size":"auto","background-attachment":"scroll","background-type":"","background-media":"","overlay-type":"","overlay-color":"","overlay-gradient":""},"tablet":{"background-color":"var(--ast-global-color-5)","background-image":"","background-repeat":"repeat","background-position":"center center","background-size":"auto","background-attachment":"scroll","background-type":"","background-media":"","overlay-type":"","overlay-color":"","overlay-gradient":""},"mobile":{"background-color":"var(--ast-global-color-5)","background-image":"","background-repeat":"repeat","background-position":"center center","background-size":"auto","background-attachment":"scroll","background-type":"","background-media":"","overlay-type":"","overlay-color":"","overlay-gradient":""}},"footnotes":""},"categories":[19166,4262,4264,147,4907,9132,1141,324,1111,1341],"tags":[118143,118141,19437,35511,118142,118144],"class_list":["post-53526","post","type-post","status-publish","format-standard","hentry","category-alicante","category-asesoramiento-y-orientacion-educativas","category-asesoramiento-y-orientacion-psicologicas","category-ciencias-de-las-artes-y-las-letras","category-metodos-audiovisuales-en-pedagogia","category-musica-y-musicologia","category-pedagogia","category-psicologia","category-teoria-analisis-y-critica-de-las-bellas-artes","category-teoria-y-metodos-educativos","tag-gracia-alvaro-zaldivar","tag-israel-mira-chorro","tag-juan-luis-castejon-costa","tag-maria-concepcion-dominguez-garrido","tag-maria-isabel-vera-munoz","tag-misol-edmon-elgstrom"],"_links":{"self":[{"href":"https:\/\/www.deberes.net\/tesis\/wp-json\/wp\/v2\/posts\/53526","targetHints":{"allow":["GET"]}}],"collection":[{"href":"https:\/\/www.deberes.net\/tesis\/wp-json\/wp\/v2\/posts"}],"about":[{"href":"https:\/\/www.deberes.net\/tesis\/wp-json\/wp\/v2\/types\/post"}],"author":[{"embeddable":true,"href":"https:\/\/www.deberes.net\/tesis\/wp-json\/wp\/v2\/users\/1"}],"replies":[{"embeddable":true,"href":"https:\/\/www.deberes.net\/tesis\/wp-json\/wp\/v2\/comments?post=53526"}],"version-history":[{"count":0,"href":"https:\/\/www.deberes.net\/tesis\/wp-json\/wp\/v2\/posts\/53526\/revisions"}],"wp:attachment":[{"href":"https:\/\/www.deberes.net\/tesis\/wp-json\/wp\/v2\/media?parent=53526"}],"wp:term":[{"taxonomy":"category","embeddable":true,"href":"https:\/\/www.deberes.net\/tesis\/wp-json\/wp\/v2\/categories?post=53526"},{"taxonomy":"post_tag","embeddable":true,"href":"https:\/\/www.deberes.net\/tesis\/wp-json\/wp\/v2\/tags?post=53526"}],"curies":[{"name":"wp","href":"https:\/\/api.w.org\/{rel}","templated":true}]}}