{"id":53531,"date":"2018-03-09T22:41:12","date_gmt":"2018-03-09T22:41:12","guid":{"rendered":"https:\/\/www.deberes.net\/tesis\/sin-categoria\/el-componente-afectivo-y-emocional-en-los-libros-de-texto-de-primaria-hacia-una-nueva-pedagoga%c2%ada-de-las-emociones\/"},"modified":"2018-03-09T22:41:12","modified_gmt":"2018-03-09T22:41:12","slug":"el-componente-afectivo-y-emocional-en-los-libros-de-texto-de-primaria-hacia-una-nueva-pedagoga%c2%ada-de-las-emociones","status":"publish","type":"post","link":"https:\/\/www.deberes.net\/tesis\/barcelona\/el-componente-afectivo-y-emocional-en-los-libros-de-texto-de-primaria-hacia-una-nueva-pedagoga%c2%ada-de-las-emociones\/","title":{"rendered":"El componente afectivo y emocional en los libros de texto de primaria. hacia una nueva pedagogia de las emociones"},"content":{"rendered":"<h2>Tesis doctoral de <strong>  R\u00edo Solano M. Luisa <\/strong><\/h2>\n<p>La investigaci\u00f3n se estructura en dos bloques:  marco te\u00f3rico     * revisi\u00f3n conceptual del \u00e1mbito afectivo y emocional con un estudio de las distintas teor\u00edas explicativas en dicho \u00e1mbito y posterior adscripci\u00f3n personal.     se realiza una aproximaci\u00f3n al mundo afectivo y un detenido an\u00e1lisis de las dificultades conceptuales que \u00e9ste presenta. Tambi\u00e9n se trata de buscar un t\u00e9rmino unificador y de adoptar una postura personal frente al mencionada problema.     se efect\u00faa una completa revisi\u00f3n hist\u00f3rica de las teor\u00edas emocionales, desde las \u00abteor\u00edas precient\u00edficas\u00bb hasta las actuales \u00abteor\u00edas postconductistas\u00bb y se finaliza con un posicionamiento personal sobre las mismas.     * estudio y definici\u00f3n del libro de texto y libro escolar.     se lleva a cabo un detallado estudio de estos recursos did\u00e1cticos: descripci\u00f3n, definici\u00f3n, tipolog\u00edas, funciones, valores educativos e inconvenientes.     tambi\u00e9n se analiza el proceso de homologaci\u00f3n o revisi\u00f3n de estos materiales por parte de la administraci\u00f3n competente.  marco experimental. An\u00e1lisis y determinaci\u00f3n de la presencia del componente afectivo y emocional en los objetivos curriculares educativos aplicados  en catalunya a los libros escolares.     a trav\u00e9s de unos indicadores o criterios de elaboraci\u00f3n personal, se verifica la presencia del componente afectivo y emocional. Una \u00abtaxonom\u00eda\u00bb que permite revisar y contabilizar el contenido afectivo de los libros de texto y las gu\u00edas del profesor en las \u00e1reas de \u00ablengua catalana\u00bb y \u00abconeixemente del medi social i cultural\u00bb de primaria, tanto en su parte escrita como en la ic\u00f3nica.     posteriormente se realiza un an\u00e1lisis comparativo del contenido emocional observado en las cuatro editoriales seleccionadas.<\/p>\n<p>&nbsp;<\/p>\n<h3>Datos acad\u00e9micos de la tesis doctoral \u00ab<strong>El componente afectivo y emocional en los libros de texto de primaria. hacia una nueva pedagogia de las emociones<\/strong>\u00ab<\/h3>\n<ul>\n<li><strong>T\u00edtulo de la tesis:<\/strong>\u00a0 El componente afectivo y emocional en los libros de texto de primaria. hacia una nueva pedagogia de las emociones <\/li>\n<li><strong>Autor:<\/strong>\u00a0  R\u00edo Solano M. Luisa <\/li>\n<li><strong>Universidad:<\/strong>\u00a0 Barcelona<\/li>\n<li><strong>Fecha de lectura de la tesis:<\/strong>\u00a0 28\/06\/2006<\/li>\n<\/ul>\n<p>&nbsp;<\/p>\n<h3>Direcci\u00f3n y tribunal<\/h3>\n<ul>\n<li><strong>Director de la tesis<\/strong>\n<ul>\n<li>Antoni Petrus Rotger<\/li>\n<\/ul>\n<\/li>\n<li><strong>Tribunal<\/strong>\n<ul>\n<li>Presidente del tribunal: josep Mar\u00eda Puig rovira <\/li>\n<li>bego\u00f1a Roman maestre (vocal)<\/li>\n<li>Juan Saez carreras (vocal)<\/li>\n<li>Juan a Sanchez gey venegas (vocal)<\/li>\n<\/ul>\n<\/li>\n<\/ul>\n<p>&nbsp;<\/p>\n","protected":false},"excerpt":{"rendered":"<p>Tesis doctoral de R\u00edo Solano M. Luisa La investigaci\u00f3n se estructura en dos bloques: marco te\u00f3rico * revisi\u00f3n conceptual del [&hellip;]<\/p>\n","protected":false},"author":1,"featured_media":0,"comment_status":"open","ping_status":"open","sticky":false,"template":"","format":"standard","meta":{"site-sidebar-layout":"default","site-content-layout":"","ast-site-content-layout":"","site-content-style":"default","site-sidebar-style":"default","ast-global-header-display":"","ast-banner-title-visibility":"","ast-main-header-display":"","ast-hfb-above-header-display":"","ast-hfb-below-header-display":"","ast-hfb-mobile-header-display":"","site-post-title":"","ast-breadcrumbs-content":"","ast-featured-img":"","footer-sml-layout":"","theme-transparent-header-meta":"","adv-header-id-meta":"","stick-header-meta":"","header-above-stick-meta":"","header-main-stick-meta":"","header-below-stick-meta":"","astra-migrate-meta-layouts":"default","ast-page-background-enabled":"default","ast-page-background-meta":{"desktop":{"background-color":"var(--ast-global-color-4)","background-image":"","background-repeat":"repeat","background-position":"center center","background-size":"auto","background-attachment":"scroll","background-type":"","background-media":"","overlay-type":"","overlay-color":"","overlay-gradient":""},"tablet":{"background-color":"","background-image":"","background-repeat":"repeat","background-position":"center center","background-size":"auto","background-attachment":"scroll","background-type":"","background-media":"","overlay-type":"","overlay-color":"","overlay-gradient":""},"mobile":{"background-color":"","background-image":"","background-repeat":"repeat","background-position":"center center","background-size":"auto","background-attachment":"scroll","background-type":"","background-media":"","overlay-type":"","overlay-color":"","overlay-gradient":""}},"ast-content-background-meta":{"desktop":{"background-color":"var(--ast-global-color-5)","background-image":"","background-repeat":"repeat","background-position":"center center","background-size":"auto","background-attachment":"scroll","background-type":"","background-media":"","overlay-type":"","overlay-color":"","overlay-gradient":""},"tablet":{"background-color":"var(--ast-global-color-5)","background-image":"","background-repeat":"repeat","background-position":"center center","background-size":"auto","background-attachment":"scroll","background-type":"","background-media":"","overlay-type":"","overlay-color":"","overlay-gradient":""},"mobile":{"background-color":"var(--ast-global-color-5)","background-image":"","background-repeat":"repeat","background-position":"center center","background-size":"auto","background-attachment":"scroll","background-type":"","background-media":"","overlay-type":"","overlay-color":"","overlay-gradient":""}},"footnotes":""},"categories":[951,5173,2233],"tags":[1290,1060,1343,44192,8687,118153],"class_list":["post-53531","post","type-post","status-publish","format-standard","hentry","category-barcelona","category-metodos-educativos","category-metodos-pedagogicos","tag-antoni-petrus-rotger","tag-begona-roman-maestre","tag-josep-maria-puig-rovira","tag-juan-a-sanchez-gey-venegas","tag-juan-saez-carreras","tag-rio-solano-m-luisa"],"_links":{"self":[{"href":"https:\/\/www.deberes.net\/tesis\/wp-json\/wp\/v2\/posts\/53531","targetHints":{"allow":["GET"]}}],"collection":[{"href":"https:\/\/www.deberes.net\/tesis\/wp-json\/wp\/v2\/posts"}],"about":[{"href":"https:\/\/www.deberes.net\/tesis\/wp-json\/wp\/v2\/types\/post"}],"author":[{"embeddable":true,"href":"https:\/\/www.deberes.net\/tesis\/wp-json\/wp\/v2\/users\/1"}],"replies":[{"embeddable":true,"href":"https:\/\/www.deberes.net\/tesis\/wp-json\/wp\/v2\/comments?post=53531"}],"version-history":[{"count":0,"href":"https:\/\/www.deberes.net\/tesis\/wp-json\/wp\/v2\/posts\/53531\/revisions"}],"wp:attachment":[{"href":"https:\/\/www.deberes.net\/tesis\/wp-json\/wp\/v2\/media?parent=53531"}],"wp:term":[{"taxonomy":"category","embeddable":true,"href":"https:\/\/www.deberes.net\/tesis\/wp-json\/wp\/v2\/categories?post=53531"},{"taxonomy":"post_tag","embeddable":true,"href":"https:\/\/www.deberes.net\/tesis\/wp-json\/wp\/v2\/tags?post=53531"}],"curies":[{"name":"wp","href":"https:\/\/api.w.org\/{rel}","templated":true}]}}