{"id":53533,"date":"2018-03-09T22:41:12","date_gmt":"2018-03-09T22:41:12","guid":{"rendered":"https:\/\/www.deberes.net\/tesis\/sin-categoria\/la-estetica-decadente-en-francia-fuentes-y-derivaciones-anglosajonas\/"},"modified":"2018-03-09T22:41:12","modified_gmt":"2018-03-09T22:41:12","slug":"la-estetica-decadente-en-francia-fuentes-y-derivaciones-anglosajonas","status":"publish","type":"post","link":"https:\/\/www.deberes.net\/tesis\/analisis-literario\/la-estetica-decadente-en-francia-fuentes-y-derivaciones-anglosajonas\/","title":{"rendered":"La est\u00e9tica decadente en francia: fuentes y derivaciones anglosajonas"},"content":{"rendered":"<h2>Tesis doctoral de <strong> Mar\u00eda  Salome Sanchez Collado <\/strong><\/h2>\n<p>La presente investigaci\u00f3n se inicia con un estudio metodol\u00f3gico centrado en el \u00e1rea de la literatura comparada, su relaci\u00f3n con la labor traductora en su sentido m\u00e1s amplio y la traducci\u00f3n literaria en particular. se pretende ofrecer una visi\u00f3n ambiciosa de la est\u00e9tica conocida como decadentismo, pues recoge los elementos literarios dispersos durante el siglo diecinueve franc\u00e9s que m\u00e1s tarde configuran esta tendencia art\u00edstica, y que en literatura sirve de puente a una manifestaci\u00f3n m\u00e1s conocida: el simbolismo. El decadentismo se considera en este caso confluencia de temas, actitudes y estilos que ven\u00edan apareciendo de modo intermitente en la literatura francesa, todo ello en forma de respuesta art\u00edstica y existencial a los movimientos literarios oficializados del momento. esta perspectiva se amplia al \u00e1mbito anglosaj\u00f3n, ya que aborda la producci\u00f3n y los autores m\u00e1s afines al decadentismo franc\u00e9s, sean o no contempor\u00e1neos o coet\u00e1neos de \u00e9stos \u00faltimos, pero, en todo caso, ilustrativos de la literatura y la mentalidad finisecular.<\/p>\n<p>&nbsp;<\/p>\n<h3>Datos acad\u00e9micos de la tesis doctoral \u00ab<strong>La est\u00e9tica decadente en francia: fuentes y derivaciones anglosajonas<\/strong>\u00ab<\/h3>\n<ul>\n<li><strong>T\u00edtulo de la tesis:<\/strong>\u00a0 La est\u00e9tica decadente en francia: fuentes y derivaciones anglosajonas <\/li>\n<li><strong>Autor:<\/strong>\u00a0 Mar\u00eda  Salome Sanchez Collado <\/li>\n<li><strong>Universidad:<\/strong>\u00a0 C\u00f3rdoba<\/li>\n<li><strong>Fecha de lectura de la tesis:<\/strong>\u00a0 28\/06\/2006<\/li>\n<\/ul>\n<p>&nbsp;<\/p>\n<h3>Direcci\u00f3n y tribunal<\/h3>\n<ul>\n<li><strong>Director de la tesis<\/strong>\n<ul>\n<li>Miguel Angel Garcia Peinado<\/li>\n<\/ul>\n<\/li>\n<li><strong>Tribunal<\/strong>\n<ul>\n<li>Presidente del tribunal: vicente Lopez folgado <\/li>\n<li>nicolas Campos palza (vocal)<\/li>\n<li>manuela Alvarez jurado (vocal)<\/li>\n<li> Corcuera manso Juan  fidel (vocal)<\/li>\n<\/ul>\n<\/li>\n<\/ul>\n<p>&nbsp;<\/p>\n","protected":false},"excerpt":{"rendered":"<p>Tesis doctoral de Mar\u00eda Salome Sanchez Collado La presente investigaci\u00f3n se inicia con un estudio metodol\u00f3gico centrado en el \u00e1rea [&hellip;]<\/p>\n","protected":false},"author":1,"featured_media":0,"comment_status":"open","ping_status":"open","sticky":false,"template":"","format":"standard","meta":{"site-sidebar-layout":"default","site-content-layout":"","ast-site-content-layout":"","site-content-style":"default","site-sidebar-style":"default","ast-global-header-display":"","ast-banner-title-visibility":"","ast-main-header-display":"","ast-hfb-above-header-display":"","ast-hfb-below-header-display":"","ast-hfb-mobile-header-display":"","site-post-title":"","ast-breadcrumbs-content":"","ast-featured-img":"","footer-sml-layout":"","theme-transparent-header-meta":"","adv-header-id-meta":"","stick-header-meta":"","header-above-stick-meta":"","header-main-stick-meta":"","header-below-stick-meta":"","astra-migrate-meta-layouts":"default","ast-page-background-enabled":"default","ast-page-background-meta":{"desktop":{"background-color":"var(--ast-global-color-4)","background-image":"","background-repeat":"repeat","background-position":"center center","background-size":"auto","background-attachment":"scroll","background-type":"","background-media":"","overlay-type":"","overlay-color":"","overlay-gradient":""},"tablet":{"background-color":"","background-image":"","background-repeat":"repeat","background-position":"center center","background-size":"auto","background-attachment":"scroll","background-type":"","background-media":"","overlay-type":"","overlay-color":"","overlay-gradient":""},"mobile":{"background-color":"","background-image":"","background-repeat":"repeat","background-position":"center center","background-size":"auto","background-attachment":"scroll","background-type":"","background-media":"","overlay-type":"","overlay-color":"","overlay-gradient":""}},"ast-content-background-meta":{"desktop":{"background-color":"var(--ast-global-color-5)","background-image":"","background-repeat":"repeat","background-position":"center center","background-size":"auto","background-attachment":"scroll","background-type":"","background-media":"","overlay-type":"","overlay-color":"","overlay-gradient":""},"tablet":{"background-color":"var(--ast-global-color-5)","background-image":"","background-repeat":"repeat","background-position":"center center","background-size":"auto","background-attachment":"scroll","background-type":"","background-media":"","overlay-type":"","overlay-color":"","overlay-gradient":""},"mobile":{"background-color":"var(--ast-global-color-5)","background-image":"","background-repeat":"repeat","background-position":"center center","background-size":"auto","background-attachment":"scroll","background-type":"","background-media":"","overlay-type":"","overlay-color":"","overlay-gradient":""}},"footnotes":""},"categories":[148,973,149,2965,636],"tags":[112891,34558,118155,2305,118156,1897],"class_list":["post-53533","post","type-post","status-publish","format-standard","hentry","category-analisis-literario","category-cordoba","category-critica-de-textos","category-estilo-y-estetica-literarios","category-lengua-y-literatura","tag-corcuera-manso-juan-fidel","tag-manuela-alvarez-jurado","tag-maria-salome-sanchez-collado","tag-miguel-angel-garcia-peinado","tag-nicolas-campos-palza","tag-vicente-lopez-folgado"],"_links":{"self":[{"href":"https:\/\/www.deberes.net\/tesis\/wp-json\/wp\/v2\/posts\/53533","targetHints":{"allow":["GET"]}}],"collection":[{"href":"https:\/\/www.deberes.net\/tesis\/wp-json\/wp\/v2\/posts"}],"about":[{"href":"https:\/\/www.deberes.net\/tesis\/wp-json\/wp\/v2\/types\/post"}],"author":[{"embeddable":true,"href":"https:\/\/www.deberes.net\/tesis\/wp-json\/wp\/v2\/users\/1"}],"replies":[{"embeddable":true,"href":"https:\/\/www.deberes.net\/tesis\/wp-json\/wp\/v2\/comments?post=53533"}],"version-history":[{"count":0,"href":"https:\/\/www.deberes.net\/tesis\/wp-json\/wp\/v2\/posts\/53533\/revisions"}],"wp:attachment":[{"href":"https:\/\/www.deberes.net\/tesis\/wp-json\/wp\/v2\/media?parent=53533"}],"wp:term":[{"taxonomy":"category","embeddable":true,"href":"https:\/\/www.deberes.net\/tesis\/wp-json\/wp\/v2\/categories?post=53533"},{"taxonomy":"post_tag","embeddable":true,"href":"https:\/\/www.deberes.net\/tesis\/wp-json\/wp\/v2\/tags?post=53533"}],"curies":[{"name":"wp","href":"https:\/\/api.w.org\/{rel}","templated":true}]}}