{"id":53534,"date":"2018-03-09T22:41:12","date_gmt":"2018-03-09T22:41:12","guid":{"rendered":"https:\/\/www.deberes.net\/tesis\/sin-categoria\/condicionantes-afectivos-de-la-fragilidad-en-personas-mayores\/"},"modified":"2018-03-09T22:41:12","modified_gmt":"2018-03-09T22:41:12","slug":"condicionantes-afectivos-de-la-fragilidad-en-personas-mayores","status":"publish","type":"post","link":"https:\/\/www.deberes.net\/tesis\/psicologia\/condicionantes-afectivos-de-la-fragilidad-en-personas-mayores\/","title":{"rendered":"Condicionantes afectivos de la fragilidad en personas mayores"},"content":{"rendered":"<h2>Tesis doctoral de <strong> Mar\u00eda  Paz Elipe Mu\u00f1oz <\/strong><\/h2>\n<p>El objetivo de este trabajo de investigaci\u00f3n fue elaborar un modelo emp\u00edrico de fragilidad en personas mayores que reflejase, de forma espec\u00edfica, la aportaci\u00f3n de diversas variables afectivas: eventos vitales, estresores cotidianos, soporte social, autovaloraci\u00f3n de salud, percepci\u00f3n de dolor, miedo a las ca\u00eddas, estrategias de afrontamiento, optimismo, pesimismo, ansiedad y depresi\u00f3n. Se desarroll\u00f3 un modelo te\u00f3rico, hol\u00edstico y sist\u00e9mico, de fragilidad. A partir del mismo, se elabor\u00f3 un instrumento de valoraci\u00f3n en el que se evaluaron las diferentes \u00e1reas que componen la fragilidad a nivel te\u00f3rico (actividades de la vida diaria, funciones y estructuras corporales, afectividad y contexto). Los resultados obtenidos confirman la naturaleza sist\u00e9mica y din\u00e1mica del constructo fragilidad. Adem\u00e1s, aparecen importantes diferencias de g\u00e9nero. En concreto, un mayor porcentaje de mujeres mostraron niveles m\u00e1s elevados de fragilidad. Adem\u00e1s, las variables predictoras de fragilidad en los modelos emp\u00edricos obtenidos fueron diferentes en hombres y mujeres. As\u00ed mismo, los an\u00e1lisis realizados pusieron de manifiesto la relevancia de las variables afectivas en relaci\u00f3n con el nivel de fragilidad de las personas mayores ya que, adem\u00e1s de aparecer importantes asociaciones entre dichas variables y el nivel de fragilidad total, aparecieron asociaciones independientes entre las variables afectivas y el resto de \u00e1reas que conforman la fragilidad. Por tanto, la fragilidad aparece como una situaci\u00f3n \u00fanica para cada persona que emerge como consecuencia de la interacci\u00f3n de diversos factores personales y ambientales, entre los que se incluir\u00edan, los factores afectivos.<\/p>\n<p>&nbsp;<\/p>\n<h3>Datos acad\u00e9micos de la tesis doctoral \u00ab<strong>Condicionantes afectivos de la fragilidad en personas mayores<\/strong>\u00ab<\/h3>\n<ul>\n<li><strong>T\u00edtulo de la tesis:<\/strong>\u00a0 Condicionantes afectivos de la fragilidad en personas mayores <\/li>\n<li><strong>Autor:<\/strong>\u00a0 Mar\u00eda  Paz Elipe Mu\u00f1oz <\/li>\n<li><strong>Universidad:<\/strong>\u00a0 Granada<\/li>\n<li><strong>Fecha de lectura de la tesis:<\/strong>\u00a0 28\/06\/2006<\/li>\n<\/ul>\n<p>&nbsp;<\/p>\n<h3>Direcci\u00f3n y tribunal<\/h3>\n<ul>\n<li><strong>Director de la tesis<\/strong>\n<ul>\n<li>Manuel Aleixandre Rico<\/li>\n<\/ul>\n<\/li>\n<li><strong>Tribunal<\/strong>\n<ul>\n<li>Presidente del tribunal: fernando Justicia justicia <\/li>\n<li> Mel\u00e9ndez moral Juan  Carlos (vocal)<\/li>\n<li>Mar\u00eda  dolores Calero garcia (vocal)<\/li>\n<li>pedro f\u00e9lix Casanova arias (vocal)<\/li>\n<\/ul>\n<\/li>\n<\/ul>\n<p>&nbsp;<\/p>\n","protected":false},"excerpt":{"rendered":"<p>Tesis doctoral de Mar\u00eda Paz Elipe Mu\u00f1oz El objetivo de este trabajo de investigaci\u00f3n fue elaborar un modelo emp\u00edrico de [&hellip;]<\/p>\n","protected":false},"author":1,"featured_media":0,"comment_status":"open","ping_status":"open","sticky":false,"template":"","format":"standard","meta":{"site-sidebar-layout":"default","site-content-layout":"","ast-site-content-layout":"","site-content-style":"default","site-sidebar-style":"default","ast-global-header-display":"","ast-banner-title-visibility":"","ast-main-header-display":"","ast-hfb-above-header-display":"","ast-hfb-below-header-display":"","ast-hfb-mobile-header-display":"","site-post-title":"","ast-breadcrumbs-content":"","ast-featured-img":"","footer-sml-layout":"","theme-transparent-header-meta":"","adv-header-id-meta":"","stick-header-meta":"","header-above-stick-meta":"","header-main-stick-meta":"","header-below-stick-meta":"","astra-migrate-meta-layouts":"default","ast-page-background-enabled":"default","ast-page-background-meta":{"desktop":{"background-color":"var(--ast-global-color-4)","background-image":"","background-repeat":"repeat","background-position":"center center","background-size":"auto","background-attachment":"scroll","background-type":"","background-media":"","overlay-type":"","overlay-color":"","overlay-gradient":""},"tablet":{"background-color":"","background-image":"","background-repeat":"repeat","background-position":"center center","background-size":"auto","background-attachment":"scroll","background-type":"","background-media":"","overlay-type":"","overlay-color":"","overlay-gradient":""},"mobile":{"background-color":"","background-image":"","background-repeat":"repeat","background-position":"center center","background-size":"auto","background-attachment":"scroll","background-type":"","background-media":"","overlay-type":"","overlay-color":"","overlay-gradient":""}},"ast-content-background-meta":{"desktop":{"background-color":"var(--ast-global-color-5)","background-image":"","background-repeat":"repeat","background-position":"center center","background-size":"auto","background-attachment":"scroll","background-type":"","background-media":"","overlay-type":"","overlay-color":"","overlay-gradient":""},"tablet":{"background-color":"var(--ast-global-color-5)","background-image":"","background-repeat":"repeat","background-position":"center center","background-size":"auto","background-attachment":"scroll","background-type":"","background-media":"","overlay-type":"","overlay-color":"","overlay-gradient":""},"mobile":{"background-color":"var(--ast-global-color-5)","background-image":"","background-repeat":"repeat","background-position":"center center","background-size":"auto","background-attachment":"scroll","background-type":"","background-media":"","overlay-type":"","overlay-color":"","overlay-gradient":""}},"footnotes":""},"categories":[324,5774,967,5773],"tags":[4266,11383,21947,118157,12053,48815],"class_list":["post-53534","post","type-post","status-publish","format-standard","hentry","category-psicologia","category-psicologia-geriatrica","category-salud-publica","category-senectud","tag-fernando-justicia-justicia","tag-manuel-aleixandre-rico","tag-maria-dolores-calero-garcia","tag-maria-paz-elipe-munoz","tag-melendez-moral-juan-carlos","tag-pedro-felix-casanova-arias"],"_links":{"self":[{"href":"https:\/\/www.deberes.net\/tesis\/wp-json\/wp\/v2\/posts\/53534","targetHints":{"allow":["GET"]}}],"collection":[{"href":"https:\/\/www.deberes.net\/tesis\/wp-json\/wp\/v2\/posts"}],"about":[{"href":"https:\/\/www.deberes.net\/tesis\/wp-json\/wp\/v2\/types\/post"}],"author":[{"embeddable":true,"href":"https:\/\/www.deberes.net\/tesis\/wp-json\/wp\/v2\/users\/1"}],"replies":[{"embeddable":true,"href":"https:\/\/www.deberes.net\/tesis\/wp-json\/wp\/v2\/comments?post=53534"}],"version-history":[{"count":0,"href":"https:\/\/www.deberes.net\/tesis\/wp-json\/wp\/v2\/posts\/53534\/revisions"}],"wp:attachment":[{"href":"https:\/\/www.deberes.net\/tesis\/wp-json\/wp\/v2\/media?parent=53534"}],"wp:term":[{"taxonomy":"category","embeddable":true,"href":"https:\/\/www.deberes.net\/tesis\/wp-json\/wp\/v2\/categories?post=53534"},{"taxonomy":"post_tag","embeddable":true,"href":"https:\/\/www.deberes.net\/tesis\/wp-json\/wp\/v2\/tags?post=53534"}],"curies":[{"name":"wp","href":"https:\/\/api.w.org\/{rel}","templated":true}]}}