{"id":53535,"date":"2018-03-09T22:41:12","date_gmt":"2018-03-09T22:41:12","guid":{"rendered":"https:\/\/www.deberes.net\/tesis\/sin-categoria\/musica-curra%c2%adculum-y-practica-escolar\/"},"modified":"2018-03-09T22:41:12","modified_gmt":"2018-03-09T22:41:12","slug":"musica-curra%c2%adculum-y-practica-escolar","status":"publish","type":"post","link":"https:\/\/www.deberes.net\/tesis\/organizacion-y-planificacion-de-la-educacion\/musica-curra%c2%adculum-y-practica-escolar\/","title":{"rendered":"M\u00fasica, curr\u00edculum y pr\u00e1ctica escolar"},"content":{"rendered":"<h2>Tesis doctoral de <strong> Fabi\u00e1n Vargas Gustavo <\/strong><\/h2>\n<p>El estudio se centra en la relacion entre dise\u00f1os curriculares y pr\u00e1cticas docentes en la ense\u00f1anza de la m\u00fasica en escuelas primarias de la ciduad de buenos  aires. Seg\u00fan lo planteado por  stenhouse se trata del estudio del curr\u00edculum desde su acepci\u00f3n como intenci\u00f3n  y como realidad. Es decir por una parte como un plan, una prescipci\u00f3n, una idea de los que desear\u00edamos que sucediese en las escuelas. Por otra, como el estado de cosas existentes, lo que de hecho sucede en las aulas. El proyecto se inscribe en una paradigma de investigaci\u00f3n cuantitativo- cualitativo y evaluativo, centrado esencialmente en los aspectos descriptivos y para la mejora, dentro de la investigaci\u00f3n evaluativa. La herramienta metodologica de este estudio es la evaluaci\u00f3n de programas, y dentro de ella precisamente el modelo cipp. Pretense ser un aporte para el mejoramiento de la educaci\u00f3n musical escolar proporcionando informaci\u00f3n para la toma de decisiones. Los resultados ponen en evidencia que la intervenci\u00f3n de la m\u00fasica en los actos y muestras escolares parece ser el aspecto que  mayoritariamente determina el tipo de practica que se realiza. M\u00e1s all\u00e1 del valor intr\u00edseco de las experiencias musicales que forman parte de estos eventos que se concretan en actuaciones denaturaleza art\u00edstica, parecer\u00edan provenir de procesos did\u00e1cticas asistem\u00e1ticos y de organizaci\u00f3n aleatoria.<\/p>\n<p>&nbsp;<\/p>\n<h3>Datos acad\u00e9micos de la tesis doctoral \u00ab<strong>M\u00fasica, curr\u00edculum y pr\u00e1ctica escolar<\/strong>\u00ab<\/h3>\n<ul>\n<li><strong>T\u00edtulo de la tesis:<\/strong>\u00a0 M\u00fasica, curr\u00edculum y pr\u00e1ctica escolar <\/li>\n<li><strong>Autor:<\/strong>\u00a0 Fabi\u00e1n Vargas Gustavo <\/li>\n<li><strong>Universidad:<\/strong>\u00a0 Le\u00f3n<\/li>\n<li><strong>Fecha de lectura de la tesis:<\/strong>\u00a0 28\/06\/2006<\/li>\n<\/ul>\n<p>&nbsp;<\/p>\n<h3>Direcci\u00f3n y tribunal<\/h3>\n<ul>\n<li><strong>Director de la tesis<\/strong>\n<ul>\n<li>Isabel Cant\u00f3n Mayo<\/li>\n<\/ul>\n<\/li>\n<li><strong>Tribunal<\/strong>\n<ul>\n<li>Presidente del tribunal: joaquin Gairin sallan <\/li>\n<li>carmen Armengol asparo (vocal)<\/li>\n<li>francois Marcel jean (vocal)<\/li>\n<li>paulino Carnicero duque (vocal)<\/li>\n<\/ul>\n<\/li>\n<\/ul>\n<p>&nbsp;<\/p>\n","protected":false},"excerpt":{"rendered":"<p>Tesis doctoral de Fabi\u00e1n Vargas Gustavo El estudio se centra en la relacion entre dise\u00f1os curriculares y pr\u00e1cticas docentes en [&hellip;]<\/p>\n","protected":false},"author":1,"featured_media":0,"comment_status":"open","ping_status":"open","sticky":false,"template":"","format":"standard","meta":{"site-sidebar-layout":"default","site-content-layout":"","ast-site-content-layout":"","site-content-style":"default","site-sidebar-style":"default","ast-global-header-display":"","ast-banner-title-visibility":"","ast-main-header-display":"","ast-hfb-above-header-display":"","ast-hfb-below-header-display":"","ast-hfb-mobile-header-display":"","site-post-title":"","ast-breadcrumbs-content":"","ast-featured-img":"","footer-sml-layout":"","theme-transparent-header-meta":"","adv-header-id-meta":"","stick-header-meta":"","header-above-stick-meta":"","header-main-stick-meta":"","header-below-stick-meta":"","astra-migrate-meta-layouts":"default","ast-page-background-enabled":"default","ast-page-background-meta":{"desktop":{"background-color":"var(--ast-global-color-4)","background-image":"","background-repeat":"repeat","background-position":"center center","background-size":"auto","background-attachment":"scroll","background-type":"","background-media":"","overlay-type":"","overlay-color":"","overlay-gradient":""},"tablet":{"background-color":"","background-image":"","background-repeat":"repeat","background-position":"center center","background-size":"auto","background-attachment":"scroll","background-type":"","background-media":"","overlay-type":"","overlay-color":"","overlay-gradient":""},"mobile":{"background-color":"","background-image":"","background-repeat":"repeat","background-position":"center center","background-size":"auto","background-attachment":"scroll","background-type":"","background-media":"","overlay-type":"","overlay-color":"","overlay-gradient":""}},"ast-content-background-meta":{"desktop":{"background-color":"var(--ast-global-color-5)","background-image":"","background-repeat":"repeat","background-position":"center center","background-size":"auto","background-attachment":"scroll","background-type":"","background-media":"","overlay-type":"","overlay-color":"","overlay-gradient":""},"tablet":{"background-color":"var(--ast-global-color-5)","background-image":"","background-repeat":"repeat","background-position":"center center","background-size":"auto","background-attachment":"scroll","background-type":"","background-media":"","overlay-type":"","overlay-color":"","overlay-gradient":""},"mobile":{"background-color":"var(--ast-global-color-5)","background-image":"","background-repeat":"repeat","background-position":"center center","background-size":"auto","background-attachment":"scroll","background-type":"","background-media":"","overlay-type":"","overlay-color":"","overlay-gradient":""}},"footnotes":""},"categories":[4430,1184,1341],"tags":[62242,118158,118159,57212,6624,79982],"class_list":["post-53535","post","type-post","status-publish","format-standard","hentry","category-leon","category-organizacion-y-planificacion-de-la-educacion","category-teoria-y-metodos-educativos","tag-carmen-armengol-asparo","tag-fabian-vargas-gustavo","tag-francois-marcel-jean","tag-isabel-canton-mayo","tag-joaquin-gairin-sallan","tag-paulino-carnicero-duque"],"_links":{"self":[{"href":"https:\/\/www.deberes.net\/tesis\/wp-json\/wp\/v2\/posts\/53535","targetHints":{"allow":["GET"]}}],"collection":[{"href":"https:\/\/www.deberes.net\/tesis\/wp-json\/wp\/v2\/posts"}],"about":[{"href":"https:\/\/www.deberes.net\/tesis\/wp-json\/wp\/v2\/types\/post"}],"author":[{"embeddable":true,"href":"https:\/\/www.deberes.net\/tesis\/wp-json\/wp\/v2\/users\/1"}],"replies":[{"embeddable":true,"href":"https:\/\/www.deberes.net\/tesis\/wp-json\/wp\/v2\/comments?post=53535"}],"version-history":[{"count":0,"href":"https:\/\/www.deberes.net\/tesis\/wp-json\/wp\/v2\/posts\/53535\/revisions"}],"wp:attachment":[{"href":"https:\/\/www.deberes.net\/tesis\/wp-json\/wp\/v2\/media?parent=53535"}],"wp:term":[{"taxonomy":"category","embeddable":true,"href":"https:\/\/www.deberes.net\/tesis\/wp-json\/wp\/v2\/categories?post=53535"},{"taxonomy":"post_tag","embeddable":true,"href":"https:\/\/www.deberes.net\/tesis\/wp-json\/wp\/v2\/tags?post=53535"}],"curies":[{"name":"wp","href":"https:\/\/api.w.org\/{rel}","templated":true}]}}