{"id":53565,"date":"2018-03-09T22:41:16","date_gmt":"2018-03-09T22:41:16","guid":{"rendered":"https:\/\/www.deberes.net\/tesis\/sin-categoria\/aplicacion-didactica-de-la-musica-popular-gallega-grabada-y-editada-en-espana-1975-2000\/"},"modified":"2018-03-09T22:41:16","modified_gmt":"2018-03-09T22:41:16","slug":"aplicacion-didactica-de-la-musica-popular-gallega-grabada-y-editada-en-espana-1975-2000","status":"publish","type":"post","link":"https:\/\/www.deberes.net\/tesis\/metodos-pedagogicos\/aplicacion-didactica-de-la-musica-popular-gallega-grabada-y-editada-en-espana-1975-2000\/","title":{"rendered":"Aplicaci\u00f3n did\u00e1ctica de la m\u00fasica popular gallega grabada y editada en espa\u00f1a (1975-2000)"},"content":{"rendered":"<h2>Tesis doctoral de <strong> Xaime Est\u00e9vez Vila <\/strong><\/h2>\n<p>Esta investigaci\u00f3n parte de la necesidad de ordenar, catalogar y clasificar el patrimonio cultural que representa la m\u00fasica gallega grabada de 1975 al a\u00f1o 2000, con el fin de posibilitar su utilizaci\u00f3n constante y pertinente en la educaci\u00f3n, pero tambi\u00e9n en el mundo de la cultura en general, haciendo hincapi\u00e9 en las posibilidades multidisciplinares respecto a todo tipo de materias de la ense\u00f1anza, tales como  geograf\u00eda, religi\u00f3n, conocimiento del medio, lengua, literatura, historia, y, por supuesto, en la materia de m\u00fasica.     la tesis enmarca primeramente este estudio en el contexto de los estudios de pedagog\u00eda musical y folclore musical realizados dentro y fuera de espa\u00f1a, para ofrecernos un an\u00e1lisis original de la m\u00fasica grabada a trav\u00e9s de 771 ediciones discogr\u00e1ficas, 9.279 temas y 486 horas de grabaciones de los que se han registrado 31 tipos de datos diferentes pro grabaci\u00f3n. el resultado de este an\u00e1lisis aporta, adem\u00e1s de la cuantificaci\u00f3n aludida, 26 gr\u00e1ficos y 19 cuadros resumen que nos permiten tener ordenada la informaci\u00f3n suficiente de este patrimonio sonoro como para su titulaci\u00f3n did\u00e1ctica y cultural. los 471 grupos y artistas resultantes est\u00e1n clasificados por tipolog\u00eda predominante, y ordenados cronol\u00f3gica y alfab\u00e9ticamente, indic\u00e1ndose caso por caso las ediciones discogr\u00e1ficas que correspondiente a cada uno de ellos, apoyado por un \u00edndice gr\u00e1fico de todas las grabaciones consultadas que aporta informaci\u00f3n complementaria de gran valor art\u00edstico e hist\u00f3rico. Los gr\u00e1ficos y las tablas nos ofrecen en bandeja los datos para conocer distintos aspectos de la m\u00fasica analizada: las formas musicales, los compositores, los int\u00e9rpretes, las toponimia, la religiosidad, la literatura, as\u00ed como un listado expl\u00edcito de m\u00e1s de un centenar de posibilidades de laborar monogr\u00e1ficos a partir de la m\u00fasica analizada a trav\u00e9s de las formas musicales, instrumentos musicales, ciclo del a\u00f1o, tem\u00e1tica diversa, &#8230;Tambi\u00e9n se<\/p>\n<p>&nbsp;<\/p>\n<h3>Datos acad\u00e9micos de la tesis doctoral \u00ab<strong>Aplicaci\u00f3n did\u00e1ctica de la m\u00fasica popular gallega grabada y editada en espa\u00f1a (1975-2000)<\/strong>\u00ab<\/h3>\n<ul>\n<li><strong>T\u00edtulo de la tesis:<\/strong>\u00a0 Aplicaci\u00f3n did\u00e1ctica de la m\u00fasica popular gallega grabada y editada en espa\u00f1a (1975-2000) <\/li>\n<li><strong>Autor:<\/strong>\u00a0 Xaime Est\u00e9vez Vila <\/li>\n<li><strong>Universidad:<\/strong>\u00a0 Nacional de educaci\u00f3n a distancia<\/li>\n<li><strong>Fecha de lectura de la tesis:<\/strong>\u00a0 28\/06\/2006<\/li>\n<\/ul>\n<p>&nbsp;<\/p>\n<h3>Direcci\u00f3n y tribunal<\/h3>\n<ul>\n<li><strong>Director de la tesis<\/strong>\n<ul>\n<li>Pilar Lago Castro<\/li>\n<\/ul>\n<\/li>\n<li><strong>Tribunal<\/strong>\n<ul>\n<li>Presidente del tribunal: Jos\u00e9 Mar\u00eda Cal\u00e9s de Juan <\/li>\n<li>patricia leonor Sabbatella riccardi (vocal)<\/li>\n<li> Garc\u00eda-s\u00edpido mart\u00ednez Ana Luisa (vocal)<\/li>\n<li>joaquin Miranda p\u00e9rez (vocal)<\/li>\n<\/ul>\n<\/li>\n<\/ul>\n<p>&nbsp;<\/p>\n","protected":false},"excerpt":{"rendered":"<p>Tesis doctoral de Xaime Est\u00e9vez Vila Esta investigaci\u00f3n parte de la necesidad de ordenar, catalogar y clasificar el patrimonio cultural [&hellip;]<\/p>\n","protected":false},"author":1,"featured_media":0,"comment_status":"open","ping_status":"open","sticky":false,"template":"","format":"standard","meta":{"site-sidebar-layout":"default","site-content-layout":"","ast-site-content-layout":"","site-content-style":"default","site-sidebar-style":"default","ast-global-header-display":"","ast-banner-title-visibility":"","ast-main-header-display":"","ast-hfb-above-header-display":"","ast-hfb-below-header-display":"","ast-hfb-mobile-header-display":"","site-post-title":"","ast-breadcrumbs-content":"","ast-featured-img":"","footer-sml-layout":"","theme-transparent-header-meta":"","adv-header-id-meta":"","stick-header-meta":"","header-above-stick-meta":"","header-main-stick-meta":"","header-below-stick-meta":"","astra-migrate-meta-layouts":"default","ast-page-background-enabled":"default","ast-page-background-meta":{"desktop":{"background-color":"var(--ast-global-color-4)","background-image":"","background-repeat":"repeat","background-position":"center center","background-size":"auto","background-attachment":"scroll","background-type":"","background-media":"","overlay-type":"","overlay-color":"","overlay-gradient":""},"tablet":{"background-color":"","background-image":"","background-repeat":"repeat","background-position":"center center","background-size":"auto","background-attachment":"scroll","background-type":"","background-media":"","overlay-type":"","overlay-color":"","overlay-gradient":""},"mobile":{"background-color":"","background-image":"","background-repeat":"repeat","background-position":"center center","background-size":"auto","background-attachment":"scroll","background-type":"","background-media":"","overlay-type":"","overlay-color":"","overlay-gradient":""}},"ast-content-background-meta":{"desktop":{"background-color":"var(--ast-global-color-5)","background-image":"","background-repeat":"repeat","background-position":"center center","background-size":"auto","background-attachment":"scroll","background-type":"","background-media":"","overlay-type":"","overlay-color":"","overlay-gradient":""},"tablet":{"background-color":"var(--ast-global-color-5)","background-image":"","background-repeat":"repeat","background-position":"center center","background-size":"auto","background-attachment":"scroll","background-type":"","background-media":"","overlay-type":"","overlay-color":"","overlay-gradient":""},"mobile":{"background-color":"var(--ast-global-color-5)","background-image":"","background-repeat":"repeat","background-position":"center center","background-size":"auto","background-attachment":"scroll","background-type":"","background-media":"","overlay-type":"","overlay-color":"","overlay-gradient":""}},"footnotes":""},"categories":[2233,17070],"tags":[116540,116539,105467,69207,69208,118223],"class_list":["post-53565","post","type-post","status-publish","format-standard","hentry","category-metodos-pedagogicos","category-nacional-de-educacion-a-distancia","tag-garcia-sipido-Martinez-ana-luisa","tag-joaquin-miranda-perez","tag-jose-maria-cales-de-juan","tag-patricia-leonor-sabbatella-riccardi","tag-pilar-lago-castro","tag-xaime-estevez-vila"],"_links":{"self":[{"href":"https:\/\/www.deberes.net\/tesis\/wp-json\/wp\/v2\/posts\/53565","targetHints":{"allow":["GET"]}}],"collection":[{"href":"https:\/\/www.deberes.net\/tesis\/wp-json\/wp\/v2\/posts"}],"about":[{"href":"https:\/\/www.deberes.net\/tesis\/wp-json\/wp\/v2\/types\/post"}],"author":[{"embeddable":true,"href":"https:\/\/www.deberes.net\/tesis\/wp-json\/wp\/v2\/users\/1"}],"replies":[{"embeddable":true,"href":"https:\/\/www.deberes.net\/tesis\/wp-json\/wp\/v2\/comments?post=53565"}],"version-history":[{"count":0,"href":"https:\/\/www.deberes.net\/tesis\/wp-json\/wp\/v2\/posts\/53565\/revisions"}],"wp:attachment":[{"href":"https:\/\/www.deberes.net\/tesis\/wp-json\/wp\/v2\/media?parent=53565"}],"wp:term":[{"taxonomy":"category","embeddable":true,"href":"https:\/\/www.deberes.net\/tesis\/wp-json\/wp\/v2\/categories?post=53565"},{"taxonomy":"post_tag","embeddable":true,"href":"https:\/\/www.deberes.net\/tesis\/wp-json\/wp\/v2\/tags?post=53565"}],"curies":[{"name":"wp","href":"https:\/\/api.w.org\/{rel}","templated":true}]}}