{"id":53593,"date":"2018-03-09T22:41:16","date_gmt":"2018-03-09T22:41:16","guid":{"rendered":"https:\/\/www.deberes.net\/tesis\/sin-categoria\/estudio-de-la-focalizacion-de-haces-polarizados-aplicacion-en-microscopa%c2%ada-de-barrido\/"},"modified":"2018-03-09T22:41:16","modified_gmt":"2018-03-09T22:41:16","slug":"estudio-de-la-focalizacion-de-haces-polarizados-aplicacion-en-microscopa%c2%ada-de-barrido","status":"publish","type":"post","link":"https:\/\/www.deberes.net\/tesis\/fisica\/estudio-de-la-focalizacion-de-haces-polarizados-aplicacion-en-microscopa%c2%ada-de-barrido\/","title":{"rendered":"Estudio de la focalizaci\u00f3n de haces polarizados. aplicaci\u00f3n en microscop\u00edade barrido"},"content":{"rendered":"<h2>Tesis doctoral de <strong> Mar\u00eda  Teresa Caballero Caballero <\/strong><\/h2>\n<p>Se ha estudiado la focalizaci\u00f3n de haces polarizados, as\u00ed como su aplicaci\u00f3n en sistemas de microscop\u00eda de barrido, y el dise\u00f1o de t\u00e9cnicas para mejorar la capacidad de resoluci\u00f3n de dichos sistemas. Se comienza con la teor\u00eda de focalizaci\u00f3n de haces a trav\u00e9s de sistemas \u00f3pticos con simetr\u00eda de revoluci\u00f3n, en los casos paraxial y no paraxial, estudiando, en este \u00faltimo, la focalizaci\u00f3n, tanto escalar, como vectorial y analizando la importancia de algunos par\u00e1metros del sistema \u00f3ptico, como son la apertura n\u00famerica y el n\u00famero de fresnel . La alta apertura n\u00famerica que caracteriza los sistemas de microscop\u00eda hace que los efectos debidos al estado de polarizaci\u00f3n de la luz no puedan obviarse en un estudio riguroso de la formaci\u00f3n de im\u00e1genes en ellos. En cuanto al n\u00famero de fresnel se analiza la dependencia de la estructura del volumen focal con dicho n\u00famero, comprobando que la posici\u00f3n de la abertura difractante es determinante en el valor del citado par\u00e1metro, y por tanto, en la geometr\u00eda del volumen focal. Se comprueba el fen\u00f3meno de forma experimental con un dispositivo que permite medir las posiciones de los m\u00ednimos de la irradianda axial y observar la p\u00e9rdida de simetr\u00eda de la estructura del volumen focal.  a continuaci\u00f3n se estudia la formaci\u00f3n de im\u00e1genes en los sistemas de microscop\u00eda de barrido, analizando los casos en los que se trabaja por fluorescencia, tanto a uno, como a dos fotones, y el caso particular de microscop\u00eda confocal 4pi. Para mejorar las prestaciones de estos sistemas, caracterizados por una singular capacidad de seccionado \u00f3ptico y una alta resoluci\u00f3n axial y transversal, se propone el uso de t\u00e9cnicas de conformado de la respuesta unidad, que son de especial inter\u00e9s porque permiten obtener mejoras significativas sin necesidad de efectuar modificaciones importantes en la estructura del microscopio. Por un lado, se proponen diferentes tipos de filtros, tanto binarios de ampl<\/p>\n<p>&nbsp;<\/p>\n<h3>Datos acad\u00e9micos de la tesis doctoral \u00ab<strong>Estudio de la focalizaci\u00f3n de haces polarizados. aplicaci\u00f3n en microscop\u00edade barrido<\/strong>\u00ab<\/h3>\n<ul>\n<li><strong>T\u00edtulo de la tesis:<\/strong>\u00a0 Estudio de la focalizaci\u00f3n de haces polarizados. aplicaci\u00f3n en microscop\u00edade barrido <\/li>\n<li><strong>Autor:<\/strong>\u00a0 Mar\u00eda  Teresa Caballero Caballero <\/li>\n<li><strong>Universidad:<\/strong>\u00a0 Universitat de val\u00e9ncia (estudi general)<\/li>\n<li><strong>Fecha de lectura de la tesis:<\/strong>\u00a0 29\/06\/2006<\/li>\n<\/ul>\n<p>&nbsp;<\/p>\n<h3>Direcci\u00f3n y tribunal<\/h3>\n<ul>\n<li><strong>Director de la tesis<\/strong>\n<ul>\n<li>Manuel Mart\u00ednez Corral<\/li>\n<\/ul>\n<\/li>\n<li><strong>Tribunal<\/strong>\n<ul>\n<li>Presidente del tribunal: pedro Andr\u00e9s bou <\/li>\n<li>salvador Bosch puig (vocal)<\/li>\n<li>Carlos Gomez reino carnota (vocal)<\/li>\n<li>marek Kowalczyk (vocal)<\/li>\n<\/ul>\n<\/li>\n<\/ul>\n<p>&nbsp;<\/p>\n","protected":false},"excerpt":{"rendered":"<p>Tesis doctoral de Mar\u00eda Teresa Caballero Caballero Se ha estudiado la focalizaci\u00f3n de haces polarizados, as\u00ed como su aplicaci\u00f3n en [&hellip;]<\/p>\n","protected":false},"author":1,"featured_media":0,"comment_status":"open","ping_status":"open","sticky":false,"template":"","format":"standard","meta":{"site-sidebar-layout":"default","site-content-layout":"","ast-site-content-layout":"","site-content-style":"default","site-sidebar-style":"default","ast-global-header-display":"","ast-banner-title-visibility":"","ast-main-header-display":"","ast-hfb-above-header-display":"","ast-hfb-below-header-display":"","ast-hfb-mobile-header-display":"","site-post-title":"","ast-breadcrumbs-content":"","ast-featured-img":"","footer-sml-layout":"","theme-transparent-header-meta":"","adv-header-id-meta":"","stick-header-meta":"","header-above-stick-meta":"","header-main-stick-meta":"","header-below-stick-meta":"","astra-migrate-meta-layouts":"default","ast-page-background-enabled":"default","ast-page-background-meta":{"desktop":{"background-color":"var(--ast-global-color-4)","background-image":"","background-repeat":"repeat","background-position":"center center","background-size":"auto","background-attachment":"scroll","background-type":"","background-media":"","overlay-type":"","overlay-color":"","overlay-gradient":""},"tablet":{"background-color":"","background-image":"","background-repeat":"repeat","background-position":"center center","background-size":"auto","background-attachment":"scroll","background-type":"","background-media":"","overlay-type":"","overlay-color":"","overlay-gradient":""},"mobile":{"background-color":"","background-image":"","background-repeat":"repeat","background-position":"center center","background-size":"auto","background-attachment":"scroll","background-type":"","background-media":"","overlay-type":"","overlay-color":"","overlay-gradient":""}},"ast-content-background-meta":{"desktop":{"background-color":"var(--ast-global-color-5)","background-image":"","background-repeat":"repeat","background-position":"center center","background-size":"auto","background-attachment":"scroll","background-type":"","background-media":"","overlay-type":"","overlay-color":"","overlay-gradient":""},"tablet":{"background-color":"var(--ast-global-color-5)","background-image":"","background-repeat":"repeat","background-position":"center center","background-size":"auto","background-attachment":"scroll","background-type":"","background-media":"","overlay-type":"","overlay-color":"","overlay-gradient":""},"mobile":{"background-color":"var(--ast-global-color-5)","background-image":"","background-repeat":"repeat","background-position":"center center","background-size":"auto","background-attachment":"scroll","background-type":"","background-media":"","overlay-type":"","overlay-color":"","overlay-gradient":""}},"footnotes":""},"categories":[199,1525,3024],"tags":[11796,82106,118291,118290,11935,38758],"class_list":["post-53593","post","type-post","status-publish","format-standard","hentry","category-fisica","category-optica","category-optica-fisica","tag-carlos-gomez-reino-carnota","tag-manuel-Martinez-corral","tag-marek-kowalczyk","tag-maria-teresa-caballero-caballero","tag-pedro-andres-bou","tag-salvador-bosch-puig"],"_links":{"self":[{"href":"https:\/\/www.deberes.net\/tesis\/wp-json\/wp\/v2\/posts\/53593","targetHints":{"allow":["GET"]}}],"collection":[{"href":"https:\/\/www.deberes.net\/tesis\/wp-json\/wp\/v2\/posts"}],"about":[{"href":"https:\/\/www.deberes.net\/tesis\/wp-json\/wp\/v2\/types\/post"}],"author":[{"embeddable":true,"href":"https:\/\/www.deberes.net\/tesis\/wp-json\/wp\/v2\/users\/1"}],"replies":[{"embeddable":true,"href":"https:\/\/www.deberes.net\/tesis\/wp-json\/wp\/v2\/comments?post=53593"}],"version-history":[{"count":0,"href":"https:\/\/www.deberes.net\/tesis\/wp-json\/wp\/v2\/posts\/53593\/revisions"}],"wp:attachment":[{"href":"https:\/\/www.deberes.net\/tesis\/wp-json\/wp\/v2\/media?parent=53593"}],"wp:term":[{"taxonomy":"category","embeddable":true,"href":"https:\/\/www.deberes.net\/tesis\/wp-json\/wp\/v2\/categories?post=53593"},{"taxonomy":"post_tag","embeddable":true,"href":"https:\/\/www.deberes.net\/tesis\/wp-json\/wp\/v2\/tags?post=53593"}],"curies":[{"name":"wp","href":"https:\/\/api.w.org\/{rel}","templated":true}]}}