{"id":53742,"date":"2006-04-07T00:00:00","date_gmt":"2006-04-07T00:00:00","guid":{"rendered":"https:\/\/www.deberes.net\/tesis\/sin-categoria\/malestar-psicologico-en-estudiantes-universitarios-va%c2%adctimas-del-abuso-sexual-infantil-y-otros-estresores\/"},"modified":"2006-04-07T00:00:00","modified_gmt":"2006-04-07T00:00:00","slug":"malestar-psicologico-en-estudiantes-universitarios-va%c2%adctimas-del-abuso-sexual-infantil-y-otros-estresores","status":"publish","type":"post","link":"https:\/\/www.deberes.net\/tesis\/psicopatologia\/malestar-psicologico-en-estudiantes-universitarios-va%c2%adctimas-del-abuso-sexual-infantil-y-otros-estresores\/","title":{"rendered":"Malestar psicol\u00f3gico en estudiantes universitarios v\u00edctimas del abuso sexual infantil y otros estresores"},"content":{"rendered":"<h2>Tesis doctoral de <strong> Noemi Pereda Beltran <\/strong><\/h2>\n<p>El abuso sexual infantil ha sido considerado uno de los problemas de salud p\u00fablica m\u00e1s graves que tiene que afrontar la sociedad y, especialmente, los ni\u00f1os y j\u00f3venes (macmillan, 1998). Los estudios realizados confirman que el abuso sexual es un problema mucho m\u00e1s extendido de los previamente estimado e incluso hasta las tasas de preValencia m\u00e1s bajas incluyen a un gran n\u00famero de v\u00edctimas. Es importante considerar que el impacto psicoemocional que el abuso sexual llega a producir en la v\u00edctima va a estar mediado por diferentes variables, entre las que d estacan el sentimiento de culpa y la percepci\u00f3n de apoyo social.  este trabajo tiene como objetivo conocer la preValencia del abuso sexual en poblaci\u00f3n universitaria y establecer la sintomatolog\u00eda psicol\u00f3gica presente en este tipo de v\u00edctimas, en contraste con la generada por otros estresores y en funci\u00f3n del posible efecto de las variables mediadoras. la muestra se compone de 1.033 estudiantes universitarios (317 varones y 716 mujeres) de entre 18,0 y 30,6 a\u00f1os (m=21,71; dt=2,63), pertenecientes a distintas facultades y centros adscritos de la universidad de barcelona. se aplicaron los cuestionarios;     a,- brief symptom inventory (derogatis, 1993), que eval\u00faa nueve dimensiones de s\u00edntomas psicopatol\u00f3gicos.     b,- cuestionario de apoyo social percibido (gracia, herrero, y musitu, 2002), dise\u00f1ado para evaluar la red de apoyo y el apoyo percibido.     c,- traumatic life events questionanire (kubany y haynes, 2001), que eval\u00faa la vivencia de 22 acontecimientos potencialmente traum\u00e1ticos, entre los que destaca el abuso sexual infantil.     d,- distressing event questionnaire (kubany, 2001) que eval\u00faa los s\u00edntomas caracter\u00edsticos del trastorno por estr\u00e9s postraum\u00e1tico.     e,- y trauma related guilt inventory (kubany y haynes, 2001), centrado en la evaluaci\u00f3n del sentimiento de culpal.      un 92,3% de los estudiantes (93,4% de los valores y el 91,8% de las mujeres) manifestar<\/p>\n<p>&nbsp;<\/p>\n<h3>Datos acad\u00e9micos de la tesis doctoral \u00ab<strong>Malestar psicol\u00f3gico en estudiantes universitarios v\u00edctimas del abuso sexual infantil y otros estresores<\/strong>\u00ab<\/h3>\n<ul>\n<li><strong>T\u00edtulo de la tesis:<\/strong>\u00a0 Malestar psicol\u00f3gico en estudiantes universitarios v\u00edctimas del abuso sexual infantil y otros estresores <\/li>\n<li><strong>Autor:<\/strong>\u00a0 Noemi Pereda Beltran <\/li>\n<li><strong>Universidad:<\/strong>\u00a0 Barcelona<\/li>\n<li><strong>Fecha de lectura de la tesis:<\/strong>\u00a0 04\/07\/2006<\/li>\n<\/ul>\n<p>&nbsp;<\/p>\n<h3>Direcci\u00f3n y tribunal<\/h3>\n<ul>\n<li><strong>Director de la tesis<\/strong>\n<ul>\n<li>Mar\u00eda Forns Santacana<\/li>\n<\/ul>\n<\/li>\n<li><strong>Tribunal<\/strong>\n<ul>\n<li>Presidente del tribunal: f\u00e9lix L\u00f3pez s\u00e1nchez <\/li>\n<li>enrique Exhebur\u00faa odraizola (vocal)<\/li>\n<li>montsserrat Frixa blanxart (vocal)<\/li>\n<li>Juan  Manuel Moreno manso (vocal)<\/li>\n<\/ul>\n<\/li>\n<\/ul>\n<p>&nbsp;<\/p>\n","protected":false},"excerpt":{"rendered":"<p>Tesis doctoral de Noemi Pereda Beltran El abuso sexual infantil ha sido considerado uno de los problemas de salud p\u00fablica [&hellip;]<\/p>\n","protected":false},"author":1,"featured_media":0,"comment_status":"open","ping_status":"open","sticky":false,"template":"","format":"standard","meta":{"site-sidebar-layout":"default","site-content-layout":"","ast-site-content-layout":"","site-content-style":"default","site-sidebar-style":"default","ast-global-header-display":"","ast-banner-title-visibility":"","ast-main-header-display":"","ast-hfb-above-header-display":"","ast-hfb-below-header-display":"","ast-hfb-mobile-header-display":"","site-post-title":"","ast-breadcrumbs-content":"","ast-featured-img":"","footer-sml-layout":"","theme-transparent-header-meta":"","adv-header-id-meta":"","stick-header-meta":"","header-above-stick-meta":"","header-main-stick-meta":"","header-below-stick-meta":"","astra-migrate-meta-layouts":"default","ast-page-background-enabled":"default","ast-page-background-meta":{"desktop":{"background-color":"var(--ast-global-color-4)","background-image":"","background-repeat":"repeat","background-position":"center center","background-size":"auto","background-attachment":"scroll","background-type":"","background-media":"","overlay-type":"","overlay-color":"","overlay-gradient":""},"tablet":{"background-color":"","background-image":"","background-repeat":"repeat","background-position":"center center","background-size":"auto","background-attachment":"scroll","background-type":"","background-media":"","overlay-type":"","overlay-color":"","overlay-gradient":""},"mobile":{"background-color":"","background-image":"","background-repeat":"repeat","background-position":"center center","background-size":"auto","background-attachment":"scroll","background-type":"","background-media":"","overlay-type":"","overlay-color":"","overlay-gradient":""}},"ast-content-background-meta":{"desktop":{"background-color":"var(--ast-global-color-5)","background-image":"","background-repeat":"repeat","background-position":"center center","background-size":"auto","background-attachment":"scroll","background-type":"","background-media":"","overlay-type":"","overlay-color":"","overlay-gradient":""},"tablet":{"background-color":"var(--ast-global-color-5)","background-image":"","background-repeat":"repeat","background-position":"center center","background-size":"auto","background-attachment":"scroll","background-type":"","background-media":"","overlay-type":"","overlay-color":"","overlay-gradient":""},"mobile":{"background-color":"var(--ast-global-color-5)","background-image":"","background-repeat":"repeat","background-position":"center center","background-size":"auto","background-attachment":"scroll","background-type":"","background-media":"","overlay-type":"","overlay-color":"","overlay-gradient":""}},"footnotes":""},"categories":[951,6025,1175,325],"tags":[118641,40131,39074,22257,118642,118640],"class_list":["post-53742","post","type-post","status-publish","format-standard","hentry","category-barcelona","category-estudio-psicologico-de-cuestiones-sociales","category-evaluacion-y-diagnostico-en-psicologia","category-psicopatologia","tag-enrique-exheburua-odraizola","tag-felix-lopez-sanchez","tag-juan-manuel-moreno-manso","tag-maria-forns-santacana","tag-montsserrat-frixa-blanxart","tag-noemi-pereda-beltran"],"_links":{"self":[{"href":"https:\/\/www.deberes.net\/tesis\/wp-json\/wp\/v2\/posts\/53742","targetHints":{"allow":["GET"]}}],"collection":[{"href":"https:\/\/www.deberes.net\/tesis\/wp-json\/wp\/v2\/posts"}],"about":[{"href":"https:\/\/www.deberes.net\/tesis\/wp-json\/wp\/v2\/types\/post"}],"author":[{"embeddable":true,"href":"https:\/\/www.deberes.net\/tesis\/wp-json\/wp\/v2\/users\/1"}],"replies":[{"embeddable":true,"href":"https:\/\/www.deberes.net\/tesis\/wp-json\/wp\/v2\/comments?post=53742"}],"version-history":[{"count":0,"href":"https:\/\/www.deberes.net\/tesis\/wp-json\/wp\/v2\/posts\/53742\/revisions"}],"wp:attachment":[{"href":"https:\/\/www.deberes.net\/tesis\/wp-json\/wp\/v2\/media?parent=53742"}],"wp:term":[{"taxonomy":"category","embeddable":true,"href":"https:\/\/www.deberes.net\/tesis\/wp-json\/wp\/v2\/categories?post=53742"},{"taxonomy":"post_tag","embeddable":true,"href":"https:\/\/www.deberes.net\/tesis\/wp-json\/wp\/v2\/tags?post=53742"}],"curies":[{"name":"wp","href":"https:\/\/api.w.org\/{rel}","templated":true}]}}