{"id":53760,"date":"2006-04-07T00:00:00","date_gmt":"2006-04-07T00:00:00","guid":{"rendered":"https:\/\/www.deberes.net\/tesis\/sin-categoria\/familia-y-problemas-de-desajuste-en-la-adolescencia-el-papel-mediador-de-los-recursos-psicosociales\/"},"modified":"2006-04-07T00:00:00","modified_gmt":"2006-04-07T00:00:00","slug":"familia-y-problemas-de-desajuste-en-la-adolescencia-el-papel-mediador-de-los-recursos-psicosociales","status":"publish","type":"post","link":"https:\/\/www.deberes.net\/tesis\/psicologia\/familia-y-problemas-de-desajuste-en-la-adolescencia-el-papel-mediador-de-los-recursos-psicosociales\/","title":{"rendered":"Familia y problemas de desajuste en la adolescencia: el papel mediador de los recursos psicosociales"},"content":{"rendered":"<h2>Tesis doctoral de <strong> Teresa Isabel Jimenez Gutierrez <\/strong><\/h2>\n<p>Introducci\u00f3n: existe una muy amplia literatura cient\u00edfica que se\u00f1ala que las relaciones dentro de la familia (la composici\u00f3n familiar, el estilo, el clima, etc.) Configuran un escenario que condiciona el repertorio de conductas adolescentes y sus mayores o menores posibilidades de que \u00e9stas sean de tipo problem\u00e1tico. M\u00e1s aun, las relaciones en el contexto familiar pueden condicionar la base de seguridad y confianza con la que los chicos y chicas gestionar\u00e1n los riesgos y crisis que tendr\u00e1n que vivir. Nuestro inter\u00e9s se centra en conocer por qu\u00e9 o c\u00f3mo la familia influye en las conductas de los hijos\/as adolescentes. Es decir, consideramos que pueden existir ciertas variables relacionadas con esa base de seguridad y confianza que act\u00faen como mediadoras en la relaci\u00f3n entre familia y conducta de los adolescentes, y que expliquen por tanto dicha relaci\u00f3n. Consideramos dos variables que pueden desempe\u00f1ar dicha funci\u00f3n mediadora o de \u00abtraducci\u00f3n\u00bb de la influencia de la familia en los problemas de desajuste del adolescente: su autoestima y el apoyo social percibido de sus relaciones interpersonales significativas.  objetivo: el objetivo general de esta investigaci\u00f3n es analizar la relaci\u00f3n entre el funcionamiento, la satisfacci\u00f3n y la comunicaci\u00f3n familiar y tres indicadores de desajuste psicosocial (conducta delictiva, consumo de sustancias y \u00e1nimo depresivo), considerando los recursos psicosociales de autoestima y apoyo social percibido del adolescente desde una perspectiva multidimensional y como variables mediadoras en dicha relaci\u00f3n.  resultados: en general, la calidad de las relaciones entre los miembros de la familia influye en los recursos piscosociales en dos sentidos: cuando las interacciones en la familia son positivas (cohesivas, flexibles, satisfactorias y caracterizadas por una comunicaci\u00f3n abierta y fluida), \u00e9stas se relacionan con un mayor desarrollo de las percepciones de apoyo social y de las autova<\/p>\n<p>&nbsp;<\/p>\n<h3>Datos acad\u00e9micos de la tesis doctoral \u00ab<strong>Familia y problemas de desajuste en la adolescencia: el papel mediador de los recursos psicosociales<\/strong>\u00ab<\/h3>\n<ul>\n<li><strong>T\u00edtulo de la tesis:<\/strong>\u00a0 Familia y problemas de desajuste en la adolescencia: el papel mediador de los recursos psicosociales <\/li>\n<li><strong>Autor:<\/strong>\u00a0 Teresa Isabel Jimenez Gutierrez <\/li>\n<li><strong>Universidad:<\/strong>\u00a0 Universitat de val\u00e9ncia (estudi general)<\/li>\n<li><strong>Fecha de lectura de la tesis:<\/strong>\u00a0 04\/07\/2006<\/li>\n<\/ul>\n<p>&nbsp;<\/p>\n<h3>Direcci\u00f3n y tribunal<\/h3>\n<ul>\n<li><strong>Director de la tesis<\/strong>\n<ul>\n<li>Gonzalo Musitu Ochoa<\/li>\n<\/ul>\n<\/li>\n<li><strong>Tribunal<\/strong>\n<ul>\n<li>Presidente del tribunal: ferran Casas aznar <\/li>\n<li>Jos\u00e9 Mar\u00eda Roman sanchez (vocal)<\/li>\n<li>henri Lehalle (vocal)<\/li>\n<li>silverio Barriga jim\u00e9nez (vocal)<\/li>\n<\/ul>\n<\/li>\n<\/ul>\n<p>&nbsp;<\/p>\n","protected":false},"excerpt":{"rendered":"<p>Tesis doctoral de Teresa Isabel Jimenez Gutierrez Introducci\u00f3n: existe una muy amplia literatura cient\u00edfica que se\u00f1ala que las relaciones dentro [&hellip;]<\/p>\n","protected":false},"author":1,"featured_media":0,"comment_status":"open","ping_status":"open","sticky":false,"template":"","format":"standard","meta":{"site-sidebar-layout":"default","site-content-layout":"","ast-site-content-layout":"","site-content-style":"default","site-sidebar-style":"default","ast-global-header-display":"","ast-banner-title-visibility":"","ast-main-header-display":"","ast-hfb-above-header-display":"","ast-hfb-below-header-display":"","ast-hfb-mobile-header-display":"","site-post-title":"","ast-breadcrumbs-content":"","ast-featured-img":"","footer-sml-layout":"","theme-transparent-header-meta":"","adv-header-id-meta":"","stick-header-meta":"","header-above-stick-meta":"","header-main-stick-meta":"","header-below-stick-meta":"","astra-migrate-meta-layouts":"default","ast-page-background-enabled":"default","ast-page-background-meta":{"desktop":{"background-color":"var(--ast-global-color-4)","background-image":"","background-repeat":"repeat","background-position":"center center","background-size":"auto","background-attachment":"scroll","background-type":"","background-media":"","overlay-type":"","overlay-color":"","overlay-gradient":""},"tablet":{"background-color":"","background-image":"","background-repeat":"repeat","background-position":"center center","background-size":"auto","background-attachment":"scroll","background-type":"","background-media":"","overlay-type":"","overlay-color":"","overlay-gradient":""},"mobile":{"background-color":"","background-image":"","background-repeat":"repeat","background-position":"center center","background-size":"auto","background-attachment":"scroll","background-type":"","background-media":"","overlay-type":"","overlay-color":"","overlay-gradient":""}},"ast-content-background-meta":{"desktop":{"background-color":"var(--ast-global-color-5)","background-image":"","background-repeat":"repeat","background-position":"center center","background-size":"auto","background-attachment":"scroll","background-type":"","background-media":"","overlay-type":"","overlay-color":"","overlay-gradient":""},"tablet":{"background-color":"var(--ast-global-color-5)","background-image":"","background-repeat":"repeat","background-position":"center center","background-size":"auto","background-attachment":"scroll","background-type":"","background-media":"","overlay-type":"","overlay-color":"","overlay-gradient":""},"mobile":{"background-color":"var(--ast-global-color-5)","background-image":"","background-repeat":"repeat","background-position":"center center","background-size":"auto","background-attachment":"scroll","background-type":"","background-media":"","overlay-type":"","overlay-color":"","overlay-gradient":""}},"footnotes":""},"categories":[1168,324,970,2758,996],"tags":[3581,11387,104299,5139,11501,118685],"class_list":["post-53760","post","type-post","status-publish","format-standard","hentry","category-procesos-de-grupos","category-psicologia","category-psicologia-del-nino-y-del-adolescente","category-psicologia-evolutiva","category-psicologia-social","tag-ferran-casas-aznar","tag-gonzalo-musitu-ochoa","tag-henri-lehalle","tag-jose-maria-roman-sanchez","tag-silverio-barriga-jimenez","tag-teresa-isabel-jimenez-gutierrez"],"_links":{"self":[{"href":"https:\/\/www.deberes.net\/tesis\/wp-json\/wp\/v2\/posts\/53760","targetHints":{"allow":["GET"]}}],"collection":[{"href":"https:\/\/www.deberes.net\/tesis\/wp-json\/wp\/v2\/posts"}],"about":[{"href":"https:\/\/www.deberes.net\/tesis\/wp-json\/wp\/v2\/types\/post"}],"author":[{"embeddable":true,"href":"https:\/\/www.deberes.net\/tesis\/wp-json\/wp\/v2\/users\/1"}],"replies":[{"embeddable":true,"href":"https:\/\/www.deberes.net\/tesis\/wp-json\/wp\/v2\/comments?post=53760"}],"version-history":[{"count":0,"href":"https:\/\/www.deberes.net\/tesis\/wp-json\/wp\/v2\/posts\/53760\/revisions"}],"wp:attachment":[{"href":"https:\/\/www.deberes.net\/tesis\/wp-json\/wp\/v2\/media?parent=53760"}],"wp:term":[{"taxonomy":"category","embeddable":true,"href":"https:\/\/www.deberes.net\/tesis\/wp-json\/wp\/v2\/categories?post=53760"},{"taxonomy":"post_tag","embeddable":true,"href":"https:\/\/www.deberes.net\/tesis\/wp-json\/wp\/v2\/tags?post=53760"}],"curies":[{"name":"wp","href":"https:\/\/api.w.org\/{rel}","templated":true}]}}