{"id":53782,"date":"2006-05-07T00:00:00","date_gmt":"2006-05-07T00:00:00","guid":{"rendered":"https:\/\/www.deberes.net\/tesis\/sin-categoria\/la-proteccion-de-la-dependencia-de-las-personas-mayores-desde-el-derecho-del-trabajo-y-de-la-seguridad-social\/"},"modified":"2006-05-07T00:00:00","modified_gmt":"2006-05-07T00:00:00","slug":"la-proteccion-de-la-dependencia-de-las-personas-mayores-desde-el-derecho-del-trabajo-y-de-la-seguridad-social","status":"publish","type":"post","link":"https:\/\/www.deberes.net\/tesis\/barcelona\/la-proteccion-de-la-dependencia-de-las-personas-mayores-desde-el-derecho-del-trabajo-y-de-la-seguridad-social\/","title":{"rendered":"La protecci\u00f3n de la dependencia de las personas mayores desde el derecho del trabajo y de la seguridad social"},"content":{"rendered":"<h2>Tesis doctoral de <strong>  N\u00fa\u00f1ez Fern\u00e1ndez Ana Bel\u00e9n <\/strong><\/h2>\n<p>La protecci\u00f3n de la dependencia se ha convertido en un objetivo prioritario de los poderes p\u00fablicos, en la medida en que, desde hace a\u00f1os, se asiste a un incremento importante del n\u00famero de personas que no pueden llevar a cabo de forma aut\u00f3noma las actividades de la vida diaria. En especial, las situaciones de dependencia afectan a un colectivo concreto, como son las personas que superan los sesenta y cinco a\u00f1os de edad, como consecuencia del deterioro progresivo asociado a los \u00faltimos a\u00f1os dela vida. A pesar de esta realidad, la protecci\u00f3n existente es totalmente insuficiente, a pesar de que en los pr\u00f3ximos meses ser\u00e1 aprobada la primera norma dirigida espec\u00edficamente a proteger la dependencia. Se trata de la ley de promoci\u00f3n de la autonom\u00eda personal y atenci\u00f3n a las personas en situaci\u00f3n de dependencia que, a pesar de constituir un paso decisivo, no logra, en los \u00faltimos en que est\u00e1 planteada, otorgar una protecci\u00f3n integral y efectiva a estas situaciones.  en la presente investigaci\u00f3n se ha llevado a cabo un estudio de la dependencia de las personas mayores en espa\u00f1a, tanto desde un punto de vista cuantitativo como cualitativo, y tras constatar la necesidad de una protecci\u00f3n espec\u00edfica, se formulan un conjunto de propuestas encuadradas en las disciplinas de derecho del trabajo, derecho de la seguridad social, y sistemas auton\u00f3micos de servicios sociales. De este modo, se formulan mecanismos de protecci\u00f3n a la dependencia dirigidos no s\u00f3lo a la persona mayor que necesita ayuda para realizar los actos de la vida diaria sino tambi\u00e9n a los siempre olvidados cuidadores informales.<\/p>\n<p>&nbsp;<\/p>\n<h3>Datos acad\u00e9micos de la tesis doctoral \u00ab<strong>La protecci\u00f3n de la dependencia de las personas mayores desde el derecho del trabajo y de la seguridad social<\/strong>\u00ab<\/h3>\n<ul>\n<li><strong>T\u00edtulo de la tesis:<\/strong>\u00a0 La protecci\u00f3n de la dependencia de las personas mayores desde el derecho del trabajo y de la seguridad social <\/li>\n<li><strong>Autor:<\/strong>\u00a0  N\u00fa\u00f1ez Fern\u00e1ndez Ana Bel\u00e9n <\/li>\n<li><strong>Universidad:<\/strong>\u00a0 Barcelona<\/li>\n<li><strong>Fecha de lectura de la tesis:<\/strong>\u00a0 05\/07\/2006<\/li>\n<\/ul>\n<p>&nbsp;<\/p>\n<h3>Direcci\u00f3n y tribunal<\/h3>\n<ul>\n<li><strong>Director de la tesis<\/strong>\n<ul>\n<li>Jos\u00e9 Ignacio Garcia Ninet<\/li>\n<\/ul>\n<\/li>\n<li><strong>Tribunal<\/strong>\n<ul>\n<li>Presidente del tribunal: jose Vida soria <\/li>\n<li>Jos\u00e9 Luis Monereo perez (vocal)<\/li>\n<li>Antonio  vicente Sempere navarro (vocal)<\/li>\n<li>Juan  Jos\u00e9 Fern\u00e1ndez dom\u00ednguez (vocal)<\/li>\n<\/ul>\n<\/li>\n<\/ul>\n<p>&nbsp;<\/p>\n","protected":false},"excerpt":{"rendered":"<p>Tesis doctoral de N\u00fa\u00f1ez Fern\u00e1ndez Ana Bel\u00e9n La protecci\u00f3n de la dependencia se ha convertido en un objetivo prioritario de [&hellip;]<\/p>\n","protected":false},"author":1,"featured_media":0,"comment_status":"open","ping_status":"open","sticky":false,"template":"","format":"standard","meta":{"site-sidebar-layout":"default","site-content-layout":"","ast-site-content-layout":"","site-content-style":"default","site-sidebar-style":"default","ast-global-header-display":"","ast-banner-title-visibility":"","ast-main-header-display":"","ast-hfb-above-header-display":"","ast-hfb-below-header-display":"","ast-hfb-mobile-header-display":"","site-post-title":"","ast-breadcrumbs-content":"","ast-featured-img":"","footer-sml-layout":"","theme-transparent-header-meta":"","adv-header-id-meta":"","stick-header-meta":"","header-above-stick-meta":"","header-main-stick-meta":"","header-below-stick-meta":"","astra-migrate-meta-layouts":"default","ast-page-background-enabled":"default","ast-page-background-meta":{"desktop":{"background-color":"var(--ast-global-color-4)","background-image":"","background-repeat":"repeat","background-position":"center center","background-size":"auto","background-attachment":"scroll","background-type":"","background-media":"","overlay-type":"","overlay-color":"","overlay-gradient":""},"tablet":{"background-color":"","background-image":"","background-repeat":"repeat","background-position":"center center","background-size":"auto","background-attachment":"scroll","background-type":"","background-media":"","overlay-type":"","overlay-color":"","overlay-gradient":""},"mobile":{"background-color":"","background-image":"","background-repeat":"repeat","background-position":"center center","background-size":"auto","background-attachment":"scroll","background-type":"","background-media":"","overlay-type":"","overlay-color":"","overlay-gradient":""}},"ast-content-background-meta":{"desktop":{"background-color":"var(--ast-global-color-5)","background-image":"","background-repeat":"repeat","background-position":"center center","background-size":"auto","background-attachment":"scroll","background-type":"","background-media":"","overlay-type":"","overlay-color":"","overlay-gradient":""},"tablet":{"background-color":"var(--ast-global-color-5)","background-image":"","background-repeat":"repeat","background-position":"center center","background-size":"auto","background-attachment":"scroll","background-type":"","background-media":"","overlay-type":"","overlay-color":"","overlay-gradient":""},"mobile":{"background-color":"var(--ast-global-color-5)","background-image":"","background-repeat":"repeat","background-position":"center center","background-size":"auto","background-attachment":"scroll","background-type":"","background-media":"","overlay-type":"","overlay-color":"","overlay-gradient":""}},"footnotes":""},"categories":[951,979],"tags":[24532,26862,28783,3700,37202,118737],"class_list":["post-53782","post","type-post","status-publish","format-standard","hentry","category-barcelona","category-derecho-y-legislacion-nacionales","tag-antonio-vicente-sempere-navarro","tag-jose-ignacio-garcia-ninet","tag-jose-luis-monereo-perez","tag-jose-vida-soria","tag-juan-jose-fernandez-dominguez","tag-nunez-fernandez-ana-belen"],"_links":{"self":[{"href":"https:\/\/www.deberes.net\/tesis\/wp-json\/wp\/v2\/posts\/53782","targetHints":{"allow":["GET"]}}],"collection":[{"href":"https:\/\/www.deberes.net\/tesis\/wp-json\/wp\/v2\/posts"}],"about":[{"href":"https:\/\/www.deberes.net\/tesis\/wp-json\/wp\/v2\/types\/post"}],"author":[{"embeddable":true,"href":"https:\/\/www.deberes.net\/tesis\/wp-json\/wp\/v2\/users\/1"}],"replies":[{"embeddable":true,"href":"https:\/\/www.deberes.net\/tesis\/wp-json\/wp\/v2\/comments?post=53782"}],"version-history":[{"count":0,"href":"https:\/\/www.deberes.net\/tesis\/wp-json\/wp\/v2\/posts\/53782\/revisions"}],"wp:attachment":[{"href":"https:\/\/www.deberes.net\/tesis\/wp-json\/wp\/v2\/media?parent=53782"}],"wp:term":[{"taxonomy":"category","embeddable":true,"href":"https:\/\/www.deberes.net\/tesis\/wp-json\/wp\/v2\/categories?post=53782"},{"taxonomy":"post_tag","embeddable":true,"href":"https:\/\/www.deberes.net\/tesis\/wp-json\/wp\/v2\/tags?post=53782"}],"curies":[{"name":"wp","href":"https:\/\/api.w.org\/{rel}","templated":true}]}}