{"id":53796,"date":"2006-05-07T00:00:00","date_gmt":"2006-05-07T00:00:00","guid":{"rendered":"https:\/\/www.deberes.net\/tesis\/sin-categoria\/el-acogimiento-en-familia-educadora-como-medida-de-proteccion-para-el-menor-en-situacion-de-riesgo-o-desamparo\/"},"modified":"2006-05-07T00:00:00","modified_gmt":"2006-05-07T00:00:00","slug":"el-acogimiento-en-familia-educadora-como-medida-de-proteccion-para-el-menor-en-situacion-de-riesgo-o-desamparo","status":"publish","type":"post","link":"https:\/\/www.deberes.net\/tesis\/psicologia\/el-acogimiento-en-familia-educadora-como-medida-de-proteccion-para-el-menor-en-situacion-de-riesgo-o-desamparo\/","title":{"rendered":"El acogimiento en familia educadora como medida de protecci\u00f3n para el menor en situaci\u00f3n de riesgo o desamparo"},"content":{"rendered":"<h2>Tesis doctoral de <strong> Rosa Josefa Molero Ma\u00f1es <\/strong><\/h2>\n<p>El trabajo que presentamos, est\u00e1 centrado en el acogimiento en familia educadora como medida de protecci\u00f3n para el menor en situaci\u00f3n de riesgo o desamparo y nace de la inquietud, el inter\u00e9s y la sensibilidad hacia este recurso de las personas que decidimos llevarlo a cabo.  con esta investigaci\u00f3n hemos pretendido, en primer lugar, abordar desde la explicaci\u00f3n te\u00f3rica, fruto de la bibliograf\u00eda revisada y de las reflexiones propias, la cuesti\u00f3n de la familia en el desarrollo del menor, el maltrato infantil, las familias en crisis, los menores en situaci\u00f3n de riesgo y desamparo, los recursos del sistema de protecci\u00f3n de la infancia y, finalmente, el acogimiento en familia educadora.  para dar constancia de lo expresado, hemos reflexionado acerca de la conceptualizaci\u00f3n de familia, el cambio producido en las sociedades y en las familias, las funciones y tareas familiares, las relaciones que se establecen en este \u00e1mbito, la importancia de las experiencias tempranas incluso, la propia representaci\u00f3n mental de los padres sobre sus relaciones tempranas, como marco explicativo de conductas y comportamientos de los menores acogidos y los procesos de socializaci\u00f3n de las familias. Todo ello, en un intento por analizar el contexto entendido como principal para el desarrollo infantil.  tambi\u00e9n y partiendo de las situaciones normalizadas, se ha abordado qu\u00e9 se entiende por familia multiproblem\u00e1tica y qu\u00e9 factores pueden estar a la base de sus problemas, cu\u00e1les son los derechos y las necesidades que deben estar cubiertas para garantizar una evoluci\u00f3n adecuada, qu\u00e9 son situaciones de desprotecci\u00f3n, definiendo tanto lo que se entiende por riesgo como por desamparo, se revisa brevemente el recorrido hist\u00f3rico sobre el maltrato infantil y las respuestas al mismo, se deja constancia de la explicaci\u00f3n de la violencia intrafamiliar desde el modelo ecosist\u00e9mico y se aborda la prevenci\u00f3n del maltrato como garant\u00eda de no ocurrencia<\/p>\n<p>&nbsp;<\/p>\n<h3>Datos acad\u00e9micos de la tesis doctoral \u00ab<strong>El acogimiento en familia educadora como medida de protecci\u00f3n para el menor en situaci\u00f3n de riesgo o desamparo<\/strong>\u00ab<\/h3>\n<ul>\n<li><strong>T\u00edtulo de la tesis:<\/strong>\u00a0 El acogimiento en familia educadora como medida de protecci\u00f3n para el menor en situaci\u00f3n de riesgo o desamparo <\/li>\n<li><strong>Autor:<\/strong>\u00a0 Rosa Josefa Molero Ma\u00f1es <\/li>\n<li><strong>Universidad:<\/strong>\u00a0 Universitat de val\u00e9ncia (estudi general)<\/li>\n<li><strong>Fecha de lectura de la tesis:<\/strong>\u00a0 05\/07\/2006<\/li>\n<\/ul>\n<p>&nbsp;<\/p>\n<h3>Direcci\u00f3n y tribunal<\/h3>\n<ul>\n<li><strong>Director de la tesis<\/strong>\n<ul>\n<li>Adelina Gimeno Collado<\/li>\n<\/ul>\n<\/li>\n<li><strong>Tribunal<\/strong>\n<ul>\n<li>Presidente del tribunal: Jos\u00e9 Mar\u00eda Roman sanchez <\/li>\n<li>\u00e1ngela Mu\u00f1oz s\u00e1nchez (vocal)<\/li>\n<li>gonzalo Musitu ochoa (vocal)<\/li>\n<li>Juan  Jos\u00e9 Zacar\u00e9s gonz\u00e1lez (vocal)<\/li>\n<\/ul>\n<\/li>\n<\/ul>\n<p>&nbsp;<\/p>\n","protected":false},"excerpt":{"rendered":"<p>Tesis doctoral de Rosa Josefa Molero Ma\u00f1es El trabajo que presentamos, est\u00e1 centrado en el acogimiento en familia educadora como [&hellip;]<\/p>\n","protected":false},"author":1,"featured_media":0,"comment_status":"open","ping_status":"open","sticky":false,"template":"","format":"standard","meta":{"site-sidebar-layout":"default","site-content-layout":"","ast-site-content-layout":"","site-content-style":"default","site-sidebar-style":"default","ast-global-header-display":"","ast-banner-title-visibility":"","ast-main-header-display":"","ast-hfb-above-header-display":"","ast-hfb-below-header-display":"","ast-hfb-mobile-header-display":"","site-post-title":"","ast-breadcrumbs-content":"","ast-featured-img":"","footer-sml-layout":"","theme-transparent-header-meta":"","adv-header-id-meta":"","stick-header-meta":"","header-above-stick-meta":"","header-main-stick-meta":"","header-below-stick-meta":"","astra-migrate-meta-layouts":"default","ast-page-background-enabled":"default","ast-page-background-meta":{"desktop":{"background-color":"var(--ast-global-color-4)","background-image":"","background-repeat":"repeat","background-position":"center center","background-size":"auto","background-attachment":"scroll","background-type":"","background-media":"","overlay-type":"","overlay-color":"","overlay-gradient":""},"tablet":{"background-color":"","background-image":"","background-repeat":"repeat","background-position":"center center","background-size":"auto","background-attachment":"scroll","background-type":"","background-media":"","overlay-type":"","overlay-color":"","overlay-gradient":""},"mobile":{"background-color":"","background-image":"","background-repeat":"repeat","background-position":"center center","background-size":"auto","background-attachment":"scroll","background-type":"","background-media":"","overlay-type":"","overlay-color":"","overlay-gradient":""}},"ast-content-background-meta":{"desktop":{"background-color":"var(--ast-global-color-5)","background-image":"","background-repeat":"repeat","background-position":"center center","background-size":"auto","background-attachment":"scroll","background-type":"","background-media":"","overlay-type":"","overlay-color":"","overlay-gradient":""},"tablet":{"background-color":"var(--ast-global-color-5)","background-image":"","background-repeat":"repeat","background-position":"center center","background-size":"auto","background-attachment":"scroll","background-type":"","background-media":"","overlay-type":"","overlay-color":"","overlay-gradient":""},"mobile":{"background-color":"var(--ast-global-color-5)","background-image":"","background-repeat":"repeat","background-position":"center center","background-size":"auto","background-attachment":"scroll","background-type":"","background-media":"","overlay-type":"","overlay-color":"","overlay-gradient":""}},"footnotes":""},"categories":[324,970,2758],"tags":[12055,58211,11387,5139,12437,118765],"class_list":["post-53796","post","type-post","status-publish","format-standard","hentry","category-psicologia","category-psicologia-del-nino-y-del-adolescente","category-psicologia-evolutiva","tag-adelina-gimeno-collado","tag-angela-munoz-sanchez","tag-gonzalo-musitu-ochoa","tag-jose-maria-roman-sanchez","tag-juan-jose-zacares-gonzalez","tag-rosa-josefa-molero-manes"],"_links":{"self":[{"href":"https:\/\/www.deberes.net\/tesis\/wp-json\/wp\/v2\/posts\/53796","targetHints":{"allow":["GET"]}}],"collection":[{"href":"https:\/\/www.deberes.net\/tesis\/wp-json\/wp\/v2\/posts"}],"about":[{"href":"https:\/\/www.deberes.net\/tesis\/wp-json\/wp\/v2\/types\/post"}],"author":[{"embeddable":true,"href":"https:\/\/www.deberes.net\/tesis\/wp-json\/wp\/v2\/users\/1"}],"replies":[{"embeddable":true,"href":"https:\/\/www.deberes.net\/tesis\/wp-json\/wp\/v2\/comments?post=53796"}],"version-history":[{"count":0,"href":"https:\/\/www.deberes.net\/tesis\/wp-json\/wp\/v2\/posts\/53796\/revisions"}],"wp:attachment":[{"href":"https:\/\/www.deberes.net\/tesis\/wp-json\/wp\/v2\/media?parent=53796"}],"wp:term":[{"taxonomy":"category","embeddable":true,"href":"https:\/\/www.deberes.net\/tesis\/wp-json\/wp\/v2\/categories?post=53796"},{"taxonomy":"post_tag","embeddable":true,"href":"https:\/\/www.deberes.net\/tesis\/wp-json\/wp\/v2\/tags?post=53796"}],"curies":[{"name":"wp","href":"https:\/\/api.w.org\/{rel}","templated":true}]}}