{"id":53832,"date":"2006-06-07T00:00:00","date_gmt":"2006-06-07T00:00:00","guid":{"rendered":"https:\/\/www.deberes.net\/tesis\/sin-categoria\/la-conexion-entre-el-capital-humano-y-la-competitividad-instrumentos-de-medicion-y-analisis-estructural\/"},"modified":"2006-06-07T00:00:00","modified_gmt":"2006-06-07T00:00:00","slug":"la-conexion-entre-el-capital-humano-y-la-competitividad-instrumentos-de-medicion-y-analisis-estructural","status":"publish","type":"post","link":"https:\/\/www.deberes.net\/tesis\/teoria-del-crecimiento-economico\/la-conexion-entre-el-capital-humano-y-la-competitividad-instrumentos-de-medicion-y-analisis-estructural\/","title":{"rendered":"La conexi\u00f3n entre el capital humano y la competitividad: instrumentos de medici\u00f3n y an\u00e1lisis estructural"},"content":{"rendered":"<h2>Tesis doctoral de <strong>  Mart\u00edn Arnaiz Jos\u00e9 Lorenzo <\/strong><\/h2>\n<p>El objetivo que nos proponemos en esta tesis es analizar la conexi\u00f3n entre el capital humano y la competitividad, para determinar en qu\u00e9 medida el capital humano contribuye a explicar la competitividad de una econom\u00eda en general y de la econom\u00eda espa\u00f1ola, en particular. Los tres primeros cap\u00edtulos de nuestra investigaci\u00f3n los hemos dedicado al estudio del capital humano. Realizamos una delimitaci\u00f3n conceptual del capital humano, establecemos el marco te\u00f3rico para su an\u00e1lisis, analizamos los diversos indicadores utilizados para medirlo y examinamos diversos estudios en los que se utlizan variables de capital humano para explicar el crecimiento de la productividad y la renta. Los tres cap\u00edtulos siguientes se destinan al estudio de la competitividad. Realizamos una delimitaci\u00f3n conceptual de la competitividad, analizamos los diversos indicadores utilizados para medirla y examinamos diversos estudios que intentan contrastar la incidencia en la competitividad de sus factores determinantes. Los tres \u00faltimos cap\u00edtulos  los hemos dedicado al estudio de la conexi\u00f3n entre el capital humano y la competitividad. Llevamos a cabo una revisi\u00f3n de la literatura acad\u00e9mica y documentos institucionales en los que aparecen argumentos te\u00f3ricos que avalan la existencia de un fuerte v\u00ednculo entre el capital humano y la competitividad. As\u00edmismo, examinamos diversos estudios en los que se presentan modelizaciones econom\u00e9tricas que relacionan de una manera m\u00e1s estrecha la competitividad y el capital humano. Y, por \u00faltimo, realizamos un an\u00e1lisis estructural de la conexi\u00f3n entre el capital humano y la competitividad en los pa\u00edses de la ocde para el per\u00edodo 1985-2000.  Para  ello, examinamos la evoluci\u00f3n de una serie de variables: la poblaci\u00f3n, el pib per c\u00e1pita, el pib por trabajador, el peso de la inversi\u00f3n en el pib,  el porcentaje de poblaci\u00f3n mayor de 25 a\u00f1os que ha alcanzado un determinado nivel de estudios, el peso del gasto en educaci\u00f3n en el pib y la p<\/p>\n<p>&nbsp;<\/p>\n<h3>Datos acad\u00e9micos de la tesis doctoral \u00ab<strong>La conexi\u00f3n entre el capital humano y la competitividad: instrumentos de medici\u00f3n y an\u00e1lisis estructural<\/strong>\u00ab<\/h3>\n<ul>\n<li><strong>T\u00edtulo de la tesis:<\/strong>\u00a0 La conexi\u00f3n entre el capital humano y la competitividad: instrumentos de medici\u00f3n y an\u00e1lisis estructural <\/li>\n<li><strong>Autor:<\/strong>\u00a0  Mart\u00edn Arnaiz Jos\u00e9 Lorenzo <\/li>\n<li><strong>Universidad:<\/strong>\u00a0 Valladolid<\/li>\n<li><strong>Fecha de lectura de la tesis:<\/strong>\u00a0 06\/07\/2006<\/li>\n<\/ul>\n<p>&nbsp;<\/p>\n<h3>Direcci\u00f3n y tribunal<\/h3>\n<ul>\n<li><strong>Director de la tesis<\/strong>\n<ul>\n<li> Mart\u00ednez S\u00e1nchez Jos\u00e9 Mar\u00eda<\/li>\n<\/ul>\n<\/li>\n<li><strong>Tribunal<\/strong>\n<ul>\n<li>Presidente del tribunal: avelino Garcia villarejo <\/li>\n<li>Juan Torres l\u00f3pez (vocal)<\/li>\n<li>Manuel Delgado cabeza (vocal)<\/li>\n<li>oscar Arce hortig\u00ed\u00bcela (vocal)<\/li>\n<\/ul>\n<\/li>\n<\/ul>\n<p>&nbsp;<\/p>\n","protected":false},"excerpt":{"rendered":"<p>Tesis doctoral de Mart\u00edn Arnaiz Jos\u00e9 Lorenzo El objetivo que nos proponemos en esta tesis es analizar la conexi\u00f3n entre [&hellip;]<\/p>\n","protected":false},"author":1,"featured_media":0,"comment_status":"open","ping_status":"open","sticky":false,"template":"","format":"standard","meta":{"site-sidebar-layout":"default","site-content-layout":"","ast-site-content-layout":"","site-content-style":"default","site-sidebar-style":"default","ast-global-header-display":"","ast-banner-title-visibility":"","ast-main-header-display":"","ast-hfb-above-header-display":"","ast-hfb-below-header-display":"","ast-hfb-mobile-header-display":"","site-post-title":"","ast-breadcrumbs-content":"","ast-featured-img":"","footer-sml-layout":"","theme-transparent-header-meta":"","adv-header-id-meta":"","stick-header-meta":"","header-above-stick-meta":"","header-main-stick-meta":"","header-below-stick-meta":"","astra-migrate-meta-layouts":"default","ast-page-background-enabled":"default","ast-page-background-meta":{"desktop":{"background-color":"var(--ast-global-color-4)","background-image":"","background-repeat":"repeat","background-position":"center center","background-size":"auto","background-attachment":"scroll","background-type":"","background-media":"","overlay-type":"","overlay-color":"","overlay-gradient":""},"tablet":{"background-color":"","background-image":"","background-repeat":"repeat","background-position":"center center","background-size":"auto","background-attachment":"scroll","background-type":"","background-media":"","overlay-type":"","overlay-color":"","overlay-gradient":""},"mobile":{"background-color":"","background-image":"","background-repeat":"repeat","background-position":"center center","background-size":"auto","background-attachment":"scroll","background-type":"","background-media":"","overlay-type":"","overlay-color":"","overlay-gradient":""}},"ast-content-background-meta":{"desktop":{"background-color":"var(--ast-global-color-5)","background-image":"","background-repeat":"repeat","background-position":"center center","background-size":"auto","background-attachment":"scroll","background-type":"","background-media":"","overlay-type":"","overlay-color":"","overlay-gradient":""},"tablet":{"background-color":"var(--ast-global-color-5)","background-image":"","background-repeat":"repeat","background-position":"center center","background-size":"auto","background-attachment":"scroll","background-type":"","background-media":"","overlay-type":"","overlay-color":"","overlay-gradient":""},"mobile":{"background-color":"var(--ast-global-color-5)","background-image":"","background-repeat":"repeat","background-position":"center center","background-size":"auto","background-attachment":"scroll","background-type":"","background-media":"","overlay-type":"","overlay-color":"","overlay-gradient":""}},"footnotes":""},"categories":[890,12451],"tags":[57322,6279,23493,118836,81605,118837],"class_list":["post-53832","post","type-post","status-publish","format-standard","hentry","category-teoria-del-crecimiento-economico","category-valladolid","tag-avelino-garcia-villarejo","tag-juan-torres-lopez","tag-manuel-delgado-cabeza","tag-martin-arnaiz-jose-lorenzo","tag-Martinez-sanchez-jose-maria","tag-oscar-arce-hortigiela"],"_links":{"self":[{"href":"https:\/\/www.deberes.net\/tesis\/wp-json\/wp\/v2\/posts\/53832","targetHints":{"allow":["GET"]}}],"collection":[{"href":"https:\/\/www.deberes.net\/tesis\/wp-json\/wp\/v2\/posts"}],"about":[{"href":"https:\/\/www.deberes.net\/tesis\/wp-json\/wp\/v2\/types\/post"}],"author":[{"embeddable":true,"href":"https:\/\/www.deberes.net\/tesis\/wp-json\/wp\/v2\/users\/1"}],"replies":[{"embeddable":true,"href":"https:\/\/www.deberes.net\/tesis\/wp-json\/wp\/v2\/comments?post=53832"}],"version-history":[{"count":0,"href":"https:\/\/www.deberes.net\/tesis\/wp-json\/wp\/v2\/posts\/53832\/revisions"}],"wp:attachment":[{"href":"https:\/\/www.deberes.net\/tesis\/wp-json\/wp\/v2\/media?parent=53832"}],"wp:term":[{"taxonomy":"category","embeddable":true,"href":"https:\/\/www.deberes.net\/tesis\/wp-json\/wp\/v2\/categories?post=53832"},{"taxonomy":"post_tag","embeddable":true,"href":"https:\/\/www.deberes.net\/tesis\/wp-json\/wp\/v2\/tags?post=53832"}],"curies":[{"name":"wp","href":"https:\/\/api.w.org\/{rel}","templated":true}]}}