{"id":53842,"date":"2006-06-07T00:00:00","date_gmt":"2006-06-07T00:00:00","guid":{"rendered":"https:\/\/www.deberes.net\/tesis\/sin-categoria\/la-ensenanza-del-frances-en-el-marco-de-la-institucion-libre-de-ensenanza-1876-1939\/"},"modified":"2006-06-07T00:00:00","modified_gmt":"2006-06-07T00:00:00","slug":"la-ensenanza-del-frances-en-el-marco-de-la-institucion-libre-de-ensenanza-1876-1939","status":"publish","type":"post","link":"https:\/\/www.deberes.net\/tesis\/linguistica\/la-ensenanza-del-frances-en-el-marco-de-la-institucion-libre-de-ensenanza-1876-1939\/","title":{"rendered":"La ense\u00f1anza del franc\u00e9s en el marco de la \u00abinstituci\u00f3n libre de ense\u00f1anza\u00bb (1876-1939)"},"content":{"rendered":"<h2>Tesis doctoral de <strong> Immaculada Rius Dalmau <\/strong><\/h2>\n<p>Esta tesis pretende demostrar que la ense\u00f1anza de las lenguas modernas en espa\u00f1a recibi\u00f3 un importante impulso en el marco de la instituci\u00f3n libre de ense\u00f1anza, siendo nuestro objetivo general valorar el peso real que tuvo dicha ense\u00f1anza en ese marco concreto.  desde una perspectiva diacr\u00f3nica, se ha realizado un estudio sobre la ense\u00f1anza de las lenguas vivas en distintos tipos de centros educativos de espa\u00f1a. sin embargo, acotando un margen de tiempo determinado -el que va de 1876 a 1939- y tomando como referencia tambi\u00e9n la situaci\u00f3n en europa, hemos llevado a cabo un estudio sincr\u00f3nico y comparativo que nos ha ayudado a valorar el peso real de la manera de proceder de la ile, en lo que a la ense\u00f1anza de las lenguas modernas se refiere, y m\u00e1s concretamente a la ense\u00f1anza del franc\u00e9s.  el contenido de la tesis se distribuye en dos cap\u00edtulos. El primero de ellos est\u00e1 dedicado a los siguientes temas: el an\u00e1lisis del contexto pol\u00edtico y social; la descripci\u00f3n de la situaci\u00f3n de la ense\u00f1anza de las lenguas extranjeras en europa;  la visi\u00f3n general sobre la instrucci\u00f3n p\u00fablica en espa\u00f1a en aquel contexto hist\u00f3rico; la presentaci\u00f3n general de los tipos de centros educativos que hab\u00eda en espa\u00f1a, as\u00ed como de las respectivas metodolog\u00edas empleadas en la ense\u00f1anza del franc\u00e9s y, por \u00faltimo, el an\u00e1lisis de los art\u00edculos dedicados a la ense\u00f1anza de las lenguas vivas, publicados en la revista de pedagog\u00eda (1922-1936). El segundo cap\u00edtulo est\u00e1 dedicado a la instituci\u00f3n libre de ense\u00f1anza: historia, principios educativos, realizaciones, actuaciones y principales representantes. Adem\u00e1s, en este cap\u00edtulo se realiza un estudio de los art\u00edculos publicados en el bolet\u00edn de la instituci\u00f3n libre de ense\u00f1anza que hac\u00edan referencia a la ense\u00f1anza de las lenguas modernas. Del mismo modo, hacemos una aproximaci\u00f3n a la experiencia que supuso el instituto-escuela, analizando el caso particular del profesor de<\/p>\n<p>&nbsp;<\/p>\n<h3>Datos acad\u00e9micos de la tesis doctoral \u00ab<strong>La ense\u00f1anza del franc\u00e9s en el marco de la \u00abinstituci\u00f3n libre de ense\u00f1anza\u00bb (1876-1939)<\/strong>\u00ab<\/h3>\n<ul>\n<li><strong>T\u00edtulo de la tesis:<\/strong>\u00a0 La ense\u00f1anza del franc\u00e9s en el marco de la \u00abinstituci\u00f3n libre de ense\u00f1anza\u00bb (1876-1939) <\/li>\n<li><strong>Autor:<\/strong>\u00a0 Immaculada Rius Dalmau <\/li>\n<li><strong>Universidad:<\/strong>\u00a0 Rovira i virgili<\/li>\n<li><strong>Fecha de lectura de la tesis:<\/strong>\u00a0 06\/07\/2006<\/li>\n<\/ul>\n<p>&nbsp;<\/p>\n<h3>Direcci\u00f3n y tribunal<\/h3>\n<ul>\n<li><strong>Director de la tesis<\/strong>\n<ul>\n<li> Garcia Bascu\u00f1ana Juan  Francisco<\/li>\n<\/ul>\n<\/li>\n<li><strong>Tribunal<\/strong>\n<ul>\n<li>Presidente del tribunal: Francisco Lafarga maduell <\/li>\n<li>Manuel Bru\u00f1a cuevas (vocal)<\/li>\n<li>nadia Minerva (vocal)<\/li>\n<li>denise Fischer hubert (vocal)<\/li>\n<\/ul>\n<\/li>\n<\/ul>\n<p>&nbsp;<\/p>\n","protected":false},"excerpt":{"rendered":"<p>Tesis doctoral de Immaculada Rius Dalmau Esta tesis pretende demostrar que la ense\u00f1anza de las lenguas modernas en espa\u00f1a recibi\u00f3 [&hellip;]<\/p>\n","protected":false},"author":1,"featured_media":0,"comment_status":"open","ping_status":"open","sticky":false,"template":"","format":"standard","meta":{"site-sidebar-layout":"default","site-content-layout":"","ast-site-content-layout":"","site-content-style":"default","site-sidebar-style":"default","ast-global-header-display":"","ast-banner-title-visibility":"","ast-main-header-display":"","ast-hfb-above-header-display":"","ast-hfb-below-header-display":"","ast-hfb-mobile-header-display":"","site-post-title":"","ast-breadcrumbs-content":"","ast-featured-img":"","footer-sml-layout":"","theme-transparent-header-meta":"","adv-header-id-meta":"","stick-header-meta":"","header-above-stick-meta":"","header-main-stick-meta":"","header-below-stick-meta":"","astra-migrate-meta-layouts":"default","ast-page-background-enabled":"default","ast-page-background-meta":{"desktop":{"background-color":"var(--ast-global-color-4)","background-image":"","background-repeat":"repeat","background-position":"center center","background-size":"auto","background-attachment":"scroll","background-type":"","background-media":"","overlay-type":"","overlay-color":"","overlay-gradient":""},"tablet":{"background-color":"","background-image":"","background-repeat":"repeat","background-position":"center center","background-size":"auto","background-attachment":"scroll","background-type":"","background-media":"","overlay-type":"","overlay-color":"","overlay-gradient":""},"mobile":{"background-color":"","background-image":"","background-repeat":"repeat","background-position":"center center","background-size":"auto","background-attachment":"scroll","background-type":"","background-media":"","overlay-type":"","overlay-color":"","overlay-gradient":""}},"ast-content-background-meta":{"desktop":{"background-color":"var(--ast-global-color-5)","background-image":"","background-repeat":"repeat","background-position":"center center","background-size":"auto","background-attachment":"scroll","background-type":"","background-media":"","overlay-type":"","overlay-color":"","overlay-gradient":""},"tablet":{"background-color":"var(--ast-global-color-5)","background-image":"","background-repeat":"repeat","background-position":"center center","background-size":"auto","background-attachment":"scroll","background-type":"","background-media":"","overlay-type":"","overlay-color":"","overlay-gradient":""},"mobile":{"background-color":"var(--ast-global-color-5)","background-image":"","background-repeat":"repeat","background-position":"center center","background-size":"auto","background-attachment":"scroll","background-type":"","background-media":"","overlay-type":"","overlay-color":"","overlay-gradient":""}},"footnotes":""},"categories":[1891,59,60,423,590,18759],"tags":[118862,4877,65437,118860,28809,118861],"class_list":["post-53842","post","type-post","status-publish","format-standard","hentry","category-ensenanza-de-lenguas","category-linguistica","category-linguistica-aplicada","category-linguistica-diacronica","category-linguistica-historica","category-rovira-i-virgili","tag-denise-fischer-hubert","tag-francisco-lafarga-maduell","tag-garcia-bascunana-juan-francisco","tag-immaculada-rius-dalmau","tag-manuel-bruna-cuevas","tag-nadia-minerva"],"_links":{"self":[{"href":"https:\/\/www.deberes.net\/tesis\/wp-json\/wp\/v2\/posts\/53842","targetHints":{"allow":["GET"]}}],"collection":[{"href":"https:\/\/www.deberes.net\/tesis\/wp-json\/wp\/v2\/posts"}],"about":[{"href":"https:\/\/www.deberes.net\/tesis\/wp-json\/wp\/v2\/types\/post"}],"author":[{"embeddable":true,"href":"https:\/\/www.deberes.net\/tesis\/wp-json\/wp\/v2\/users\/1"}],"replies":[{"embeddable":true,"href":"https:\/\/www.deberes.net\/tesis\/wp-json\/wp\/v2\/comments?post=53842"}],"version-history":[{"count":0,"href":"https:\/\/www.deberes.net\/tesis\/wp-json\/wp\/v2\/posts\/53842\/revisions"}],"wp:attachment":[{"href":"https:\/\/www.deberes.net\/tesis\/wp-json\/wp\/v2\/media?parent=53842"}],"wp:term":[{"taxonomy":"category","embeddable":true,"href":"https:\/\/www.deberes.net\/tesis\/wp-json\/wp\/v2\/categories?post=53842"},{"taxonomy":"post_tag","embeddable":true,"href":"https:\/\/www.deberes.net\/tesis\/wp-json\/wp\/v2\/tags?post=53842"}],"curies":[{"name":"wp","href":"https:\/\/api.w.org\/{rel}","templated":true}]}}