{"id":53854,"date":"2006-07-07T00:00:00","date_gmt":"2006-07-07T00:00:00","guid":{"rendered":"https:\/\/www.deberes.net\/tesis\/sin-categoria\/el-comercio-en-la-sociedad-informacional-morfogenesis-del-cibercomercio\/"},"modified":"2006-07-07T00:00:00","modified_gmt":"2006-07-07T00:00:00","slug":"el-comercio-en-la-sociedad-informacional-morfogenesis-del-cibercomercio","status":"publish","type":"post","link":"https:\/\/www.deberes.net\/tesis\/sector-de-negocios-y-comercio\/el-comercio-en-la-sociedad-informacional-morfogenesis-del-cibercomercio\/","title":{"rendered":"El comercio en la sociedad informacional. morfog\u00e9nesis del cibercomercio"},"content":{"rendered":"<h2>Tesis doctoral de <strong> Jos\u00e9 L\u00f3pez Ponce <\/strong><\/h2>\n<p>El objetivo principal del presente trabajo de investigaci\u00f3n se ha orientado a desarrollar una visi\u00f3n global del proceso de formaci\u00f3n y estructuraci\u00f3n del comercio electr\u00f3nico (morfog\u00e9nesis). Como objetivos generales y prop\u00f3sito adicional, el presente trabajo se ha contextualizado dentro del nuevo paradigma tecnol\u00f3gico representado por la red y resaltando algunos de los aspectos colaterales relacionados en otros \u00e1mbitos de tipo tecnol\u00f3gico, social, psicol\u00f3gico y cultural que se han considerado m\u00e1s significativos en el desarrollo de la sociedad informacional. Dada su amplitud, hemos considerado adecuado darle una orientaci\u00f3n del tipo descriptivo, porque se enfoca a describir un hecho desde el punto de la observaci\u00f3n para explicar como funcional y como est\u00e1 organizado el objeto en estudio. sin embargo, consideramos que no se limita a describir un determinado fen\u00f3meno, se incorporan elementos explicativos, ya que nuestra intenci\u00f3n ha sido profundizar m\u00e1s sobre alguno de los aspectos m\u00e1s significativos y, en la medida de lo posible, se han incorporando aspectos predictivos, con el fin de demostrar lo que puede pasar.<\/p>\n<p>&nbsp;<\/p>\n<h3>Datos acad\u00e9micos de la tesis doctoral \u00ab<strong>El comercio en la sociedad informacional. morfog\u00e9nesis del cibercomercio<\/strong>\u00ab<\/h3>\n<ul>\n<li><strong>T\u00edtulo de la tesis:<\/strong>\u00a0 El comercio en la sociedad informacional. morfog\u00e9nesis del cibercomercio <\/li>\n<li><strong>Autor:<\/strong>\u00a0 Jos\u00e9 L\u00f3pez Ponce <\/li>\n<li><strong>Universidad:<\/strong>\u00a0 Barcelona<\/li>\n<li><strong>Fecha de lectura de la tesis:<\/strong>\u00a0 07\/07\/2006<\/li>\n<\/ul>\n<p>&nbsp;<\/p>\n<h3>Direcci\u00f3n y tribunal<\/h3>\n<ul>\n<li><strong>Director de la tesis<\/strong>\n<ul>\n<li>Lu\u00eds De Borja Sol\u00e9<\/li>\n<\/ul>\n<\/li>\n<li><strong>Tribunal<\/strong>\n<ul>\n<li>Presidente del tribunal: fernando Casado Juan <\/li>\n<li>joan Garau vadell (vocal)<\/li>\n<li>immaculada Rodr\u00edguez ardura (vocal)<\/li>\n<li>joan carles Gil mart\u00edn (vocal)<\/li>\n<\/ul>\n<\/li>\n<\/ul>\n<p>&nbsp;<\/p>\n","protected":false},"excerpt":{"rendered":"<p>Tesis doctoral de Jos\u00e9 L\u00f3pez Ponce El objetivo principal del presente trabajo de investigaci\u00f3n se ha orientado a desarrollar una [&hellip;]<\/p>\n","protected":false},"author":1,"featured_media":0,"comment_status":"open","ping_status":"open","sticky":false,"template":"","format":"standard","meta":{"site-sidebar-layout":"default","site-content-layout":"","ast-site-content-layout":"","site-content-style":"default","site-sidebar-style":"default","ast-global-header-display":"","ast-banner-title-visibility":"","ast-main-header-display":"","ast-hfb-above-header-display":"","ast-hfb-below-header-display":"","ast-hfb-mobile-header-display":"","site-post-title":"","ast-breadcrumbs-content":"","ast-featured-img":"","footer-sml-layout":"","theme-transparent-header-meta":"","adv-header-id-meta":"","stick-header-meta":"","header-above-stick-meta":"","header-main-stick-meta":"","header-below-stick-meta":"","astra-migrate-meta-layouts":"default","ast-page-background-enabled":"default","ast-page-background-meta":{"desktop":{"background-color":"var(--ast-global-color-4)","background-image":"","background-repeat":"repeat","background-position":"center center","background-size":"auto","background-attachment":"scroll","background-type":"","background-media":"","overlay-type":"","overlay-color":"","overlay-gradient":""},"tablet":{"background-color":"","background-image":"","background-repeat":"repeat","background-position":"center center","background-size":"auto","background-attachment":"scroll","background-type":"","background-media":"","overlay-type":"","overlay-color":"","overlay-gradient":""},"mobile":{"background-color":"","background-image":"","background-repeat":"repeat","background-position":"center center","background-size":"auto","background-attachment":"scroll","background-type":"","background-media":"","overlay-type":"","overlay-color":"","overlay-gradient":""}},"ast-content-background-meta":{"desktop":{"background-color":"var(--ast-global-color-5)","background-image":"","background-repeat":"repeat","background-position":"center center","background-size":"auto","background-attachment":"scroll","background-type":"","background-media":"","overlay-type":"","overlay-color":"","overlay-gradient":""},"tablet":{"background-color":"var(--ast-global-color-5)","background-image":"","background-repeat":"repeat","background-position":"center center","background-size":"auto","background-attachment":"scroll","background-type":"","background-media":"","overlay-type":"","overlay-color":"","overlay-gradient":""},"mobile":{"background-color":"var(--ast-global-color-5)","background-image":"","background-repeat":"repeat","background-position":"center center","background-size":"auto","background-attachment":"scroll","background-type":"","background-media":"","overlay-type":"","overlay-color":"","overlay-gradient":""}},"footnotes":""},"categories":[951,991,5099,377],"tags":[11098,46471,118889,82250,118888,1304],"class_list":["post-53854","post","type-post","status-publish","format-standard","hentry","category-barcelona","category-innovacion-tecnologica","category-marketing","category-sector-de-negocios-y-comercio","tag-fernando-casado-juan","tag-immaculada-rodriguez-ardura","tag-joan-carles-gil-martin","tag-joan-garau-vadell","tag-jose-lopez-ponce","tag-luis-de-borja-sole"],"_links":{"self":[{"href":"https:\/\/www.deberes.net\/tesis\/wp-json\/wp\/v2\/posts\/53854","targetHints":{"allow":["GET"]}}],"collection":[{"href":"https:\/\/www.deberes.net\/tesis\/wp-json\/wp\/v2\/posts"}],"about":[{"href":"https:\/\/www.deberes.net\/tesis\/wp-json\/wp\/v2\/types\/post"}],"author":[{"embeddable":true,"href":"https:\/\/www.deberes.net\/tesis\/wp-json\/wp\/v2\/users\/1"}],"replies":[{"embeddable":true,"href":"https:\/\/www.deberes.net\/tesis\/wp-json\/wp\/v2\/comments?post=53854"}],"version-history":[{"count":0,"href":"https:\/\/www.deberes.net\/tesis\/wp-json\/wp\/v2\/posts\/53854\/revisions"}],"wp:attachment":[{"href":"https:\/\/www.deberes.net\/tesis\/wp-json\/wp\/v2\/media?parent=53854"}],"wp:term":[{"taxonomy":"category","embeddable":true,"href":"https:\/\/www.deberes.net\/tesis\/wp-json\/wp\/v2\/categories?post=53854"},{"taxonomy":"post_tag","embeddable":true,"href":"https:\/\/www.deberes.net\/tesis\/wp-json\/wp\/v2\/tags?post=53854"}],"curies":[{"name":"wp","href":"https:\/\/api.w.org\/{rel}","templated":true}]}}