{"id":53878,"date":"2006-07-07T00:00:00","date_gmt":"2006-07-07T00:00:00","guid":{"rendered":"https:\/\/www.deberes.net\/tesis\/sin-categoria\/influencia-de-las-variantes-geneticas-en-la-respuesta-al-tratamiento-del-asma\/"},"modified":"2006-07-07T00:00:00","modified_gmt":"2006-07-07T00:00:00","slug":"influencia-de-las-variantes-geneticas-en-la-respuesta-al-tratamiento-del-asma","status":"publish","type":"post","link":"https:\/\/www.deberes.net\/tesis\/enfermedades-pulmonares\/influencia-de-las-variantes-geneticas-en-la-respuesta-al-tratamiento-del-asma\/","title":{"rendered":"Influencia de las variantes gen\u00e9ticas en la respuesta al tratamiento del asma"},"content":{"rendered":"<h2>Tesis doctoral de <strong> Ignacio D\u00edez L\u00f3pez <\/strong><\/h2>\n<p>El asma, como enfermedad de gran preValencia, fenot\u00edpicamente heterogenea, presenta ademas una gran complejidad genotipica.  El conocimiento de los factores, no solo ambientales, sino gen\u00e9ticos que in\u00c2\u00a1fluyen en el desarrollo y evoluci\u00f3n del asma se hacen necesarios para un mejor abordaje. Varias son las lineas de investigaci\u00f3n desarrolladas a trav\u00e9s del estudio de strps. Este trabajo se basa en el estudio de la influencia de las variantes polim\u00f3rficas del receptor de b2 (adrb2) y de los polimorfismos del promotor de leucotrienos 5-lo, en la respuesta al uso de estos f\u00e1rmacos en pacientes asm\u00e1ticos. * estudio adrb2: se analizaron 63 casos controles y 80 casos \u00edndice, valorando genot\u00edpicamente el adrb2 para el aa16 y aa27 y diferentes par\u00e1metros cl\u00ednicos, entre los que destacamos desarrollo de taquifilixia. la distribuci\u00f3n genot\u00edpica fue igual en casos y controles, por lo que esta no influye en el desarrollo de asma. La presencia del alelo glu27 se asocio a menor desarro!<\/p>\n<p>&nbsp;<\/p>\n<h3>Datos acad\u00e9micos de la tesis doctoral \u00ab<strong>Influencia de las variantes gen\u00e9ticas en la respuesta al tratamiento del asma<\/strong>\u00ab<\/h3>\n<ul>\n<li><strong>T\u00edtulo de la tesis:<\/strong>\u00a0 Influencia de las variantes gen\u00e9ticas en la respuesta al tratamiento del asma <\/li>\n<li><strong>Autor:<\/strong>\u00a0 Ignacio D\u00edez L\u00f3pez <\/li>\n<li><strong>Universidad:<\/strong>\u00a0 Valladolid<\/li>\n<li><strong>Fecha de lectura de la tesis:<\/strong>\u00a0 07\/07\/2006<\/li>\n<\/ul>\n<p>&nbsp;<\/p>\n<h3>Direcci\u00f3n y tribunal<\/h3>\n<ul>\n<li><strong>Director de la tesis<\/strong>\n<ul>\n<li>Juan  Jos\u00e9 Teller\u00eda Orriols<\/li>\n<\/ul>\n<\/li>\n<li><strong>Tribunal<\/strong>\n<ul>\n<li>Presidente del tribunal: julio Ardura fern\u00e1ndez <\/li>\n<li> Lape\u00f1a l\u00f3pez de armentia Santiago (vocal)<\/li>\n<li>Luis Garc\u00eda marcos (vocal)<\/li>\n<li>Antonio Salcedo posadas (vocal)<\/li>\n<\/ul>\n<\/li>\n<\/ul>\n<p>&nbsp;<\/p>\n","protected":false},"excerpt":{"rendered":"<p>Tesis doctoral de Ignacio D\u00edez L\u00f3pez El asma, como enfermedad de gran preValencia, fenot\u00edpicamente heterogenea, presenta ademas una gran complejidad [&hellip;]<\/p>\n","protected":false},"author":1,"featured_media":0,"comment_status":"open","ping_status":"open","sticky":false,"template":"","format":"standard","meta":{"site-sidebar-layout":"default","site-content-layout":"","ast-site-content-layout":"","site-content-style":"default","site-sidebar-style":"default","ast-global-header-display":"","ast-banner-title-visibility":"","ast-main-header-display":"","ast-hfb-above-header-display":"","ast-hfb-below-header-display":"","ast-hfb-mobile-header-display":"","site-post-title":"","ast-breadcrumbs-content":"","ast-featured-img":"","footer-sml-layout":"","theme-transparent-header-meta":"","adv-header-id-meta":"","stick-header-meta":"","header-above-stick-meta":"","header-main-stick-meta":"","header-below-stick-meta":"","astra-migrate-meta-layouts":"default","ast-page-background-enabled":"default","ast-page-background-meta":{"desktop":{"background-color":"var(--ast-global-color-4)","background-image":"","background-repeat":"repeat","background-position":"center center","background-size":"auto","background-attachment":"scroll","background-type":"","background-media":"","overlay-type":"","overlay-color":"","overlay-gradient":""},"tablet":{"background-color":"","background-image":"","background-repeat":"repeat","background-position":"center center","background-size":"auto","background-attachment":"scroll","background-type":"","background-media":"","overlay-type":"","overlay-color":"","overlay-gradient":""},"mobile":{"background-color":"","background-image":"","background-repeat":"repeat","background-position":"center center","background-size":"auto","background-attachment":"scroll","background-type":"","background-media":"","overlay-type":"","overlay-color":"","overlay-gradient":""}},"ast-content-background-meta":{"desktop":{"background-color":"var(--ast-global-color-5)","background-image":"","background-repeat":"repeat","background-position":"center center","background-size":"auto","background-attachment":"scroll","background-type":"","background-media":"","overlay-type":"","overlay-color":"","overlay-gradient":""},"tablet":{"background-color":"var(--ast-global-color-5)","background-image":"","background-repeat":"repeat","background-position":"center center","background-size":"auto","background-attachment":"scroll","background-type":"","background-media":"","overlay-type":"","overlay-color":"","overlay-gradient":""},"mobile":{"background-color":"var(--ast-global-color-5)","background-image":"","background-repeat":"repeat","background-position":"center center","background-size":"auto","background-attachment":"scroll","background-type":"","background-media":"","overlay-type":"","overlay-color":"","overlay-gradient":""}},"footnotes":""},"categories":[69,483,161,12451],"tags":[118944,118941,87776,27728,118942,118943],"class_list":["post-53878","post","type-post","status-publish","format-standard","hentry","category-enfermedades-pulmonares","category-mecanismos-de-accion-de-los-farmacos","category-pediatria","category-valladolid","tag-antonio-salcedo-posadas","tag-ignacio-diez-lopez","tag-juan-jose-telleria-orriols","tag-julio-ardura-fernandez","tag-lapena-lopez-de-armentia-santiago","tag-luis-garcia-marcos"],"_links":{"self":[{"href":"https:\/\/www.deberes.net\/tesis\/wp-json\/wp\/v2\/posts\/53878","targetHints":{"allow":["GET"]}}],"collection":[{"href":"https:\/\/www.deberes.net\/tesis\/wp-json\/wp\/v2\/posts"}],"about":[{"href":"https:\/\/www.deberes.net\/tesis\/wp-json\/wp\/v2\/types\/post"}],"author":[{"embeddable":true,"href":"https:\/\/www.deberes.net\/tesis\/wp-json\/wp\/v2\/users\/1"}],"replies":[{"embeddable":true,"href":"https:\/\/www.deberes.net\/tesis\/wp-json\/wp\/v2\/comments?post=53878"}],"version-history":[{"count":0,"href":"https:\/\/www.deberes.net\/tesis\/wp-json\/wp\/v2\/posts\/53878\/revisions"}],"wp:attachment":[{"href":"https:\/\/www.deberes.net\/tesis\/wp-json\/wp\/v2\/media?parent=53878"}],"wp:term":[{"taxonomy":"category","embeddable":true,"href":"https:\/\/www.deberes.net\/tesis\/wp-json\/wp\/v2\/categories?post=53878"},{"taxonomy":"post_tag","embeddable":true,"href":"https:\/\/www.deberes.net\/tesis\/wp-json\/wp\/v2\/tags?post=53878"}],"curies":[{"name":"wp","href":"https:\/\/api.w.org\/{rel}","templated":true}]}}