{"id":53880,"date":"2006-07-07T00:00:00","date_gmt":"2006-07-07T00:00:00","guid":{"rendered":"https:\/\/www.deberes.net\/tesis\/sin-categoria\/analisis-del-perfil-formativo-en-tecnologa%c2%adas-de-la-informacion-y-comunicacion-del-alumnado-universitario-y-su-adecuacion-a-las-necesidades-empresariales-en-el-ambito-de-la-capv\/"},"modified":"2006-07-07T00:00:00","modified_gmt":"2006-07-07T00:00:00","slug":"analisis-del-perfil-formativo-en-tecnologa%c2%adas-de-la-informacion-y-comunicacion-del-alumnado-universitario-y-su-adecuacion-a-las-necesidades-empresariales-en-el-ambito-de-la-capv","status":"publish","type":"post","link":"https:\/\/www.deberes.net\/tesis\/innovacion-tecnologica\/analisis-del-perfil-formativo-en-tecnologa%c2%adas-de-la-informacion-y-comunicacion-del-alumnado-universitario-y-su-adecuacion-a-las-necesidades-empresariales-en-el-ambito-de-la-capv\/","title":{"rendered":"An\u00e1lisis del perfil formativo en tecnolog\u00edas de la informaci\u00f3n y comunicaci\u00f3n del alumnado universitario y su adecuaci\u00f3n a las necesidades empresariales en el \u00e1mbito de la capv"},"content":{"rendered":"<h2>Tesis doctoral de <strong> Leire Urkola Carrera <\/strong><\/h2>\n<p>La investigaci\u00f3n que se presenta estudia la relaci\u00f3n entre la oferta formativa de la ense\u00f1anza universitaria y las demandas empresariales en cuanto a los conocimientos, competencias y habilidades en la utilizaci\u00f3n de las tecnolog\u00edas de la informaci\u00f3n y la comunicaci\u00f3n (tic) por parte de los estudiantes universitarios.     centr\u00e1ndonos en el \u00e1mbito de la comunidad aut\u00f3noma vasca, tratamos de ofrecer evidencia emp\u00edrica del desajuste que puede existir entre la preparaci\u00f3n tecnol\u00f3gica de los estudiantes universitarios pr\u00f3ximos a incorporarse al mercado laboral, y los requerimientos formativos que se demandan desde el \u00e1mbito empresarial.     existen pocos estudios donde se estudien las dos vertientes (oferta-demanda) de forma integrada, de ah\u00ed que encontremos necesario realizar un diagn\u00f3stico de ambos entornos. dada la compleja problem\u00e1tica que se estudia, hemos optado por combinar t\u00e9cnicas cuantitativas y cualitativas con el fin de intentar explicarlas mejor. Desde esta perspectiva, podr\u00edamos decir que hemos utilizado una triangulaci\u00f3n metodol\u00f3gica encaminada a combinar las ventajas de ambos m\u00e9todos. en primer lugar, se realiza un estudio emp\u00edrico de corte cuantitativo que utiliza la t\u00e9cnica de encuestaci\u00f3n a una muestra determinada de individuos (estudiantes universitarios) con el principal objetivo de determinar el perfil tecnol\u00f3gico y las distintas trayectorias de penetraci\u00f3n tecnol\u00f3gicas presentes en el marco universitario. En segundo lugar, como complemento del anterior estudio, se lleva a cabo otro estudio de corte cualitativo que se fundamenta en la aplicaci\u00f3n de la metodolog\u00eda delphi de an\u00e1lisis a trav\u00e9s de la reacci\u00f3n de un panel de expertos. este segundo an\u00e1lisis nos permite obtener una aproximaci\u00f3n a las necesidades futuras de empleo, a los perfiles que m\u00e1s se van a demandar y las carencias detectadas en cuanto a los conocimientos y competencias propias de los alumnos para el \u00f3ptimo desempe\u00f1o de su actividad profe<\/p>\n<p>&nbsp;<\/p>\n<h3>Datos acad\u00e9micos de la tesis doctoral \u00ab<strong>An\u00e1lisis del perfil formativo en tecnolog\u00edas de la informaci\u00f3n y comunicaci\u00f3n del alumnado universitario y su adecuaci\u00f3n a las necesidades empresariales en el \u00e1mbito de la capv<\/strong>\u00ab<\/h3>\n<ul>\n<li><strong>T\u00edtulo de la tesis:<\/strong>\u00a0 An\u00e1lisis del perfil formativo en tecnolog\u00edas de la informaci\u00f3n y comunicaci\u00f3n del alumnado universitario y su adecuaci\u00f3n a las necesidades empresariales en el \u00e1mbito de la capv <\/li>\n<li><strong>Autor:<\/strong>\u00a0 Leire Urkola Carrera <\/li>\n<li><strong>Universidad:<\/strong>\u00a0 Pa\u00eds vasco\/euskal herriko unibertsitatea<\/li>\n<li><strong>Fecha de lectura de la tesis:<\/strong>\u00a0 07\/07\/2006<\/li>\n<\/ul>\n<p>&nbsp;<\/p>\n<h3>Direcci\u00f3n y tribunal<\/h3>\n<ul>\n<li><strong>Director de la tesis<\/strong>\n<ul>\n<li>I\u00f1aki Heras Saizarbitoria<\/li>\n<\/ul>\n<\/li>\n<li><strong>Tribunal<\/strong>\n<ul>\n<li>Presidente del tribunal: milagros Garcia crespo <\/li>\n<li>Juan  Jes\u00fas Bernal garcia (vocal)<\/li>\n<li>jaume Valls passola (vocal)<\/li>\n<li>Jos\u00e9 Miguel Rinc\u00f3n vega (vocal)<\/li>\n<\/ul>\n<\/li>\n<\/ul>\n<p>&nbsp;<\/p>\n","protected":false},"excerpt":{"rendered":"<p>Tesis doctoral de Leire Urkola Carrera La investigaci\u00f3n que se presenta estudia la relaci\u00f3n entre la oferta formativa de la [&hellip;]<\/p>\n","protected":false},"author":1,"featured_media":0,"comment_status":"open","ping_status":"open","sticky":false,"template":"","format":"standard","meta":{"site-sidebar-layout":"default","site-content-layout":"","ast-site-content-layout":"","site-content-style":"default","site-sidebar-style":"default","ast-global-header-display":"","ast-banner-title-visibility":"","ast-main-header-display":"","ast-hfb-above-header-display":"","ast-hfb-below-header-display":"","ast-hfb-mobile-header-display":"","site-post-title":"","ast-breadcrumbs-content":"","ast-featured-img":"","footer-sml-layout":"","theme-transparent-header-meta":"","adv-header-id-meta":"","stick-header-meta":"","header-above-stick-meta":"","header-main-stick-meta":"","header-below-stick-meta":"","astra-migrate-meta-layouts":"default","ast-page-background-enabled":"default","ast-page-background-meta":{"desktop":{"background-color":"var(--ast-global-color-4)","background-image":"","background-repeat":"repeat","background-position":"center center","background-size":"auto","background-attachment":"scroll","background-type":"","background-media":"","overlay-type":"","overlay-color":"","overlay-gradient":""},"tablet":{"background-color":"","background-image":"","background-repeat":"repeat","background-position":"center center","background-size":"auto","background-attachment":"scroll","background-type":"","background-media":"","overlay-type":"","overlay-color":"","overlay-gradient":""},"mobile":{"background-color":"","background-image":"","background-repeat":"repeat","background-position":"center center","background-size":"auto","background-attachment":"scroll","background-type":"","background-media":"","overlay-type":"","overlay-color":"","overlay-gradient":""}},"ast-content-background-meta":{"desktop":{"background-color":"var(--ast-global-color-5)","background-image":"","background-repeat":"repeat","background-position":"center center","background-size":"auto","background-attachment":"scroll","background-type":"","background-media":"","overlay-type":"","overlay-color":"","overlay-gradient":""},"tablet":{"background-color":"var(--ast-global-color-5)","background-image":"","background-repeat":"repeat","background-position":"center center","background-size":"auto","background-attachment":"scroll","background-type":"","background-media":"","overlay-type":"","overlay-color":"","overlay-gradient":""},"mobile":{"background-color":"var(--ast-global-color-5)","background-image":"","background-repeat":"repeat","background-position":"center center","background-size":"auto","background-attachment":"scroll","background-type":"","background-media":"","overlay-type":"","overlay-color":"","overlay-gradient":""}},"footnotes":""},"categories":[991,12909,22393,14126],"tags":[62827,40469,13070,69169,118948,12733],"class_list":["post-53880","post","type-post","status-publish","format-standard","hentry","category-innovacion-tecnologica","category-pais-vasco-euskal-herriko-unibertsitatea","category-sector-de-la-educacion","category-tecnologia-y-cambio-social","tag-inaki-heras-saizarbitoria","tag-jaume-valls-passola","tag-jose-miguel-rincon-vega","tag-juan-jesus-bernal-garcia","tag-leire-urkola-carrera","tag-milagros-garcia-crespo"],"_links":{"self":[{"href":"https:\/\/www.deberes.net\/tesis\/wp-json\/wp\/v2\/posts\/53880","targetHints":{"allow":["GET"]}}],"collection":[{"href":"https:\/\/www.deberes.net\/tesis\/wp-json\/wp\/v2\/posts"}],"about":[{"href":"https:\/\/www.deberes.net\/tesis\/wp-json\/wp\/v2\/types\/post"}],"author":[{"embeddable":true,"href":"https:\/\/www.deberes.net\/tesis\/wp-json\/wp\/v2\/users\/1"}],"replies":[{"embeddable":true,"href":"https:\/\/www.deberes.net\/tesis\/wp-json\/wp\/v2\/comments?post=53880"}],"version-history":[{"count":0,"href":"https:\/\/www.deberes.net\/tesis\/wp-json\/wp\/v2\/posts\/53880\/revisions"}],"wp:attachment":[{"href":"https:\/\/www.deberes.net\/tesis\/wp-json\/wp\/v2\/media?parent=53880"}],"wp:term":[{"taxonomy":"category","embeddable":true,"href":"https:\/\/www.deberes.net\/tesis\/wp-json\/wp\/v2\/categories?post=53880"},{"taxonomy":"post_tag","embeddable":true,"href":"https:\/\/www.deberes.net\/tesis\/wp-json\/wp\/v2\/tags?post=53880"}],"curies":[{"name":"wp","href":"https:\/\/api.w.org\/{rel}","templated":true}]}}