{"id":53943,"date":"2006-10-07T00:00:00","date_gmt":"2006-10-07T00:00:00","guid":{"rendered":"https:\/\/www.deberes.net\/tesis\/sin-categoria\/el-ejercicio-del-poder-y-el-concepto-de-imperium-en-los-reinados-de-alfonso-vi-urraca-i-y-alfonso-vii\/"},"modified":"2006-10-07T00:00:00","modified_gmt":"2006-10-07T00:00:00","slug":"el-ejercicio-del-poder-y-el-concepto-de-imperium-en-los-reinados-de-alfonso-vi-urraca-i-y-alfonso-vii","status":"publish","type":"post","link":"https:\/\/www.deberes.net\/tesis\/historia-medieval\/el-ejercicio-del-poder-y-el-concepto-de-imperium-en-los-reinados-de-alfonso-vi-urraca-i-y-alfonso-vii\/","title":{"rendered":"El ejercicio del poder y el concepto de imperium en los reinados de alfonso vi, urraca i y alfonso vii."},"content":{"rendered":"<h2>Tesis doctoral de <strong> \u00e1ngel Gabriel Gordo Molina <\/strong><\/h2>\n<p>Hemos tratado de puntualizar, antes que todo y a fin de perseguir la mentalidad leonesa, el pulso de las relaciones entre la monarqu\u00eda del reino leon\u00e9s y roma desde la segunda mitad del siglo xi hasta el fin del reinado de alfonso vii. Nos hemos ocupado de la manera en que los auto denominados imperator de le\u00f3n pudieron solventar su poder, la naturaleza del mismo t\u00edtulo, y las relaciones con roma y cluny como centros influyentes de autoridad en toda la cristiandad europea. Desde el reconocimiento mutuo entre la casa leonesa y las corrientes reformadoras pontificias, se ha detallado la conjunci\u00f3n de intereses y preocupaciones terrenales y espirituales que convergieron en la pen\u00ednsula ib\u00e9rica a fin de introducir a los reinos cristianos ah\u00ed asentados en el concierto de la universitas christiana que el papado estaba articulando bajo su auctoritas. El tema capital en nuestro estudio, al igual que para los coet\u00e1neos, consisti\u00f3 en determinar la funci\u00f3n del emperador hisp\u00e1nico en una sociedad en que deb\u00eda existir una sola alma, encarnada en el papa, y un \u00fanico cuerpo que era el del aparato imperial romano germ\u00e1nico.<\/p>\n<p>&nbsp;<\/p>\n<h3>Datos acad\u00e9micos de la tesis doctoral \u00ab<strong>El ejercicio del poder y el concepto de imperium en los reinados de alfonso vi, urraca i y alfonso vii.<\/strong>\u00ab<\/h3>\n<ul>\n<li><strong>T\u00edtulo de la tesis:<\/strong>\u00a0 El ejercicio del poder y el concepto de imperium en los reinados de alfonso vi, urraca i y alfonso vii. <\/li>\n<li><strong>Autor:<\/strong>\u00a0 \u00e1ngel Gabriel Gordo Molina <\/li>\n<li><strong>Universidad:<\/strong>\u00a0 Salamanca<\/li>\n<li><strong>Fecha de lectura de la tesis:<\/strong>\u00a0 10\/07\/2006<\/li>\n<\/ul>\n<p>&nbsp;<\/p>\n<h3>Direcci\u00f3n y tribunal<\/h3>\n<ul>\n<li><strong>Director de la tesis<\/strong>\n<ul>\n<li>Jos\u00e9 Luis Mart\u00edn Mart\u00edn<\/li>\n<\/ul>\n<\/li>\n<li><strong>Tribunal<\/strong>\n<ul>\n<li>Presidente del tribunal: Jos\u00e9 Mar\u00eda M\u00ednguez fern\u00e1ndez <\/li>\n<li>ermelindo Portela silva (vocal)<\/li>\n<li>Mar\u00eda  Jes\u00fas Mancho duque (vocal)<\/li>\n<li>  (vocal)<\/li>\n<\/ul>\n<\/li>\n<\/ul>\n<p>&nbsp;<\/p>\n","protected":false},"excerpt":{"rendered":"<p>Tesis doctoral de \u00e1ngel Gabriel Gordo Molina Hemos tratado de puntualizar, antes que todo y a fin de perseguir la [&hellip;]<\/p>\n","protected":false},"author":1,"featured_media":0,"comment_status":"open","ping_status":"open","sticky":false,"template":"","format":"standard","meta":{"site-sidebar-layout":"default","site-content-layout":"","ast-site-content-layout":"","site-content-style":"default","site-sidebar-style":"default","ast-global-header-display":"","ast-banner-title-visibility":"","ast-main-header-display":"","ast-hfb-above-header-display":"","ast-hfb-below-header-display":"","ast-hfb-mobile-header-display":"","site-post-title":"","ast-breadcrumbs-content":"","ast-featured-img":"","footer-sml-layout":"","theme-transparent-header-meta":"","adv-header-id-meta":"","stick-header-meta":"","header-above-stick-meta":"","header-main-stick-meta":"","header-below-stick-meta":"","astra-migrate-meta-layouts":"default","ast-page-background-enabled":"default","ast-page-background-meta":{"desktop":{"background-color":"var(--ast-global-color-4)","background-image":"","background-repeat":"repeat","background-position":"center center","background-size":"auto","background-attachment":"scroll","background-type":"","background-media":"","overlay-type":"","overlay-color":"","overlay-gradient":""},"tablet":{"background-color":"","background-image":"","background-repeat":"repeat","background-position":"center center","background-size":"auto","background-attachment":"scroll","background-type":"","background-media":"","overlay-type":"","overlay-color":"","overlay-gradient":""},"mobile":{"background-color":"","background-image":"","background-repeat":"repeat","background-position":"center center","background-size":"auto","background-attachment":"scroll","background-type":"","background-media":"","overlay-type":"","overlay-color":"","overlay-gradient":""}},"ast-content-background-meta":{"desktop":{"background-color":"var(--ast-global-color-5)","background-image":"","background-repeat":"repeat","background-position":"center center","background-size":"auto","background-attachment":"scroll","background-type":"","background-media":"","overlay-type":"","overlay-color":"","overlay-gradient":""},"tablet":{"background-color":"var(--ast-global-color-5)","background-image":"","background-repeat":"repeat","background-position":"center center","background-size":"auto","background-attachment":"scroll","background-type":"","background-media":"","overlay-type":"","overlay-color":"","overlay-gradient":""},"mobile":{"background-color":"var(--ast-global-color-5)","background-image":"","background-repeat":"repeat","background-position":"center center","background-size":"auto","background-attachment":"scroll","background-type":"","background-media":"","overlay-type":"","overlay-color":"","overlay-gradient":""}},"footnotes":""},"categories":[3967,7220,119,19848,9386],"tags":[119098,2817,119099,28387,4851],"class_list":["post-53943","post","type-post","status-publish","format-standard","hentry","category-historia-de-la-iglesia","category-historia-de-las-religiones","category-historia-medieval","category-jefatura-y-realeza","category-salamanca","tag-angel-gabriel-gordo-molina","tag-ermelindo-portela-silva","tag-jose-luis-martin-martin","tag-jose-maria-minguez-fernandez","tag-maria-jesus-mancho-duque"],"_links":{"self":[{"href":"https:\/\/www.deberes.net\/tesis\/wp-json\/wp\/v2\/posts\/53943","targetHints":{"allow":["GET"]}}],"collection":[{"href":"https:\/\/www.deberes.net\/tesis\/wp-json\/wp\/v2\/posts"}],"about":[{"href":"https:\/\/www.deberes.net\/tesis\/wp-json\/wp\/v2\/types\/post"}],"author":[{"embeddable":true,"href":"https:\/\/www.deberes.net\/tesis\/wp-json\/wp\/v2\/users\/1"}],"replies":[{"embeddable":true,"href":"https:\/\/www.deberes.net\/tesis\/wp-json\/wp\/v2\/comments?post=53943"}],"version-history":[{"count":0,"href":"https:\/\/www.deberes.net\/tesis\/wp-json\/wp\/v2\/posts\/53943\/revisions"}],"wp:attachment":[{"href":"https:\/\/www.deberes.net\/tesis\/wp-json\/wp\/v2\/media?parent=53943"}],"wp:term":[{"taxonomy":"category","embeddable":true,"href":"https:\/\/www.deberes.net\/tesis\/wp-json\/wp\/v2\/categories?post=53943"},{"taxonomy":"post_tag","embeddable":true,"href":"https:\/\/www.deberes.net\/tesis\/wp-json\/wp\/v2\/tags?post=53943"}],"curies":[{"name":"wp","href":"https:\/\/api.w.org\/{rel}","templated":true}]}}