{"id":53965,"date":"2006-11-07T00:00:00","date_gmt":"2006-11-07T00:00:00","guid":{"rendered":"https:\/\/www.deberes.net\/tesis\/sin-categoria\/reduccion-del-riesgo-en-la-direccion-de-proyectos-de-aprovechamiento-de-recursos-eolicos\/"},"modified":"2006-11-07T00:00:00","modified_gmt":"2006-11-07T00:00:00","slug":"reduccion-del-riesgo-en-la-direccion-de-proyectos-de-aprovechamiento-de-recursos-eolicos","status":"publish","type":"post","link":"https:\/\/www.deberes.net\/tesis\/organizacion-y-gestion-de-empresas\/reduccion-del-riesgo-en-la-direccion-de-proyectos-de-aprovechamiento-de-recursos-eolicos\/","title":{"rendered":"Reducci\u00f3n del riesgo en la direcci\u00f3n de proyectos de aprovechamiento de recursos e\u00f3licos"},"content":{"rendered":"<h2>Tesis doctoral de <strong> Manuel Lara Coira <\/strong><\/h2>\n<p>Son numerosos los casos de proyectos de aprovechamiento de recursos e\u00f3licos que han padecido problemas t\u00e9cnicos y de gesti\u00f3n, no pocos los casos con problemas significativos que han resultado en una rentabilidad muy diferente de la esperada, e incluso existen algunos casos que han finalizado con el fracaso del proyecto, que no ha llegado a construirse, o que ya construido ha sido necesario desmantelar. el prop\u00f3sito del trabajo que aqu\u00ed se resume fue la reducci\u00f3n del riesgo en la direcci\u00f3n de proyectos de aprovechamiento de recursos e\u00f3licos en espa\u00f1a mediante la identificaci\u00f3n, an\u00e1lisis y respuesta a los riesgos de todo tipo que pueden suponer amenazas u oportunidades a los objetivos de tales proyectos, en particular a los objetivos de alcance, plazo, coste, calidad y rentabilidad. la presente tesis doctoral se basa en un cat\u00e1logo de cuarenta y cuatro factores de riesgo en proyectos de aprovechamiento de recursos e\u00f3licos en espa\u00f1a, elaborado con la experiencia profesional espec\u00edfica del doctorando en este tipo de proyectos y la colaboraci\u00f3n y experiencia en direcci\u00f3n de proyectos y gesti\u00f3n del riesgo, profesional y acad\u00e9mica, de los directores de esta tesis. Cada factor de riesgo identificado se acompa\u00f1a de sus correspondientes evaluaciones cualitativas de probabilidad e impacto y de sus correspondientes respuestas al mismo. a partir del cat\u00e1logo mencionado y de los conocimientos actuales en esta materia, se elabor\u00f3 una metodolog\u00eda para la gesti\u00f3n del riesgo en la direcci\u00f3n de este tipo de proyectos. ambos documentos (cat\u00e1logo y metodolog\u00eda) se validaron mediante la realizaci\u00f3n de un an\u00e1lisis delphi llevado a cabo con profesionales del sector e\u00f3lico espa\u00f1ol, de notable experiencia y con diferentes puntos de vista: el del abogado, el del promotor y constructor de parques e\u00f3licos, el del funcionario de la administraci\u00f3n p\u00fablica, o el del consultor em empresas de ingenier\u00eda. Estos profesionales evaluaron tambien la aplicabilidad, e<\/p>\n<p>&nbsp;<\/p>\n<h3>Datos acad\u00e9micos de la tesis doctoral \u00ab<strong>Reducci\u00f3n del riesgo en la direcci\u00f3n de proyectos de aprovechamiento de recursos e\u00f3licos<\/strong>\u00ab<\/h3>\n<ul>\n<li><strong>T\u00edtulo de la tesis:<\/strong>\u00a0 Reducci\u00f3n del riesgo en la direcci\u00f3n de proyectos de aprovechamiento de recursos e\u00f3licos <\/li>\n<li><strong>Autor:<\/strong>\u00a0 Manuel Lara Coira <\/li>\n<li><strong>Universidad:<\/strong>\u00a0 A coru\u00f1a<\/li>\n<li><strong>Fecha de lectura de la tesis:<\/strong>\u00a0 11\/07\/2006<\/li>\n<\/ul>\n<p>&nbsp;<\/p>\n<h3>Direcci\u00f3n y tribunal<\/h3>\n<ul>\n<li><strong>Director de la tesis<\/strong>\n<ul>\n<li> Del Ca\u00f1o Gochi Alfredo<\/li>\n<\/ul>\n<\/li>\n<li><strong>Tribunal<\/strong>\n<ul>\n<li>Presidente del tribunal: jose Cidras pidre <\/li>\n<li> Cano hurtado Juan  Jaime (vocal)<\/li>\n<li>Antonio Hospitaler perez (vocal)<\/li>\n<li>Emilio Men\u00e9ndez p\u00e9rez (vocal)<\/li>\n<\/ul>\n<\/li>\n<\/ul>\n<p>&nbsp;<\/p>\n","protected":false},"excerpt":{"rendered":"<p>Tesis doctoral de Manuel Lara Coira Son numerosos los casos de proyectos de aprovechamiento de recursos e\u00f3licos que han padecido [&hellip;]<\/p>\n","protected":false},"author":1,"featured_media":0,"comment_status":"open","ping_status":"open","sticky":false,"template":"","format":"standard","meta":{"site-sidebar-layout":"default","site-content-layout":"","ast-site-content-layout":"","site-content-style":"default","site-sidebar-style":"default","ast-global-header-display":"","ast-banner-title-visibility":"","ast-main-header-display":"","ast-hfb-above-header-display":"","ast-hfb-below-header-display":"","ast-hfb-mobile-header-display":"","site-post-title":"","ast-breadcrumbs-content":"","ast-featured-img":"","footer-sml-layout":"","theme-transparent-header-meta":"","adv-header-id-meta":"","stick-header-meta":"","header-above-stick-meta":"","header-main-stick-meta":"","header-below-stick-meta":"","astra-migrate-meta-layouts":"default","ast-page-background-enabled":"default","ast-page-background-meta":{"desktop":{"background-color":"var(--ast-global-color-4)","background-image":"","background-repeat":"repeat","background-position":"center center","background-size":"auto","background-attachment":"scroll","background-type":"","background-media":"","overlay-type":"","overlay-color":"","overlay-gradient":""},"tablet":{"background-color":"","background-image":"","background-repeat":"repeat","background-position":"center center","background-size":"auto","background-attachment":"scroll","background-type":"","background-media":"","overlay-type":"","overlay-color":"","overlay-gradient":""},"mobile":{"background-color":"","background-image":"","background-repeat":"repeat","background-position":"center center","background-size":"auto","background-attachment":"scroll","background-type":"","background-media":"","overlay-type":"","overlay-color":"","overlay-gradient":""}},"ast-content-background-meta":{"desktop":{"background-color":"var(--ast-global-color-5)","background-image":"","background-repeat":"repeat","background-position":"center center","background-size":"auto","background-attachment":"scroll","background-type":"","background-media":"","overlay-type":"","overlay-color":"","overlay-gradient":""},"tablet":{"background-color":"var(--ast-global-color-5)","background-image":"","background-repeat":"repeat","background-position":"center center","background-size":"auto","background-attachment":"scroll","background-type":"","background-media":"","overlay-type":"","overlay-color":"","overlay-gradient":""},"mobile":{"background-color":"var(--ast-global-color-5)","background-image":"","background-repeat":"repeat","background-position":"center center","background-size":"auto","background-attachment":"scroll","background-type":"","background-media":"","overlay-type":"","overlay-color":"","overlay-gradient":""}},"footnotes":""},"categories":[18576,6525,58913,1302,2206],"tags":[31369,44804,46119,39990,16096,119135],"class_list":["post-53965","post","type-post","status-publish","format-standard","hentry","category-a-coruna","category-organizacion-de-la-produccion","category-organizacion-de-obras","category-organizacion-y-gestion-de-empresas","category-tecnologia-energetica","tag-antonio-hospitaler-perez","tag-cano-hurtado-juan-jaime","tag-del-cano-gochi-alfredo","tag-emilio-menendez-perez","tag-jose-cidras-pidre","tag-manuel-lara-coira"],"_links":{"self":[{"href":"https:\/\/www.deberes.net\/tesis\/wp-json\/wp\/v2\/posts\/53965","targetHints":{"allow":["GET"]}}],"collection":[{"href":"https:\/\/www.deberes.net\/tesis\/wp-json\/wp\/v2\/posts"}],"about":[{"href":"https:\/\/www.deberes.net\/tesis\/wp-json\/wp\/v2\/types\/post"}],"author":[{"embeddable":true,"href":"https:\/\/www.deberes.net\/tesis\/wp-json\/wp\/v2\/users\/1"}],"replies":[{"embeddable":true,"href":"https:\/\/www.deberes.net\/tesis\/wp-json\/wp\/v2\/comments?post=53965"}],"version-history":[{"count":0,"href":"https:\/\/www.deberes.net\/tesis\/wp-json\/wp\/v2\/posts\/53965\/revisions"}],"wp:attachment":[{"href":"https:\/\/www.deberes.net\/tesis\/wp-json\/wp\/v2\/media?parent=53965"}],"wp:term":[{"taxonomy":"category","embeddable":true,"href":"https:\/\/www.deberes.net\/tesis\/wp-json\/wp\/v2\/categories?post=53965"},{"taxonomy":"post_tag","embeddable":true,"href":"https:\/\/www.deberes.net\/tesis\/wp-json\/wp\/v2\/tags?post=53965"}],"curies":[{"name":"wp","href":"https:\/\/api.w.org\/{rel}","templated":true}]}}