{"id":54029,"date":"2018-03-09T22:41:45","date_gmt":"2018-03-09T22:41:45","guid":{"rendered":"https:\/\/www.deberes.net\/tesis\/sin-categoria\/representacion-de-los-trabajadores-en-los-grupos-de-empresas\/"},"modified":"2018-03-09T22:41:45","modified_gmt":"2018-03-09T22:41:45","slug":"representacion-de-los-trabajadores-en-los-grupos-de-empresas","status":"publish","type":"post","link":"https:\/\/www.deberes.net\/tesis\/sin-categoria\/representacion-de-los-trabajadores-en-los-grupos-de-empresas\/","title":{"rendered":"Representaci\u00f3n de los trabajadores en los grupos de empresas"},"content":{"rendered":"<h2>Tesis doctoral de <strong> Legder Noam Pe\u00f1aloza Rangel <\/strong><\/h2>\n<p>Las numerosas transformaciones econ\u00f3micas y tecnol\u00f3gicas vividas en los \u00faltimos tiempos han obligado a que las estructuras y pr\u00e1cticas empresariales hayan tenido la necesidad de introducir mecanismos de adaptaci\u00f3n a esos cambios, situaci\u00f3n que ha complicado la tradicional figura del empresario. en este contexto, se han desarrollado dos fen\u00f3menos de gran relevancia, la tendencia a la concentraci\u00f3n empresarial y la creciente diversificaci\u00f3n de los distintos sectores que conforman la actividad productiva, con la consiguiente multiplicaci\u00f3n de los centros de decisi\u00f3n. esto ha provocado, la necesaria adaptaci\u00f3n de la estructura y dimensiones de la empresa, surgiendo as\u00ed los grupos de empresas, que encarna un nuevo modelo de organizaci\u00f3n jur\u00eddica del poder econ\u00f3mico y de actividad productiva empresarial. El trabajo comienza abordando cuestiones previas sobre su encuadramiento en el concepto de empresario, para ubicarlos a continuaci\u00f3n dentro del derecho del trabajo desde su dimensi\u00f3n subjetiva, como parte determinante en las relaciones de trabajo. En la segunda parte de la tesis se estudia la ausencia de regulaci\u00f3n en el ordenamiento jur\u00eddico-laboral espa\u00f1ol sobre el tema de la representaci\u00f3n de los trabajadores en los grupos de empresas de dimensi\u00f3n nacional, a diferencia de lo que ocurre con los de nivel comunitario, destacando la importancia que ha tenido la autonom\u00eda colectiva en su regulaci\u00f3n y desarrollo.<\/p>\n<p>&nbsp;<\/p>\n<h3>Datos acad\u00e9micos de la tesis doctoral \u00ab<strong>Representaci\u00f3n de los trabajadores en los grupos de empresas<\/strong>\u00ab<\/h3>\n<ul>\n<li><strong>T\u00edtulo de la tesis:<\/strong>\u00a0 Representaci\u00f3n de los trabajadores en los grupos de empresas <\/li>\n<li><strong>Autor:<\/strong>\u00a0 Legder Noam Pe\u00f1aloza Rangel <\/li>\n<li><strong>Universidad:<\/strong>\u00a0 Complutense de Madrid<\/li>\n<li><strong>Fecha de lectura de la tesis:<\/strong>\u00a0 13\/07\/2006<\/li>\n<\/ul>\n<p>&nbsp;<\/p>\n<h3>Direcci\u00f3n y tribunal<\/h3>\n<ul>\n<li><strong>Director de la tesis<\/strong>\n<ul>\n<li>r\u00e9 Vald\u00e9s Dal<\/li>\n<\/ul>\n<\/li>\n<li><strong>Tribunal<\/strong>\n<ul>\n<li>Presidente del tribunal: Francisco P\u00e9rez de los cobos orihuel <\/li>\n<li> Santigo koldo m. de (vocal)<\/li>\n<li>navarrete Molina (vocal)<\/li>\n<li> Molero manglano m. Luisa (vocal)<\/li>\n<\/ul>\n<\/li>\n<\/ul>\n<p>&nbsp;<\/p>\n","protected":false},"excerpt":{"rendered":"<p>Tesis doctoral de Legder Noam Pe\u00f1aloza Rangel Las numerosas transformaciones econ\u00f3micas y tecnol\u00f3gicas vividas en los \u00faltimos tiempos han obligado [&hellip;]<\/p>\n","protected":false},"author":1,"featured_media":0,"comment_status":"open","ping_status":"open","sticky":false,"template":"","format":"standard","meta":{"site-sidebar-layout":"default","site-content-layout":"","ast-site-content-layout":"","site-content-style":"default","site-sidebar-style":"default","ast-global-header-display":"","ast-banner-title-visibility":"","ast-main-header-display":"","ast-hfb-above-header-display":"","ast-hfb-below-header-display":"","ast-hfb-mobile-header-display":"","site-post-title":"","ast-breadcrumbs-content":"","ast-featured-img":"","footer-sml-layout":"","theme-transparent-header-meta":"","adv-header-id-meta":"","stick-header-meta":"","header-above-stick-meta":"","header-main-stick-meta":"","header-below-stick-meta":"","astra-migrate-meta-layouts":"default","ast-page-background-enabled":"default","ast-page-background-meta":{"desktop":{"background-color":"var(--ast-global-color-4)","background-image":"","background-repeat":"repeat","background-position":"center center","background-size":"auto","background-attachment":"scroll","background-type":"","background-media":"","overlay-type":"","overlay-color":"","overlay-gradient":""},"tablet":{"background-color":"","background-image":"","background-repeat":"repeat","background-position":"center center","background-size":"auto","background-attachment":"scroll","background-type":"","background-media":"","overlay-type":"","overlay-color":"","overlay-gradient":""},"mobile":{"background-color":"","background-image":"","background-repeat":"repeat","background-position":"center center","background-size":"auto","background-attachment":"scroll","background-type":"","background-media":"","overlay-type":"","overlay-color":"","overlay-gradient":""}},"ast-content-background-meta":{"desktop":{"background-color":"var(--ast-global-color-5)","background-image":"","background-repeat":"repeat","background-position":"center center","background-size":"auto","background-attachment":"scroll","background-type":"","background-media":"","overlay-type":"","overlay-color":"","overlay-gradient":""},"tablet":{"background-color":"var(--ast-global-color-5)","background-image":"","background-repeat":"repeat","background-position":"center center","background-size":"auto","background-attachment":"scroll","background-type":"","background-media":"","overlay-type":"","overlay-color":"","overlay-gradient":""},"mobile":{"background-color":"var(--ast-global-color-5)","background-image":"","background-repeat":"repeat","background-position":"center center","background-size":"auto","background-attachment":"scroll","background-type":"","background-media":"","overlay-type":"","overlay-color":"","overlay-gradient":""}},"footnotes":""},"categories":[1],"tags":[36384,119274,119277,119276,55783,119275],"class_list":["post-54029","post","type-post","status-publish","format-standard","hentry","category-sin-categoria","tag-francisco-perez-de-los-cobos-orihuel","tag-legder-noam-penaloza-rangel","tag-molero-manglano-m-luisa","tag-navarrete-molina","tag-re-valdes-dal","tag-santigo-koldo-m-de"],"_links":{"self":[{"href":"https:\/\/www.deberes.net\/tesis\/wp-json\/wp\/v2\/posts\/54029","targetHints":{"allow":["GET"]}}],"collection":[{"href":"https:\/\/www.deberes.net\/tesis\/wp-json\/wp\/v2\/posts"}],"about":[{"href":"https:\/\/www.deberes.net\/tesis\/wp-json\/wp\/v2\/types\/post"}],"author":[{"embeddable":true,"href":"https:\/\/www.deberes.net\/tesis\/wp-json\/wp\/v2\/users\/1"}],"replies":[{"embeddable":true,"href":"https:\/\/www.deberes.net\/tesis\/wp-json\/wp\/v2\/comments?post=54029"}],"version-history":[{"count":0,"href":"https:\/\/www.deberes.net\/tesis\/wp-json\/wp\/v2\/posts\/54029\/revisions"}],"wp:attachment":[{"href":"https:\/\/www.deberes.net\/tesis\/wp-json\/wp\/v2\/media?parent=54029"}],"wp:term":[{"taxonomy":"category","embeddable":true,"href":"https:\/\/www.deberes.net\/tesis\/wp-json\/wp\/v2\/categories?post=54029"},{"taxonomy":"post_tag","embeddable":true,"href":"https:\/\/www.deberes.net\/tesis\/wp-json\/wp\/v2\/tags?post=54029"}],"curies":[{"name":"wp","href":"https:\/\/api.w.org\/{rel}","templated":true}]}}