{"id":54074,"date":"2018-03-09T22:41:45","date_gmt":"2018-03-09T22:41:45","guid":{"rendered":"https:\/\/www.deberes.net\/tesis\/sin-categoria\/aspectes-sanitaris-de-la-vila-de-berga-1569-1760\/"},"modified":"2018-03-09T22:41:45","modified_gmt":"2018-03-09T22:41:45","slug":"aspectes-sanitaris-de-la-vila-de-berga-1569-1760","status":"publish","type":"post","link":"https:\/\/www.deberes.net\/tesis\/barcelona\/aspectes-sanitaris-de-la-vila-de-berga-1569-1760\/","title":{"rendered":"Aspectes sanitaris de la vila de berga (1569-1760)"},"content":{"rendered":"<h2>Tesis doctoral de <strong> Luis Guerrero Sala <\/strong><\/h2>\n<p>La villa de berga \u00e9s un lugar de monta\u00f1a cercano al pirineo, con una poblaci\u00f3n que pasa de 800 habitantes en 1569 a 3.200 en 1760.     en ellas trabajaron en este per\u00edodo 215 sanitarios, o la visitaron, m\u00e9dicos, cirujanos, barberos, apotecarios, drogueros, candeleros, matronas, veterinarios y hospitaleros. Describo sus biograf\u00edas y familias.     era una \u00e9poca de gran violencia, con guerras y bandolerismo, que colaboraron en las 478 muertes violentas que he hallado.     estos y otros episodios y temas que narro, contribuyen al conocimiento de la historia de la hoy ciudad de berga, y contribuyo con ello al cervo de la comunidad cient\u00edfica.     la gesti\u00f3n del os cad\u00e1veres, el intervalo funerario, los traslados de los cuerpos y su sepultura en cementerios colapsados y en iglesias saturados, crean un grave problema sanitario por insalubridad.     el conocimiento de todo lo relacionado con los 17,240 nacimientos, los 2.949 matrimonios, y las 7.219 defunciones y sus circunstancias sanitarias y su lectura en t\u00e9rminos de salud y enfermedades, aportan una nueva luz a una \u00e9poca con escasez de documentaci\u00f3n hist\u00f3rica, que complemento con ap\u00e9ndices \u00fatiles a los historiadores.<\/p>\n<p>&nbsp;<\/p>\n<h3>Datos acad\u00e9micos de la tesis doctoral \u00ab<strong>Aspectes sanitaris de la vila de berga (1569-1760)<\/strong>\u00ab<\/h3>\n<ul>\n<li><strong>T\u00edtulo de la tesis:<\/strong>\u00a0 Aspectes sanitaris de la vila de berga (1569-1760) <\/li>\n<li><strong>Autor:<\/strong>\u00a0 Luis Guerrero Sala <\/li>\n<li><strong>Universidad:<\/strong>\u00a0 Barcelona<\/li>\n<li><strong>Fecha de lectura de la tesis:<\/strong>\u00a0 14\/07\/2006<\/li>\n<\/ul>\n<p>&nbsp;<\/p>\n<h3>Direcci\u00f3n y tribunal<\/h3>\n<ul>\n<li><strong>Director de la tesis<\/strong>\n<ul>\n<li>Jacint Corbella Corbella<\/li>\n<\/ul>\n<\/li>\n<li><strong>Tribunal<\/strong>\n<ul>\n<li>Presidente del tribunal: emili Huguet ramia <\/li>\n<li> Mar i balcells victor (vocal)<\/li>\n<li>Jos\u00e9 Mar\u00eda Massons esplugas (vocal)<\/li>\n<li>Manuel Camps surroca (vocal)<\/li>\n<\/ul>\n<\/li>\n<\/ul>\n<p>&nbsp;<\/p>\n","protected":false},"excerpt":{"rendered":"<p>Tesis doctoral de Luis Guerrero Sala La villa de berga \u00e9s un lugar de monta\u00f1a cercano al pirineo, con una [&hellip;]<\/p>\n","protected":false},"author":1,"featured_media":0,"comment_status":"open","ping_status":"open","sticky":false,"template":"","format":"standard","meta":{"site-sidebar-layout":"default","site-content-layout":"","ast-site-content-layout":"","site-content-style":"default","site-sidebar-style":"default","ast-global-header-display":"","ast-banner-title-visibility":"","ast-main-header-display":"","ast-hfb-above-header-display":"","ast-hfb-below-header-display":"","ast-hfb-mobile-header-display":"","site-post-title":"","ast-breadcrumbs-content":"","ast-featured-img":"","footer-sml-layout":"","theme-transparent-header-meta":"","adv-header-id-meta":"","stick-header-meta":"","header-above-stick-meta":"","header-main-stick-meta":"","header-below-stick-meta":"","astra-migrate-meta-layouts":"default","ast-page-background-enabled":"default","ast-page-background-meta":{"desktop":{"background-color":"var(--ast-global-color-4)","background-image":"","background-repeat":"repeat","background-position":"center center","background-size":"auto","background-attachment":"scroll","background-type":"","background-media":"","overlay-type":"","overlay-color":"","overlay-gradient":""},"tablet":{"background-color":"","background-image":"","background-repeat":"repeat","background-position":"center center","background-size":"auto","background-attachment":"scroll","background-type":"","background-media":"","overlay-type":"","overlay-color":"","overlay-gradient":""},"mobile":{"background-color":"","background-image":"","background-repeat":"repeat","background-position":"center center","background-size":"auto","background-attachment":"scroll","background-type":"","background-media":"","overlay-type":"","overlay-color":"","overlay-gradient":""}},"ast-content-background-meta":{"desktop":{"background-color":"var(--ast-global-color-5)","background-image":"","background-repeat":"repeat","background-position":"center center","background-size":"auto","background-attachment":"scroll","background-type":"","background-media":"","overlay-type":"","overlay-color":"","overlay-gradient":""},"tablet":{"background-color":"var(--ast-global-color-5)","background-image":"","background-repeat":"repeat","background-position":"center center","background-size":"auto","background-attachment":"scroll","background-type":"","background-media":"","overlay-type":"","overlay-color":"","overlay-gradient":""},"mobile":{"background-color":"var(--ast-global-color-5)","background-image":"","background-repeat":"repeat","background-position":"center center","background-size":"auto","background-attachment":"scroll","background-type":"","background-media":"","overlay-type":"","overlay-color":"","overlay-gradient":""}},"footnotes":""},"categories":[951,967],"tags":[3941,103,20086,119389,1149,119390],"class_list":["post-54074","post","type-post","status-publish","format-standard","hentry","category-barcelona","category-salud-publica","tag-emili-huguet-ramia","tag-jacint-corbella-corbella","tag-jose-maria-massons-esplugas","tag-luis-guerrero-sala","tag-manuel-camps-surroca","tag-mar-i-balcells-victor"],"_links":{"self":[{"href":"https:\/\/www.deberes.net\/tesis\/wp-json\/wp\/v2\/posts\/54074","targetHints":{"allow":["GET"]}}],"collection":[{"href":"https:\/\/www.deberes.net\/tesis\/wp-json\/wp\/v2\/posts"}],"about":[{"href":"https:\/\/www.deberes.net\/tesis\/wp-json\/wp\/v2\/types\/post"}],"author":[{"embeddable":true,"href":"https:\/\/www.deberes.net\/tesis\/wp-json\/wp\/v2\/users\/1"}],"replies":[{"embeddable":true,"href":"https:\/\/www.deberes.net\/tesis\/wp-json\/wp\/v2\/comments?post=54074"}],"version-history":[{"count":0,"href":"https:\/\/www.deberes.net\/tesis\/wp-json\/wp\/v2\/posts\/54074\/revisions"}],"wp:attachment":[{"href":"https:\/\/www.deberes.net\/tesis\/wp-json\/wp\/v2\/media?parent=54074"}],"wp:term":[{"taxonomy":"category","embeddable":true,"href":"https:\/\/www.deberes.net\/tesis\/wp-json\/wp\/v2\/categories?post=54074"},{"taxonomy":"post_tag","embeddable":true,"href":"https:\/\/www.deberes.net\/tesis\/wp-json\/wp\/v2\/tags?post=54074"}],"curies":[{"name":"wp","href":"https:\/\/api.w.org\/{rel}","templated":true}]}}