{"id":54111,"date":"2018-03-09T22:41:49","date_gmt":"2018-03-09T22:41:49","guid":{"rendered":"https:\/\/www.deberes.net\/tesis\/sin-categoria\/efectos-de-la-deforestacion-de-plantaciones-de-ecualiptos-sobre-el-ecosistema-fluvial\/"},"modified":"2018-03-09T22:41:49","modified_gmt":"2018-03-09T22:41:49","slug":"efectos-de-la-deforestacion-de-plantaciones-de-ecualiptos-sobre-el-ecosistema-fluvial","status":"publish","type":"post","link":"https:\/\/www.deberes.net\/tesis\/limnologia\/efectos-de-la-deforestacion-de-plantaciones-de-ecualiptos-sobre-el-ecosistema-fluvial\/","title":{"rendered":"Efectos de la deforestaci\u00f3n de plantaciones de ecualiptos sobre el ecosistema fluvial"},"content":{"rendered":"<h2>Tesis doctoral de <strong> Joseba Santiago Landa <\/strong><\/h2>\n<p>El eucalipto azul (eucalyptus globulus labill.) Es una especie australiana que se destina a la obtenci\u00f3n de pasta de papel debido a su corto periodo de tala.     los arroyos de cabecera est\u00e1n estrechamente ligados a la cuenca que drenan (vannote et al., 1980) de forma que la tala de \u00e9sta desencadena una compleja perturbaci\u00f3n de larga duraci\u00f3n en estos ecosistemas (campbell &#038; dog, 1989).     el presente estudio se ha desarrollado en el jerguer\u00f3n, un peque\u00f1o arroyo de orden 1 que vierte sus aguas al r\u00edo ag\u00ed\u00bcera en la parte media de su cuenca (cantabria) y que est\u00e1 cubierto por una plantaci\u00f3n de eucalipto, talada en junio de 2000.     el prop\u00f3sito de este trabajo es obtener una visi\u00f3n global del efecto de la tala sobre la estructura y funci\u00f3n del ecosistema fluvial. Se analizan tanto los efectos inmediatos como su duraci\u00f3n sobre un amplio abanico de variables, teniendo como referencia estudios previos en el mismo lugar y una serie temporal de una d\u00e9cada.     la tala altera de forma importante la interceptaci\u00f3n y la evapotranspiraci\u00f3n, produce un efecto considerable en las diferentes variables f\u00edsico-qu\u00edmicas y en la concentraci\u00f3n de nutrientes del agua. asimismo, la tala altera el patr\u00f3n de variabilidad del seston y se dan grandes incrementos de la concentraci\u00f3n de seston inorg\u00e1nico durante el periodo de m\u00e1xima actividad.  las operaciones forestales provocan un gran incremento de la materia particulada fina y ultrafina en el lecho. La deforestaci\u00f3n altera la distribuci\u00f3n temporal de las entradas de mopg, a s\u00ed como la importancia relativa de las v\u00edas utilizadas, y reduce las entradas totales. Adem\u00e1s, se produce durante un breve periodo un aumento considerable de la mopg bent\u00f3nica, pero una duradera reducci\u00f3n de la hojarasca bentonica. Sin embargo, no se dan grandes alteraciones de la biomasa perif\u00edtica. La comunidad de invertebrados fluviales tambi\u00e9n se ve afectada pro la tala, principalmente a nivel de diversidad y de riqueza<\/p>\n<p>&nbsp;<\/p>\n<h3>Datos acad\u00e9micos de la tesis doctoral \u00ab<strong>Efectos de la deforestaci\u00f3n de plantaciones de ecualiptos sobre el ecosistema fluvial<\/strong>\u00ab<\/h3>\n<ul>\n<li><strong>T\u00edtulo de la tesis:<\/strong>\u00a0 Efectos de la deforestaci\u00f3n de plantaciones de ecualiptos sobre el ecosistema fluvial <\/li>\n<li><strong>Autor:<\/strong>\u00a0 Joseba Santiago Landa <\/li>\n<li><strong>Universidad:<\/strong>\u00a0 Pa\u00eds vasco\/euskal herriko unibertsitatea<\/li>\n<li><strong>Fecha de lectura de la tesis:<\/strong>\u00a0 14\/07\/2006<\/li>\n<\/ul>\n<p>&nbsp;<\/p>\n<h3>Direcci\u00f3n y tribunal<\/h3>\n<ul>\n<li><strong>Director de la tesis<\/strong>\n<ul>\n<li>Jes\u00fas Pozo Mart\u00ednez<\/li>\n<\/ul>\n<\/li>\n<li><strong>Tribunal<\/strong>\n<ul>\n<li>Presidente del tribunal: estanislao De Luis calabuig <\/li>\n<li> Vitor cortes rui Manuel (vocal)<\/li>\n<li>Juan Armengol bachero (vocal)<\/li>\n<li>arturo Elosegui irurtia (vocal)<\/li>\n<\/ul>\n<\/li>\n<\/ul>\n<p>&nbsp;<\/p>\n","protected":false},"excerpt":{"rendered":"<p>Tesis doctoral de Joseba Santiago Landa El eucalipto azul (eucalyptus globulus labill.) Es una especie australiana que se destina a [&hellip;]<\/p>\n","protected":false},"author":1,"featured_media":0,"comment_status":"open","ping_status":"open","sticky":false,"template":"","format":"standard","meta":{"site-sidebar-layout":"default","site-content-layout":"","ast-site-content-layout":"","site-content-style":"default","site-sidebar-style":"default","ast-global-header-display":"","ast-banner-title-visibility":"","ast-main-header-display":"","ast-hfb-above-header-display":"","ast-hfb-below-header-display":"","ast-hfb-mobile-header-display":"","site-post-title":"","ast-breadcrumbs-content":"","ast-featured-img":"","footer-sml-layout":"","theme-transparent-header-meta":"","adv-header-id-meta":"","stick-header-meta":"","header-above-stick-meta":"","header-main-stick-meta":"","header-below-stick-meta":"","astra-migrate-meta-layouts":"default","ast-page-background-enabled":"default","ast-page-background-meta":{"desktop":{"background-color":"var(--ast-global-color-4)","background-image":"","background-repeat":"repeat","background-position":"center center","background-size":"auto","background-attachment":"scroll","background-type":"","background-media":"","overlay-type":"","overlay-color":"","overlay-gradient":""},"tablet":{"background-color":"","background-image":"","background-repeat":"repeat","background-position":"center center","background-size":"auto","background-attachment":"scroll","background-type":"","background-media":"","overlay-type":"","overlay-color":"","overlay-gradient":""},"mobile":{"background-color":"","background-image":"","background-repeat":"repeat","background-position":"center center","background-size":"auto","background-attachment":"scroll","background-type":"","background-media":"","overlay-type":"","overlay-color":"","overlay-gradient":""}},"ast-content-background-meta":{"desktop":{"background-color":"var(--ast-global-color-5)","background-image":"","background-repeat":"repeat","background-position":"center center","background-size":"auto","background-attachment":"scroll","background-type":"","background-media":"","overlay-type":"","overlay-color":"","overlay-gradient":""},"tablet":{"background-color":"var(--ast-global-color-5)","background-image":"","background-repeat":"repeat","background-position":"center center","background-size":"auto","background-attachment":"scroll","background-type":"","background-media":"","overlay-type":"","overlay-color":"","overlay-gradient":""},"mobile":{"background-color":"var(--ast-global-color-5)","background-image":"","background-repeat":"repeat","background-position":"center center","background-size":"auto","background-attachment":"scroll","background-type":"","background-media":"","overlay-type":"","overlay-color":"","overlay-gradient":""}},"footnotes":""},"categories":[44996,8598,6793,12909],"tags":[119471,4440,8602,119469,12172,119470],"class_list":["post-54111","post","type-post","status-publish","format-standard","hentry","category-explotacion-de-cultivos","category-hidrobiologia","category-limnologia","category-pais-vasco-euskal-herriko-unibertsitatea","tag-arturo-elosegui-irurtia","tag-estanislao-de-luis-calabuig","tag-jesus-pozo-Martinez","tag-joseba-santiago-landa","tag-juan-armengol-bachero","tag-vitor-cortes-rui-manuel"],"_links":{"self":[{"href":"https:\/\/www.deberes.net\/tesis\/wp-json\/wp\/v2\/posts\/54111","targetHints":{"allow":["GET"]}}],"collection":[{"href":"https:\/\/www.deberes.net\/tesis\/wp-json\/wp\/v2\/posts"}],"about":[{"href":"https:\/\/www.deberes.net\/tesis\/wp-json\/wp\/v2\/types\/post"}],"author":[{"embeddable":true,"href":"https:\/\/www.deberes.net\/tesis\/wp-json\/wp\/v2\/users\/1"}],"replies":[{"embeddable":true,"href":"https:\/\/www.deberes.net\/tesis\/wp-json\/wp\/v2\/comments?post=54111"}],"version-history":[{"count":0,"href":"https:\/\/www.deberes.net\/tesis\/wp-json\/wp\/v2\/posts\/54111\/revisions"}],"wp:attachment":[{"href":"https:\/\/www.deberes.net\/tesis\/wp-json\/wp\/v2\/media?parent=54111"}],"wp:term":[{"taxonomy":"category","embeddable":true,"href":"https:\/\/www.deberes.net\/tesis\/wp-json\/wp\/v2\/categories?post=54111"},{"taxonomy":"post_tag","embeddable":true,"href":"https:\/\/www.deberes.net\/tesis\/wp-json\/wp\/v2\/tags?post=54111"}],"curies":[{"name":"wp","href":"https:\/\/api.w.org\/{rel}","templated":true}]}}