{"id":54146,"date":"2018-03-09T22:41:52","date_gmt":"2018-03-09T22:41:52","guid":{"rendered":"https:\/\/www.deberes.net\/tesis\/sin-categoria\/derecho-a-la-informacion-y-poder-judicial\/"},"modified":"2018-03-09T22:41:52","modified_gmt":"2018-03-09T22:41:52","slug":"derecho-a-la-informacion-y-poder-judicial","status":"publish","type":"post","link":"https:\/\/www.deberes.net\/tesis\/sin-categoria\/derecho-a-la-informacion-y-poder-judicial\/","title":{"rendered":"Derecho a la informaci\u00f3n y poder judicial"},"content":{"rendered":"<h2>Tesis doctoral de <strong>  Cendejas J\u00e1uregui Mar\u00eda na Gabriela <\/strong><\/h2>\n<p>La tesis doctoral aborda el problem\u00e1tica del derecho a la informaci\u00f3n en el \u00e1mbito del poder judicial. El derecho de los ciudadanos a una informaci\u00f3n completa sobre la actuaci\u00f3n de la administraci\u00f3n de justicia colisiona con otros derechos y bienes como el derecho de los acusados al proceso debido y derechos de la personalidad de quienes intervienen en un proceso judicial. la tensi\u00f3n entre los diversos derechos en colisi\u00f3n se sit\u00faa en distintos niveles. Por una parte, el conflicto se produce, exclusivamente, entre intereses p\u00fablicos, el derecho a la informaci\u00f3n colisiona con la necesidad de preservar el car\u00e1cter equitativo del proceso, que puede verse comprometido por la influencia deformate de una excesiva publicidad. Por otro, colisionan intereses privados, relacionados con los derechos al honor y a la intimidad del acusado o de las v\u00edctimas, con los intereses privados, relacionados con los derechos al honor y a la intimidad del acusado de las v\u00edctimas, con los intereses vinculados a la publicidad del proceso y la transparencia de la justicia.     en la tesis tambi\u00e9n se aborda la problem\u00e1tica de la difusi\u00f3n de informaci\u00f3n judicial en el \u00e1mbito de las nuevas tecnolog\u00edas, con la problem\u00e1tica que conlleva la protecci\u00f3n de datos personales y la necesidad de conocer las resoluciones judiciales.<\/p>\n<p>&nbsp;<\/p>\n<h3>Datos acad\u00e9micos de la tesis doctoral \u00ab<strong>Derecho a la informaci\u00f3n y poder judicial<\/strong>\u00ab<\/h3>\n<ul>\n<li><strong>T\u00edtulo de la tesis:<\/strong>\u00a0 Derecho a la informaci\u00f3n y poder judicial <\/li>\n<li><strong>Autor:<\/strong>\u00a0  Cendejas J\u00e1uregui Mar\u00eda na Gabriela <\/li>\n<li><strong>Universidad:<\/strong>\u00a0 Complutense de Madrid<\/li>\n<li><strong>Fecha de lectura de la tesis:<\/strong>\u00a0 17\/07\/2006<\/li>\n<\/ul>\n<p>&nbsp;<\/p>\n<h3>Direcci\u00f3n y tribunal<\/h3>\n<ul>\n<li><strong>Director de la tesis<\/strong>\n<ul>\n<li>miranda Campoamor Fern\u00e1ndez<\/li>\n<\/ul>\n<\/li>\n<li><strong>Tribunal<\/strong>\n<ul>\n<li>Presidente del tribunal: pedro Garcia <\/li>\n<li>Antonio Torres del moral (vocal)<\/li>\n<li>enrique \u00e1lvarez cande (vocal)<\/li>\n<li> Nu\u00f1ez rivero Jos\u00e9 m. (vocal)<\/li>\n<\/ul>\n<\/li>\n<\/ul>\n<p>&nbsp;<\/p>\n","protected":false},"excerpt":{"rendered":"<p>Tesis doctoral de Cendejas J\u00e1uregui Mar\u00eda na Gabriela La tesis doctoral aborda el problem\u00e1tica del derecho a la informaci\u00f3n en [&hellip;]<\/p>\n","protected":false},"author":1,"featured_media":0,"comment_status":"open","ping_status":"open","sticky":false,"template":"","format":"standard","meta":{"site-sidebar-layout":"default","site-content-layout":"","ast-site-content-layout":"","site-content-style":"default","site-sidebar-style":"default","ast-global-header-display":"","ast-banner-title-visibility":"","ast-main-header-display":"","ast-hfb-above-header-display":"","ast-hfb-below-header-display":"","ast-hfb-mobile-header-display":"","site-post-title":"","ast-breadcrumbs-content":"","ast-featured-img":"","footer-sml-layout":"","theme-transparent-header-meta":"","adv-header-id-meta":"","stick-header-meta":"","header-above-stick-meta":"","header-main-stick-meta":"","header-below-stick-meta":"","astra-migrate-meta-layouts":"default","ast-page-background-enabled":"default","ast-page-background-meta":{"desktop":{"background-color":"var(--ast-global-color-4)","background-image":"","background-repeat":"repeat","background-position":"center center","background-size":"auto","background-attachment":"scroll","background-type":"","background-media":"","overlay-type":"","overlay-color":"","overlay-gradient":""},"tablet":{"background-color":"","background-image":"","background-repeat":"repeat","background-position":"center center","background-size":"auto","background-attachment":"scroll","background-type":"","background-media":"","overlay-type":"","overlay-color":"","overlay-gradient":""},"mobile":{"background-color":"","background-image":"","background-repeat":"repeat","background-position":"center center","background-size":"auto","background-attachment":"scroll","background-type":"","background-media":"","overlay-type":"","overlay-color":"","overlay-gradient":""}},"ast-content-background-meta":{"desktop":{"background-color":"var(--ast-global-color-5)","background-image":"","background-repeat":"repeat","background-position":"center center","background-size":"auto","background-attachment":"scroll","background-type":"","background-media":"","overlay-type":"","overlay-color":"","overlay-gradient":""},"tablet":{"background-color":"var(--ast-global-color-5)","background-image":"","background-repeat":"repeat","background-position":"center center","background-size":"auto","background-attachment":"scroll","background-type":"","background-media":"","overlay-type":"","overlay-color":"","overlay-gradient":""},"mobile":{"background-color":"var(--ast-global-color-5)","background-image":"","background-repeat":"repeat","background-position":"center center","background-size":"auto","background-attachment":"scroll","background-type":"","background-media":"","overlay-type":"","overlay-color":"","overlay-gradient":""}},"footnotes":""},"categories":[1],"tags":[4689,119547,63810,32999,119549,119548],"class_list":["post-54146","post","type-post","status-publish","format-standard","hentry","category-sin-categoria","tag-antonio-torres-del-moral","tag-cendejas-jauregui-maria-na-gabriela","tag-enrique-alvarez-cande","tag-miranda-campoamor-fernandez","tag-nunez-rivero-jose-m","tag-pedro-garcia"],"_links":{"self":[{"href":"https:\/\/www.deberes.net\/tesis\/wp-json\/wp\/v2\/posts\/54146","targetHints":{"allow":["GET"]}}],"collection":[{"href":"https:\/\/www.deberes.net\/tesis\/wp-json\/wp\/v2\/posts"}],"about":[{"href":"https:\/\/www.deberes.net\/tesis\/wp-json\/wp\/v2\/types\/post"}],"author":[{"embeddable":true,"href":"https:\/\/www.deberes.net\/tesis\/wp-json\/wp\/v2\/users\/1"}],"replies":[{"embeddable":true,"href":"https:\/\/www.deberes.net\/tesis\/wp-json\/wp\/v2\/comments?post=54146"}],"version-history":[{"count":0,"href":"https:\/\/www.deberes.net\/tesis\/wp-json\/wp\/v2\/posts\/54146\/revisions"}],"wp:attachment":[{"href":"https:\/\/www.deberes.net\/tesis\/wp-json\/wp\/v2\/media?parent=54146"}],"wp:term":[{"taxonomy":"category","embeddable":true,"href":"https:\/\/www.deberes.net\/tesis\/wp-json\/wp\/v2\/categories?post=54146"},{"taxonomy":"post_tag","embeddable":true,"href":"https:\/\/www.deberes.net\/tesis\/wp-json\/wp\/v2\/tags?post=54146"}],"curies":[{"name":"wp","href":"https:\/\/api.w.org\/{rel}","templated":true}]}}