{"id":54208,"date":"2018-03-09T22:41:56","date_gmt":"2018-03-09T22:41:56","guid":{"rendered":"https:\/\/www.deberes.net\/tesis\/sin-categoria\/noves-estructures-basades-en-aminoacids-trifuncionals-folda-mers-i-quimioteques-basades-en-derivats-de-prolina\/"},"modified":"2018-03-09T22:41:56","modified_gmt":"2018-03-09T22:41:56","slug":"noves-estructures-basades-en-aminoacids-trifuncionals-folda-mers-i-quimioteques-basades-en-derivats-de-prolina","status":"publish","type":"post","link":"https:\/\/www.deberes.net\/tesis\/quimica-organica\/noves-estructures-basades-en-aminoacids-trifuncionals-folda-mers-i-quimioteques-basades-en-derivats-de-prolina\/","title":{"rendered":"Noves estructures basades en amino\u00e1cids trifuncionals: fold\u00c1\u00a0mers i quimioteques basades en derivats de prolina"},"content":{"rendered":"<h2>Tesis doctoral de <strong>  Farrera Sinfreu Josep Mar\u00eda <\/strong><\/h2>\n<p>En los \u00faltimos a\u00f1os la s\u00edntesis en fase s\u00f3lida se ha convertido en una herramienta fundamental para la s\u00edntesis de p\u00e9ptidos y oligonucleotidos. aunque en estas \u00e1reas se han desarrollado muchas s\u00edntesis complejas en fase s\u00f3lida, a\u00fan se hace dif\u00edcil pensar en la s\u00edntesis de cualquier mol\u00e9cular org\u00e1nica utilizando esta metodolog\u00eda. Uno de los problemas m\u00e1s importantes que presenta la s\u00edntesis en fase s\u00f3lida es el desarrollo de nuevas estrategias de s\u00edntesis que permitan obtener mol\u00e9culas con una complejidad estructural importante de una manera r\u00e1pida y eficiente. Para conseguirlo, se pueden necesitar plataformas centrales ramificadas. En este sentido y concretamente en la s\u00edntesis de p\u00e9ptidos y peptidomim\u00e9ticos, los amino\u00e1cidos trifuncionales juegan un papel fundamental.     en esta tesis doctoral se han utilizado amino\u00e1cidos trifuncionales para sintetizar estructuras complejas como pueden ser los p\u00e9ptidos c\u00edclicos o los fold\u00e1meros y en la s\u00edntesis de quimiotecas. Principalmente hemos trabajado con peptidomim\u00e9ticos basados en derivados trifuncionales de prolina, como son las cis-gamma-amino-l-prolina y la trans-4-hidroxi-l-prolina. Estas plataformas tienen tres grupos funcionales que decoran el anillo de cinco miembros con una disposici\u00f3n id\u00f3nea para ser usados como corazones de mol\u00e9culas ramificadas.     el primer proyecto en el que se trabaj\u00f3 fue en el estudio de grupos protectores ortogonales para la s\u00edntesis de tetra-beta-p\u00e9ptidos c\u00edclicos en fase s\u00f3lida utilizando el espaciador bifuncional bal (1). A lo largo de estos estudios, en algunos casos se detectaron problemas de incompatibilidad de los grupos protectores fmoc y alloc, problemas que se pudieron subsanar con metodolog\u00edas sint\u00e9ticas adecuadas (2).     el segundo proyecto en el que trabajamos se bas\u00f3 en fold\u00e1merops derivados de la cis-gamma-amino-l-prolina. En la primera parte de estos trabajos, describimos la s\u00edntesis en fase s\u00f3lida de estos compuestos, as<\/p>\n<p>&nbsp;<\/p>\n<h3>Datos acad\u00e9micos de la tesis doctoral \u00ab<strong>Noves estructures basades en amino\u00e1cids trifuncionals: fold\u00c1\u00a0mers i quimioteques basades en derivats de prolina<\/strong>\u00ab<\/h3>\n<ul>\n<li><strong>T\u00edtulo de la tesis:<\/strong>\u00a0 Noves estructures basades en amino\u00e1cids trifuncionals: fold\u00c1\u00a0mers i quimioteques basades en derivats de prolina <\/li>\n<li><strong>Autor:<\/strong>\u00a0  Farrera Sinfreu Josep Mar\u00eda <\/li>\n<li><strong>Universidad:<\/strong>\u00a0 Barcelona<\/li>\n<li><strong>Fecha de lectura de la tesis:<\/strong>\u00a0 19\/07\/2006<\/li>\n<\/ul>\n<p>&nbsp;<\/p>\n<h3>Direcci\u00f3n y tribunal<\/h3>\n<ul>\n<li><strong>Director de la tesis<\/strong>\n<ul>\n<li>Miriam Royo Exp\u00f3sito<\/li>\n<\/ul>\n<\/li>\n<li><strong>Tribunal<\/strong>\n<ul>\n<li>Presidente del tribunal: ernest Giralt lledo <\/li>\n<li> Grnaja guillan Juan  ram\u00f3n (vocal)<\/li>\n<li>david Andreu mart\u00ednez (vocal)<\/li>\n<li>susanna Castel gil (vocal)<\/li>\n<\/ul>\n<\/li>\n<\/ul>\n<p>&nbsp;<\/p>\n","protected":false},"excerpt":{"rendered":"<p>Tesis doctoral de Farrera Sinfreu Josep Mar\u00eda En los \u00faltimos a\u00f1os la s\u00edntesis en fase s\u00f3lida se ha convertido en [&hellip;]<\/p>\n","protected":false},"author":1,"featured_media":0,"comment_status":"open","ping_status":"open","sticky":false,"template":"","format":"standard","meta":{"site-sidebar-layout":"default","site-content-layout":"","ast-site-content-layout":"","site-content-style":"default","site-sidebar-style":"default","ast-global-header-display":"","ast-banner-title-visibility":"","ast-main-header-display":"","ast-hfb-above-header-display":"","ast-hfb-below-header-display":"","ast-hfb-mobile-header-display":"","site-post-title":"","ast-breadcrumbs-content":"","ast-featured-img":"","footer-sml-layout":"","theme-transparent-header-meta":"","adv-header-id-meta":"","stick-header-meta":"","header-above-stick-meta":"","header-main-stick-meta":"","header-below-stick-meta":"","astra-migrate-meta-layouts":"default","ast-page-background-enabled":"default","ast-page-background-meta":{"desktop":{"background-color":"var(--ast-global-color-4)","background-image":"","background-repeat":"repeat","background-position":"center center","background-size":"auto","background-attachment":"scroll","background-type":"","background-media":"","overlay-type":"","overlay-color":"","overlay-gradient":""},"tablet":{"background-color":"","background-image":"","background-repeat":"repeat","background-position":"center center","background-size":"auto","background-attachment":"scroll","background-type":"","background-media":"","overlay-type":"","overlay-color":"","overlay-gradient":""},"mobile":{"background-color":"","background-image":"","background-repeat":"repeat","background-position":"center center","background-size":"auto","background-attachment":"scroll","background-type":"","background-media":"","overlay-type":"","overlay-color":"","overlay-gradient":""}},"ast-content-background-meta":{"desktop":{"background-color":"var(--ast-global-color-5)","background-image":"","background-repeat":"repeat","background-position":"center center","background-size":"auto","background-attachment":"scroll","background-type":"","background-media":"","overlay-type":"","overlay-color":"","overlay-gradient":""},"tablet":{"background-color":"var(--ast-global-color-5)","background-image":"","background-repeat":"repeat","background-position":"center center","background-size":"auto","background-attachment":"scroll","background-type":"","background-media":"","overlay-type":"","overlay-color":"","overlay-gradient":""},"mobile":{"background-color":"var(--ast-global-color-5)","background-image":"","background-repeat":"repeat","background-position":"center center","background-size":"auto","background-attachment":"scroll","background-type":"","background-media":"","overlay-type":"","overlay-color":"","overlay-gradient":""}},"footnotes":""},"categories":[951,416],"tags":[5628,1100,119706,119707,1098,53281],"class_list":["post-54208","post","type-post","status-publish","format-standard","hentry","category-barcelona","category-quimica-organica","tag-david-andreu-Martinez","tag-ernest-giralt-lledo","tag-farrera-sinfreu-josep-maria","tag-grnaja-guillan-juan-ramon","tag-miriam-royo-exposito","tag-susanna-castel-gil"],"_links":{"self":[{"href":"https:\/\/www.deberes.net\/tesis\/wp-json\/wp\/v2\/posts\/54208","targetHints":{"allow":["GET"]}}],"collection":[{"href":"https:\/\/www.deberes.net\/tesis\/wp-json\/wp\/v2\/posts"}],"about":[{"href":"https:\/\/www.deberes.net\/tesis\/wp-json\/wp\/v2\/types\/post"}],"author":[{"embeddable":true,"href":"https:\/\/www.deberes.net\/tesis\/wp-json\/wp\/v2\/users\/1"}],"replies":[{"embeddable":true,"href":"https:\/\/www.deberes.net\/tesis\/wp-json\/wp\/v2\/comments?post=54208"}],"version-history":[{"count":0,"href":"https:\/\/www.deberes.net\/tesis\/wp-json\/wp\/v2\/posts\/54208\/revisions"}],"wp:attachment":[{"href":"https:\/\/www.deberes.net\/tesis\/wp-json\/wp\/v2\/media?parent=54208"}],"wp:term":[{"taxonomy":"category","embeddable":true,"href":"https:\/\/www.deberes.net\/tesis\/wp-json\/wp\/v2\/categories?post=54208"},{"taxonomy":"post_tag","embeddable":true,"href":"https:\/\/www.deberes.net\/tesis\/wp-json\/wp\/v2\/tags?post=54208"}],"curies":[{"name":"wp","href":"https:\/\/api.w.org\/{rel}","templated":true}]}}