{"id":54211,"date":"2018-03-09T22:41:56","date_gmt":"2018-03-09T22:41:56","guid":{"rendered":"https:\/\/www.deberes.net\/tesis\/sin-categoria\/estudio-de-la-cadera-del-practicante-de-taekwondo\/"},"modified":"2018-03-09T22:41:56","modified_gmt":"2018-03-09T22:41:56","slug":"estudio-de-la-cadera-del-practicante-de-taekwondo","status":"publish","type":"post","link":"https:\/\/www.deberes.net\/tesis\/traumatologia\/estudio-de-la-cadera-del-practicante-de-taekwondo\/","title":{"rendered":"Estudio de la cadera del practicante de taekwondo"},"content":{"rendered":"<h2>Tesis doctoral de <strong> Ramon Olive Vilas <\/strong><\/h2>\n<p>Introducci\u00f3n     al incorporarse el taekwondo (arte marcial coreana) como disciplina ol\u00edmpica exigi\u00f3 un control y seguimiento m\u00e9dico deportivo ello permiti\u00f3 observar que algunos de estos deportistas presentaban en la cadena un cuadro sintom\u00e1tico que limitaba su rendimiento deportivo. En la bibliograf\u00eda internacional no existen trabajos que sobre esta patolog\u00eda.  material y m\u00e9todo     hemos estudiado una poblaci\u00f3n de 40 deportistas (20 mujeres y 20 hombres) practicantes de taekwondo de los equipos nacionales de espa\u00f1a, m\u00e9xico y venezuela, tras la obtenci\u00f3n del consentimiento informado. el \u00fanico requisito para formar parte del estudio era haber estado un m\u00ednimo de 6 a\u00f1os en el equipo nacional absoluto. a los deportistas se les someti\u00f3 a un examen y exploraci\u00f3n cl\u00ednica, radiol\u00f3gico simple (frente, falso perfil y proye. Dunlap), tac, rmn, estudio coordinado de videogr\u00e1fico, plataforma de fuerzas y electromiograf\u00eda.  resultados     nuestra poblaci\u00f3n de 40 deportistas con una edad media de 24,68 a 16 (40%) presentan cl\u00ednica (dolor) en la cadera y cumplen los criterios de la academia americana de reumatolog\u00eda para ser catalogados de artr\u00f3sicos. Solo el \u00e1ngulo vca displ\u00e1sico era estad\u00edsticamente significativo como factor de riesgo. Las alteraciones \u00f3sea ten\u00edan un car\u00e1cter proliferativo (steofito y osteocondensaci\u00f3n). En partes blandas de lesi\u00f3n del labrum superior era la m\u00e1s frecuente en la cadera sintom\u00e1tica. Los picos de previsi\u00f3n vertical sobre la cadera de apoyo son de 2,3 veces el peso corporal durante la ejecuci\u00f3n de las t\u00e9cnicas de combate, los grupos musculares con mayor actividad: m.Oblicuos, m.Mult\u00edfidus y m.Cuadrieps y los rangos de movilidad articular m\u00e1s exigentes para la flexi\u00f3n se consiguen con la t\u00e9cnica de neryo para la pierna de impacto y tuit con la de apoyo.  discusi\u00f3n     la incidencia de osteoartrosis en gente joven es de 100 nuevos casos\/100.000 habitantes a\u00f1os, la preValencia en sujetos de<\/p>\n<p>&nbsp;<\/p>\n<h3>Datos acad\u00e9micos de la tesis doctoral \u00ab<strong>Estudio de la cadera del practicante de taekwondo<\/strong>\u00ab<\/h3>\n<ul>\n<li><strong>T\u00edtulo de la tesis:<\/strong>\u00a0 Estudio de la cadera del practicante de taekwondo <\/li>\n<li><strong>Autor:<\/strong>\u00a0 Ramon Olive Vilas <\/li>\n<li><strong>Universidad:<\/strong>\u00a0 Barcelona<\/li>\n<li><strong>Fecha de lectura de la tesis:<\/strong>\u00a0 19\/07\/2006<\/li>\n<\/ul>\n<p>&nbsp;<\/p>\n<h3>Direcci\u00f3n y tribunal<\/h3>\n<ul>\n<li><strong>Director de la tesis<\/strong>\n<ul>\n<li>Alfons Fern\u00e1ndez  Sabat\u00e9<\/li>\n<\/ul>\n<\/li>\n<li><strong>Tribunal<\/strong>\n<ul>\n<li>Presidente del tribunal: ram\u00f3n Segura cardona <\/li>\n<li>Manuel Marin navarro (vocal)<\/li>\n<li>enrique Caceres palou (vocal)<\/li>\n<li>joan Nardi vilardaga (vocal)<\/li>\n<\/ul>\n<\/li>\n<\/ul>\n<p>&nbsp;<\/p>\n","protected":false},"excerpt":{"rendered":"<p>Tesis doctoral de Ramon Olive Vilas Introducci\u00f3n al incorporarse el taekwondo (arte marcial coreana) como disciplina ol\u00edmpica exigi\u00f3 un control [&hellip;]<\/p>\n","protected":false},"author":1,"featured_media":0,"comment_status":"open","ping_status":"open","sticky":false,"template":"","format":"standard","meta":{"site-sidebar-layout":"default","site-content-layout":"","ast-site-content-layout":"","site-content-style":"default","site-sidebar-style":"default","ast-global-header-display":"","ast-banner-title-visibility":"","ast-main-header-display":"","ast-hfb-above-header-display":"","ast-hfb-below-header-display":"","ast-hfb-mobile-header-display":"","site-post-title":"","ast-breadcrumbs-content":"","ast-featured-img":"","footer-sml-layout":"","theme-transparent-header-meta":"","adv-header-id-meta":"","stick-header-meta":"","header-above-stick-meta":"","header-main-stick-meta":"","header-below-stick-meta":"","astra-migrate-meta-layouts":"default","ast-page-background-enabled":"default","ast-page-background-meta":{"desktop":{"background-color":"var(--ast-global-color-4)","background-image":"","background-repeat":"repeat","background-position":"center center","background-size":"auto","background-attachment":"scroll","background-type":"","background-media":"","overlay-type":"","overlay-color":"","overlay-gradient":""},"tablet":{"background-color":"","background-image":"","background-repeat":"repeat","background-position":"center center","background-size":"auto","background-attachment":"scroll","background-type":"","background-media":"","overlay-type":"","overlay-color":"","overlay-gradient":""},"mobile":{"background-color":"","background-image":"","background-repeat":"repeat","background-position":"center center","background-size":"auto","background-attachment":"scroll","background-type":"","background-media":"","overlay-type":"","overlay-color":"","overlay-gradient":""}},"ast-content-background-meta":{"desktop":{"background-color":"var(--ast-global-color-5)","background-image":"","background-repeat":"repeat","background-position":"center center","background-size":"auto","background-attachment":"scroll","background-type":"","background-media":"","overlay-type":"","overlay-color":"","overlay-gradient":""},"tablet":{"background-color":"var(--ast-global-color-5)","background-image":"","background-repeat":"repeat","background-position":"center center","background-size":"auto","background-attachment":"scroll","background-type":"","background-media":"","overlay-type":"","overlay-color":"","overlay-gradient":""},"mobile":{"background-color":"var(--ast-global-color-5)","background-image":"","background-repeat":"repeat","background-position":"center center","background-size":"auto","background-attachment":"scroll","background-type":"","background-media":"","overlay-type":"","overlay-color":"","overlay-gradient":""}},"footnotes":""},"categories":[951,254],"tags":[14166,42526,14108,65062,119711,20257],"class_list":["post-54211","post","type-post","status-publish","format-standard","hentry","category-barcelona","category-traumatologia","tag-alfons-fernandez-sabate","tag-enrique-caceres-palou","tag-joan-nardi-vilardaga","tag-manuel-marin-navarro","tag-ramon-olive-vilas","tag-ramon-segura-cardona"],"_links":{"self":[{"href":"https:\/\/www.deberes.net\/tesis\/wp-json\/wp\/v2\/posts\/54211","targetHints":{"allow":["GET"]}}],"collection":[{"href":"https:\/\/www.deberes.net\/tesis\/wp-json\/wp\/v2\/posts"}],"about":[{"href":"https:\/\/www.deberes.net\/tesis\/wp-json\/wp\/v2\/types\/post"}],"author":[{"embeddable":true,"href":"https:\/\/www.deberes.net\/tesis\/wp-json\/wp\/v2\/users\/1"}],"replies":[{"embeddable":true,"href":"https:\/\/www.deberes.net\/tesis\/wp-json\/wp\/v2\/comments?post=54211"}],"version-history":[{"count":0,"href":"https:\/\/www.deberes.net\/tesis\/wp-json\/wp\/v2\/posts\/54211\/revisions"}],"wp:attachment":[{"href":"https:\/\/www.deberes.net\/tesis\/wp-json\/wp\/v2\/media?parent=54211"}],"wp:term":[{"taxonomy":"category","embeddable":true,"href":"https:\/\/www.deberes.net\/tesis\/wp-json\/wp\/v2\/categories?post=54211"},{"taxonomy":"post_tag","embeddable":true,"href":"https:\/\/www.deberes.net\/tesis\/wp-json\/wp\/v2\/tags?post=54211"}],"curies":[{"name":"wp","href":"https:\/\/api.w.org\/{rel}","templated":true}]}}