{"id":54264,"date":"2018-03-09T22:42:00","date_gmt":"2018-03-09T22:42:00","guid":{"rendered":"https:\/\/www.deberes.net\/tesis\/sin-categoria\/la-atencion-a-la-pequena-infancia-a-ciutat-vella\/"},"modified":"2018-03-09T22:42:00","modified_gmt":"2018-03-09T22:42:00","slug":"la-atencion-a-la-pequena-infancia-a-ciutat-vella","status":"publish","type":"post","link":"https:\/\/www.deberes.net\/tesis\/psicologia-del-nino-y-del-adolescente\/la-atencion-a-la-pequena-infancia-a-ciutat-vella\/","title":{"rendered":"La atencion a la peque\u00f1a infancia a ciutat vella"},"content":{"rendered":"<h2>Tesis doctoral de <strong> Isabel Guibourg Garcia <\/strong><\/h2>\n<p>Estudio sobre las necesidades de la infancia y su familia en el distrito 1 de la ciudad de barcelona y de los servicios que la atienden. Siguiendo las propuestas de la red europea de atenci\u00f3n a la infancia dirigida por el dr. Meter moss, se propone un sistema de indicadores para valorar la atenci\u00f3n a la infancia y su familia realizadas desde los diferentes \u00e1mbitos implicados: educaci\u00f3n, salud, servicios sociales y ocio y cultura. Se propone la creaci\u00f3n de redes intersectoriales en un territorio para garantizar una atenci\u00f3n global y de calidad.<\/p>\n<p>&nbsp;<\/p>\n<h3>Datos acad\u00e9micos de la tesis doctoral \u00ab<strong>La atencion a la peque\u00f1a infancia a ciutat vella<\/strong>\u00ab<\/h3>\n<ul>\n<li><strong>T\u00edtulo de la tesis:<\/strong>\u00a0 La atencion a la peque\u00f1a infancia a ciutat vella <\/li>\n<li><strong>Autor:<\/strong>\u00a0 Isabel Guibourg Garcia <\/li>\n<li><strong>Universidad:<\/strong>\u00a0 Aut\u00f3noma de barcelona<\/li>\n<li><strong>Fecha de lectura de la tesis:<\/strong>\u00a0 20\/07\/2006<\/li>\n<\/ul>\n<p>&nbsp;<\/p>\n<h3>Direcci\u00f3n y tribunal<\/h3>\n<ul>\n<li><strong>Director de la tesis<\/strong>\n<ul>\n<li>Carmen Angel Ferrer<\/li>\n<\/ul>\n<\/li>\n<li><strong>Tribunal<\/strong>\n<ul>\n<li>Presidente del tribunal: Mar\u00eda  rosa Sole planas <\/li>\n<li>jaume Sanuy burgues (vocal)<\/li>\n<li>lourdes Molina sim\u00f3 (vocal)<\/li>\n<li>enric Valls  gim\u00e9nez (vocal)<\/li>\n<\/ul>\n<\/li>\n<\/ul>\n<p>&nbsp;<\/p>\n","protected":false},"excerpt":{"rendered":"<p>Tesis doctoral de Isabel Guibourg Garcia Estudio sobre las necesidades de la infancia y su familia en el distrito 1 [&hellip;]<\/p>\n","protected":false},"author":1,"featured_media":0,"comment_status":"open","ping_status":"open","sticky":false,"template":"","format":"standard","meta":{"site-sidebar-layout":"default","site-content-layout":"","ast-site-content-layout":"","site-content-style":"default","site-sidebar-style":"default","ast-global-header-display":"","ast-banner-title-visibility":"","ast-main-header-display":"","ast-hfb-above-header-display":"","ast-hfb-below-header-display":"","ast-hfb-mobile-header-display":"","site-post-title":"","ast-breadcrumbs-content":"","ast-featured-img":"","footer-sml-layout":"","theme-transparent-header-meta":"","adv-header-id-meta":"","stick-header-meta":"","header-above-stick-meta":"","header-main-stick-meta":"","header-below-stick-meta":"","astra-migrate-meta-layouts":"default","ast-page-background-enabled":"default","ast-page-background-meta":{"desktop":{"background-color":"var(--ast-global-color-4)","background-image":"","background-repeat":"repeat","background-position":"center center","background-size":"auto","background-attachment":"scroll","background-type":"","background-media":"","overlay-type":"","overlay-color":"","overlay-gradient":""},"tablet":{"background-color":"","background-image":"","background-repeat":"repeat","background-position":"center center","background-size":"auto","background-attachment":"scroll","background-type":"","background-media":"","overlay-type":"","overlay-color":"","overlay-gradient":""},"mobile":{"background-color":"","background-image":"","background-repeat":"repeat","background-position":"center center","background-size":"auto","background-attachment":"scroll","background-type":"","background-media":"","overlay-type":"","overlay-color":"","overlay-gradient":""}},"ast-content-background-meta":{"desktop":{"background-color":"var(--ast-global-color-5)","background-image":"","background-repeat":"repeat","background-position":"center center","background-size":"auto","background-attachment":"scroll","background-type":"","background-media":"","overlay-type":"","overlay-color":"","overlay-gradient":""},"tablet":{"background-color":"var(--ast-global-color-5)","background-image":"","background-repeat":"repeat","background-position":"center center","background-size":"auto","background-attachment":"scroll","background-type":"","background-media":"","overlay-type":"","overlay-color":"","overlay-gradient":""},"mobile":{"background-color":"var(--ast-global-color-5)","background-image":"","background-repeat":"repeat","background-position":"center center","background-size":"auto","background-attachment":"scroll","background-type":"","background-media":"","overlay-type":"","overlay-color":"","overlay-gradient":""}},"footnotes":""},"categories":[4264,970],"tags":[33686,33601,119821,40302,60132,119822],"class_list":["post-54264","post","type-post","status-publish","format-standard","hentry","category-asesoramiento-y-orientacion-psicologicas","category-psicologia-del-nino-y-del-adolescente","tag-carmen-angel-ferrer","tag-enric-valls-gimenez","tag-isabel-guibourg-garcia","tag-jaume-sanuy-burgues","tag-lourdes-molina-simo","tag-maria-rosa-sole-planas"],"_links":{"self":[{"href":"https:\/\/www.deberes.net\/tesis\/wp-json\/wp\/v2\/posts\/54264","targetHints":{"allow":["GET"]}}],"collection":[{"href":"https:\/\/www.deberes.net\/tesis\/wp-json\/wp\/v2\/posts"}],"about":[{"href":"https:\/\/www.deberes.net\/tesis\/wp-json\/wp\/v2\/types\/post"}],"author":[{"embeddable":true,"href":"https:\/\/www.deberes.net\/tesis\/wp-json\/wp\/v2\/users\/1"}],"replies":[{"embeddable":true,"href":"https:\/\/www.deberes.net\/tesis\/wp-json\/wp\/v2\/comments?post=54264"}],"version-history":[{"count":0,"href":"https:\/\/www.deberes.net\/tesis\/wp-json\/wp\/v2\/posts\/54264\/revisions"}],"wp:attachment":[{"href":"https:\/\/www.deberes.net\/tesis\/wp-json\/wp\/v2\/media?parent=54264"}],"wp:term":[{"taxonomy":"category","embeddable":true,"href":"https:\/\/www.deberes.net\/tesis\/wp-json\/wp\/v2\/categories?post=54264"},{"taxonomy":"post_tag","embeddable":true,"href":"https:\/\/www.deberes.net\/tesis\/wp-json\/wp\/v2\/tags?post=54264"}],"curies":[{"name":"wp","href":"https:\/\/api.w.org\/{rel}","templated":true}]}}