{"id":543,"date":"1994-01-01T00:00:00","date_gmt":"1994-01-01T00:00:00","guid":{"rendered":"https:\/\/www.deberes.net\/tesis\/1994\/01\/01\/esquemas-sintactico-semanticos-de-las-construcciones-con-sustantivo-en-posicion-nuclear-en-espanol\/"},"modified":"1994-01-01T00:00:00","modified_gmt":"1994-01-01T00:00:00","slug":"esquemas-sintactico-semanticos-de-las-construcciones-con-sustantivo-en-posicion-nuclear-en-espanol","status":"publish","type":"post","link":"https:\/\/www.deberes.net\/tesis\/linguistica\/esquemas-sintactico-semanticos-de-las-construcciones-con-sustantivo-en-posicion-nuclear-en-espanol\/","title":{"rendered":"Esquemas sintactico-semanticos de las construcciones con sustantivo en posicion nuclear en espa\u00f1ol"},"content":{"rendered":"<h2>Tesis doctoral de <strong> M\u00aa Tadea D\u00edaz  Hormigo <\/strong><\/h2>\n<p>El trabajo consta de dos partes: una, teorico-critica, tiene como objeto la revision historica y valoracion de los distintos tratamientos del sustantivo y la construccion con sustantivo nuclear en las escuelas linguisticas, desde la \u00abgramatica tradicional\u00bb hasta la teoria de los esquemas sintactico-semanticos, y otra, de aplicacion a un amplio corpus de datos de una determinada teoria alternativa, en la que comprobamos las hipotesis a las que hemos llegado tras el estudio teorico. El objetivo es determinar, clasificar y establecer la paradigmatica opositiva de los esquemas sintactico-semanticos con sustantivos nucleares del espa\u00f1ol, siendo necesario para su logro delimitar y especificar los conceptos de sustantivo, construccion con sustantivo nuclear y esquema sintactico-semantico suboracional. Debido a la amplitud del ambito marcado, tras esbozar la clasificacion de los sustantivos y la de los esquemas sintactico-semanticos con sustantivos nucleares, restringimos nuestro estudio a los esquemas con sustantivos deverbales en -on relacionados con esquemas con verbo de la norma como nucleo.<\/p>\n<p>&nbsp;<\/p>\n<h3>Datos acad\u00e9micos de la tesis doctoral \u00ab<strong>Esquemas sintactico-semanticos de las construcciones con sustantivo en posicion nuclear en espa\u00f1ol<\/strong>\u00ab<\/h3>\n<ul>\n<li><strong>T\u00edtulo de la tesis:<\/strong>\u00a0 Esquemas sintactico-semanticos de las construcciones con sustantivo en posicion nuclear en espa\u00f1ol <\/li>\n<li><strong>Autor:<\/strong>\u00a0 M\u00aa Tadea D\u00edaz  Hormigo <\/li>\n<li><strong>Universidad:<\/strong>\u00a0 C\u00e1diz<\/li>\n<li><strong>Fecha de lectura de la tesis:<\/strong>\u00a0 01\/01\/1994<\/li>\n<\/ul>\n<p>&nbsp;<\/p>\n<h3>Direcci\u00f3n y tribunal<\/h3>\n<ul>\n<li><strong>Director de la tesis<\/strong>\n<ul>\n<li>Valerio Baez Sanjose<\/li>\n<\/ul>\n<\/li>\n<li><strong>Tribunal<\/strong>\n<ul>\n<li>Presidente del tribunal: Felix Monge Casao <\/li>\n<li>\u00e1ngel L\u00f3pez Garc\u00eda (vocal)<\/li>\n<li> De Molina Redondo  Jos\u00e9 Andr\u00e9s (vocal)<\/li>\n<li>Inmaculada Penad\u00e9s Mart\u00ednez (vocal)<\/li>\n<\/ul>\n<\/li>\n<\/ul>\n<p>&nbsp;<\/p>\n","protected":false},"excerpt":{"rendered":"<p>Tesis doctoral de M\u00aa Tadea D\u00edaz Hormigo El trabajo consta de dos partes: una, teorico-critica, tiene como objeto la revision [&hellip;]<\/p>\n","protected":false},"author":1,"featured_media":0,"comment_status":"open","ping_status":"open","sticky":false,"template":"","format":"standard","meta":{"site-sidebar-layout":"default","site-content-layout":"","ast-site-content-layout":"","site-content-style":"default","site-sidebar-style":"default","ast-global-header-display":"","ast-banner-title-visibility":"","ast-main-header-display":"","ast-hfb-above-header-display":"","ast-hfb-below-header-display":"","ast-hfb-mobile-header-display":"","site-post-title":"","ast-breadcrumbs-content":"","ast-featured-img":"","footer-sml-layout":"","theme-transparent-header-meta":"","adv-header-id-meta":"","stick-header-meta":"","header-above-stick-meta":"","header-main-stick-meta":"","header-below-stick-meta":"","astra-migrate-meta-layouts":"default","ast-page-background-enabled":"default","ast-page-background-meta":{"desktop":{"background-color":"var(--ast-global-color-4)","background-image":"","background-repeat":"repeat","background-position":"center center","background-size":"auto","background-attachment":"scroll","background-type":"","background-media":"","overlay-type":"","overlay-color":"","overlay-gradient":""},"tablet":{"background-color":"","background-image":"","background-repeat":"repeat","background-position":"center center","background-size":"auto","background-attachment":"scroll","background-type":"","background-media":"","overlay-type":"","overlay-color":"","overlay-gradient":""},"mobile":{"background-color":"","background-image":"","background-repeat":"repeat","background-position":"center center","background-size":"auto","background-attachment":"scroll","background-type":"","background-media":"","overlay-type":"","overlay-color":"","overlay-gradient":""}},"ast-content-background-meta":{"desktop":{"background-color":"var(--ast-global-color-5)","background-image":"","background-repeat":"repeat","background-position":"center center","background-size":"auto","background-attachment":"scroll","background-type":"","background-media":"","overlay-type":"","overlay-color":"","overlay-gradient":""},"tablet":{"background-color":"var(--ast-global-color-5)","background-image":"","background-repeat":"repeat","background-position":"center center","background-size":"auto","background-attachment":"scroll","background-type":"","background-media":"","overlay-type":"","overlay-color":"","overlay-gradient":""},"mobile":{"background-color":"var(--ast-global-color-5)","background-image":"","background-repeat":"repeat","background-position":"center center","background-size":"auto","background-attachment":"scroll","background-type":"","background-media":"","overlay-type":"","overlay-color":"","overlay-gradient":""}},"footnotes":""},"categories":[1506,59,62,886,409],"tags":[1515,1517,1622,1518,1621,1514],"class_list":["post-543","post","type-post","status-publish","format-standard","hentry","category-cadiz","category-linguistica","category-linguistica-sincronica","category-semantica","category-sintaxis-y-analisis-sintactico","tag-angel-lopez-garcia","tag-de-molina-redondo-jose-andres","tag-felix-monge-casao","tag-inmaculada-penades-Martinez","tag-ma-tadea-diaz-hormigo","tag-valerio-baez-sanjose"],"_links":{"self":[{"href":"https:\/\/www.deberes.net\/tesis\/wp-json\/wp\/v2\/posts\/543","targetHints":{"allow":["GET"]}}],"collection":[{"href":"https:\/\/www.deberes.net\/tesis\/wp-json\/wp\/v2\/posts"}],"about":[{"href":"https:\/\/www.deberes.net\/tesis\/wp-json\/wp\/v2\/types\/post"}],"author":[{"embeddable":true,"href":"https:\/\/www.deberes.net\/tesis\/wp-json\/wp\/v2\/users\/1"}],"replies":[{"embeddable":true,"href":"https:\/\/www.deberes.net\/tesis\/wp-json\/wp\/v2\/comments?post=543"}],"version-history":[{"count":0,"href":"https:\/\/www.deberes.net\/tesis\/wp-json\/wp\/v2\/posts\/543\/revisions"}],"wp:attachment":[{"href":"https:\/\/www.deberes.net\/tesis\/wp-json\/wp\/v2\/media?parent=543"}],"wp:term":[{"taxonomy":"category","embeddable":true,"href":"https:\/\/www.deberes.net\/tesis\/wp-json\/wp\/v2\/categories?post=543"},{"taxonomy":"post_tag","embeddable":true,"href":"https:\/\/www.deberes.net\/tesis\/wp-json\/wp\/v2\/tags?post=543"}],"curies":[{"name":"wp","href":"https:\/\/api.w.org\/{rel}","templated":true}]}}