{"id":54350,"date":"2018-03-09T22:42:04","date_gmt":"2018-03-09T22:42:04","guid":{"rendered":"https:\/\/www.deberes.net\/tesis\/sin-categoria\/conducta-e-identidad-vocacional-en-la-adolescencia-una-aproximacion-empa%c2%adrica\/"},"modified":"2018-03-09T22:42:04","modified_gmt":"2018-03-09T22:42:04","slug":"conducta-e-identidad-vocacional-en-la-adolescencia-una-aproximacion-empa%c2%adrica","status":"publish","type":"post","link":"https:\/\/www.deberes.net\/tesis\/psicologia\/conducta-e-identidad-vocacional-en-la-adolescencia-una-aproximacion-empa%c2%adrica\/","title":{"rendered":"Conducta e identidad vocacional en la adolescencia: una aproximaci\u00f3n emp\u00edrica"},"content":{"rendered":"<h2>Tesis doctoral de <strong> Francisco Pascual Fern\u00e1ndez <\/strong><\/h2>\n<p>En esta tesis se identifican y tratan factores de la conducta vocacional de naturaleza psicog\u00e9nica, sociog\u00e9nica y de oportunidad, vinculados emp\u00edricamente a la configuraci\u00f3n de situaciones vocacionales ventajosas\/ no ventajosas y desarrollo de carrera eficaz \/ no eficaz, en el tr\u00e1nsito de la ense\u00f1anza secundaria a la universidad y en el propio contexto universitario.  a su vez, se estudia el cambio en el tiempo de la conducta vocacional en el marco de los grupos vocacionales que estructuran los sistemas saav, en cuanto a, por un lado, la estabilidad \/ cambio de las trayectorias de carrera decididas en secundaria, y su relaci\u00f3n con el logro de situaciones vocacionales ventajosas\/ no ventajosas en la universidad; y, por otro, la naturaleza de la estabilidad \/cambio de los intereses vocacionales, y de los significados atribuidos en este contexto al mundo profesional (cognici\u00f3n vocacional).  la convergencia constatada entre \u00abdesarrollo psicol\u00f3gico y personal\u00bb y \u00abtrayectorias de carrera ventajosas y eficaces\u00bb, impulsa la extensi\u00f3n del campo de acci\u00f3n de esta tesis al entorno conceptual definido por james marcia al respecto de la identidad individual, quedando focalizada en su \u00faltimo estudio sobre la exploraci\u00f3n de un constructo emergente en nuestro \u00e1mbito, tanto en el terreno de la propia investigaci\u00f3n como en la pr\u00e1ctica del asesoramiento, cual es la identidad vocacional: manifestaci\u00f3n cognitivo-conductual de los estudiantes,  indicadora a la vez que propulsora de su conducta vocacional en t\u00e9rminos de autopercepciones de implicaci\u00f3n en la b\u00fasqueda, exploraci\u00f3n, experimentaci\u00f3n y an\u00e1lisis de opciones de desarrollo; y delimitaci\u00f3n de convicciones y compromisos de carrera.  la instrumentaci\u00f3n elaborada durante el proceso de investigaci\u00f3n, ha representado no s\u00f3lo un medio, sino tambi\u00e9n un objetivo que ha terminado por situarla en un lugar importante en el espacio de aportaciones y logros de esta tesis. nos referi<\/p>\n<p>&nbsp;<\/p>\n<h3>Datos acad\u00e9micos de la tesis doctoral \u00ab<strong>Conducta e identidad vocacional en la adolescencia: una aproximaci\u00f3n emp\u00edrica<\/strong>\u00ab<\/h3>\n<ul>\n<li><strong>T\u00edtulo de la tesis:<\/strong>\u00a0 Conducta e identidad vocacional en la adolescencia: una aproximaci\u00f3n emp\u00edrica <\/li>\n<li><strong>Autor:<\/strong>\u00a0 Francisco Pascual Fern\u00e1ndez <\/li>\n<li><strong>Universidad:<\/strong>\u00a0 Universitat de val\u00e9ncia (estudi general)<\/li>\n<li><strong>Fecha de lectura de la tesis:<\/strong>\u00a0 26\/07\/2006<\/li>\n<\/ul>\n<p>&nbsp;<\/p>\n<h3>Direcci\u00f3n y tribunal<\/h3>\n<ul>\n<li><strong>Director de la tesis<\/strong>\n<ul>\n<li>Francisco Rivas Mart\u00ednez<\/li>\n<\/ul>\n<\/li>\n<li><strong>Tribunal<\/strong>\n<ul>\n<li>Presidente del tribunal: Jes\u00fas Miguel Jornet melia <\/li>\n<li>Jos\u00e9 Manuel Gil beltran (vocal)<\/li>\n<li>Juan  Luis Castej\u00f3n costa (vocal)<\/li>\n<li> Bethencourt ben\u00edtez Jos\u00e9 tom\u00e1s (vocal)<\/li>\n<\/ul>\n<\/li>\n<\/ul>\n<p>&nbsp;<\/p>\n","protected":false},"excerpt":{"rendered":"<p>Tesis doctoral de Francisco Pascual Fern\u00e1ndez En esta tesis se identifican y tratan factores de la conducta vocacional de naturaleza [&hellip;]<\/p>\n","protected":false},"author":1,"featured_media":0,"comment_status":"open","ping_status":"open","sticky":false,"template":"","format":"standard","meta":{"site-sidebar-layout":"default","site-content-layout":"","ast-site-content-layout":"","site-content-style":"default","site-sidebar-style":"default","ast-global-header-display":"","ast-banner-title-visibility":"","ast-main-header-display":"","ast-hfb-above-header-display":"","ast-hfb-below-header-display":"","ast-hfb-mobile-header-display":"","site-post-title":"","ast-breadcrumbs-content":"","ast-featured-img":"","footer-sml-layout":"","theme-transparent-header-meta":"","adv-header-id-meta":"","stick-header-meta":"","header-above-stick-meta":"","header-main-stick-meta":"","header-below-stick-meta":"","astra-migrate-meta-layouts":"default","ast-page-background-enabled":"default","ast-page-background-meta":{"desktop":{"background-color":"var(--ast-global-color-4)","background-image":"","background-repeat":"repeat","background-position":"center center","background-size":"auto","background-attachment":"scroll","background-type":"","background-media":"","overlay-type":"","overlay-color":"","overlay-gradient":""},"tablet":{"background-color":"","background-image":"","background-repeat":"repeat","background-position":"center center","background-size":"auto","background-attachment":"scroll","background-type":"","background-media":"","overlay-type":"","overlay-color":"","overlay-gradient":""},"mobile":{"background-color":"","background-image":"","background-repeat":"repeat","background-position":"center center","background-size":"auto","background-attachment":"scroll","background-type":"","background-media":"","overlay-type":"","overlay-color":"","overlay-gradient":""}},"ast-content-background-meta":{"desktop":{"background-color":"var(--ast-global-color-5)","background-image":"","background-repeat":"repeat","background-position":"center center","background-size":"auto","background-attachment":"scroll","background-type":"","background-media":"","overlay-type":"","overlay-color":"","overlay-gradient":""},"tablet":{"background-color":"var(--ast-global-color-5)","background-image":"","background-repeat":"repeat","background-position":"center center","background-size":"auto","background-attachment":"scroll","background-type":"","background-media":"","overlay-type":"","overlay-color":"","overlay-gradient":""},"mobile":{"background-color":"var(--ast-global-color-5)","background-image":"","background-repeat":"repeat","background-position":"center center","background-size":"auto","background-attachment":"scroll","background-type":"","background-media":"","overlay-type":"","overlay-color":"","overlay-gradient":""}},"footnotes":""},"categories":[4262,4264,9469,324,4263,970,460],"tags":[49116,120020,4267,54977,26884,19437],"class_list":["post-54350","post","type-post","status-publish","format-standard","hentry","category-asesoramiento-y-orientacion-educativas","category-asesoramiento-y-orientacion-psicologicas","category-orientacion-vocacional-y-profesional","category-psicologia","category-psicologia-consultiva","category-psicologia-del-nino-y-del-adolescente","category-psicologia-escolar","tag-bethencourt-benitez-jose-tomas","tag-francisco-pascual-fernandez","tag-francisco-rivas-Martinez","tag-jesus-miguel-jornet-melia","tag-jose-manuel-gil-beltran","tag-juan-luis-castejon-costa"],"_links":{"self":[{"href":"https:\/\/www.deberes.net\/tesis\/wp-json\/wp\/v2\/posts\/54350","targetHints":{"allow":["GET"]}}],"collection":[{"href":"https:\/\/www.deberes.net\/tesis\/wp-json\/wp\/v2\/posts"}],"about":[{"href":"https:\/\/www.deberes.net\/tesis\/wp-json\/wp\/v2\/types\/post"}],"author":[{"embeddable":true,"href":"https:\/\/www.deberes.net\/tesis\/wp-json\/wp\/v2\/users\/1"}],"replies":[{"embeddable":true,"href":"https:\/\/www.deberes.net\/tesis\/wp-json\/wp\/v2\/comments?post=54350"}],"version-history":[{"count":0,"href":"https:\/\/www.deberes.net\/tesis\/wp-json\/wp\/v2\/posts\/54350\/revisions"}],"wp:attachment":[{"href":"https:\/\/www.deberes.net\/tesis\/wp-json\/wp\/v2\/media?parent=54350"}],"wp:term":[{"taxonomy":"category","embeddable":true,"href":"https:\/\/www.deberes.net\/tesis\/wp-json\/wp\/v2\/categories?post=54350"},{"taxonomy":"post_tag","embeddable":true,"href":"https:\/\/www.deberes.net\/tesis\/wp-json\/wp\/v2\/tags?post=54350"}],"curies":[{"name":"wp","href":"https:\/\/api.w.org\/{rel}","templated":true}]}}