{"id":54385,"date":"2018-03-09T22:42:08","date_gmt":"2018-03-09T22:42:08","guid":{"rendered":"https:\/\/www.deberes.net\/tesis\/sin-categoria\/a-responsabilidade-civil-do-estado-pelos-danos-ambientais-decorrentes-dos-grandes-empreendimentos-publicos\/"},"modified":"2018-03-09T22:42:08","modified_gmt":"2018-03-09T22:42:08","slug":"a-responsabilidade-civil-do-estado-pelos-danos-ambientais-decorrentes-dos-grandes-empreendimentos-publicos","status":"publish","type":"post","link":"https:\/\/www.deberes.net\/tesis\/ciencias-juridicas-y-derecho\/a-responsabilidade-civil-do-estado-pelos-danos-ambientais-decorrentes-dos-grandes-empreendimentos-publicos\/","title":{"rendered":"A responsabilidade civil do estado pelos danos ambientais decorrentes dos grandes empreendimentos publicos"},"content":{"rendered":"<h2>Tesis doctoral de <strong>  Pereira De  Amorim   Josue <\/strong><\/h2>\n<p>La presente tesis aborda el tema de la responsabilidad civil del estado, utilizando la responsabilidad ambiental como elemento delimitador. Se utiliza el an\u00e1lisis de un caso concreto, la construcci\u00f3n de una presa hidroel\u00e9ctrica, en el que se puede aplicar, como objeto de estudio, esta responsabilidad civil del estado por da\u00f1os ambientales consecuencia de proyectos p\u00fablicos.  el contenido de la tesis est\u00e1 dispuesto en cuatro grandes cap\u00edtulos: los dos primeros con un sentido m\u00e1s generalista, tratando la responsabilidad civil extracontractual en brasil y la responsabilidad civil del estado en brasil, su evoluci\u00f3n, sus disposiciones legales y el fundamento te\u00f3rico de la instituci\u00f3n, sus caracter\u00edsticas, sus requisitos, sus elementos y los postulados en los que se sustenta cient\u00edficamente. El tercero aborda la cuesti\u00f3n ambiental, el da\u00f1o, la responsabilidad como consecuencia del da\u00f1o y su indemnizaci\u00f3n, y por \u00faltimo, se trata la cuesti\u00f3n espec\u00edfica de la gran presa de producci\u00f3n hidroel\u00e9ctrica \u00abluiz eduardo malgalh\u00ed\u00a2es\u00bb, su impacto ambiental, los sujetos activos y pasivos a los que responsabilizar, el nexo causal, las indemnizaciones y las actuaciones judiciales posibles.  la responsabilidad civil en el derecho administrativo considera como il\u00edcita aquella actividad que pudiendo derivar de comportamientos que, a pesar de ser l\u00edcitos, causan en las personas determinadas obligaciones mayores que las que se pueden imponer a los dem\u00e1s miembros de la colectividad. el motivo es que a pesar de ello, la responsabilidad extracontractual del estado comporta la obligaci\u00f3n de reparar los da\u00f1os causados a terceros, sean como consecuencia de comportamientos por omisi\u00f3n o por comisi\u00f3n, materiales o jur\u00eddicos, l\u00edcitos o il\u00edcitos, imputables a los agentes p\u00fablicos.  en el presente caso, tenemos la presencia de la federaci\u00f3n como \u00f3rgano estatal que detenta el monopolio de la explotaci\u00f3n energ\u00e9tica, como persona jur\u00eddica d<\/p>\n<p>&nbsp;<\/p>\n<h3>Datos acad\u00e9micos de la tesis doctoral \u00ab<strong>A responsabilidade civil do estado pelos danos ambientais decorrentes dos grandes empreendimentos publicos<\/strong>\u00ab<\/h3>\n<ul>\n<li><strong>T\u00edtulo de la tesis:<\/strong>\u00a0 A responsabilidade civil do estado pelos danos ambientais decorrentes dos grandes empreendimentos publicos <\/li>\n<li><strong>Autor:<\/strong>\u00a0  Pereira De  Amorim   Josue <\/li>\n<li><strong>Universidad:<\/strong>\u00a0 Illes balears<\/li>\n<li><strong>Fecha de lectura de la tesis:<\/strong>\u00a0 28\/07\/2006<\/li>\n<\/ul>\n<p>&nbsp;<\/p>\n<h3>Direcci\u00f3n y tribunal<\/h3>\n<ul>\n<li><strong>Director de la tesis<\/strong>\n<ul>\n<li>Avelino Blasco Esteve<\/li>\n<\/ul>\n<\/li>\n<li><strong>Tribunal<\/strong>\n<ul>\n<li>Presidente del tribunal: Jos\u00e9 angel Torres lana <\/li>\n<li>Mar\u00eda Jos\u00e9 Alonso mas (vocal)<\/li>\n<li>lu\u00eds Garau Juan eda (vocal)<\/li>\n<li>ignacio Sevilla merino (vocal)<\/li>\n<\/ul>\n<\/li>\n<\/ul>\n<p>&nbsp;<\/p>\n","protected":false},"excerpt":{"rendered":"<p>Tesis doctoral de Pereira De Amorim Josue La presente tesis aborda el tema de la responsabilidad civil del estado, utilizando [&hellip;]<\/p>\n","protected":false},"author":1,"featured_media":0,"comment_status":"open","ping_status":"open","sticky":false,"template":"","format":"standard","meta":{"site-sidebar-layout":"default","site-content-layout":"","ast-site-content-layout":"","site-content-style":"default","site-sidebar-style":"default","ast-global-header-display":"","ast-banner-title-visibility":"","ast-main-header-display":"","ast-hfb-above-header-display":"","ast-hfb-below-header-display":"","ast-hfb-mobile-header-display":"","site-post-title":"","ast-breadcrumbs-content":"","ast-featured-img":"","footer-sml-layout":"","theme-transparent-header-meta":"","adv-header-id-meta":"","stick-header-meta":"","header-above-stick-meta":"","header-main-stick-meta":"","header-below-stick-meta":"","astra-migrate-meta-layouts":"default","ast-page-background-enabled":"default","ast-page-background-meta":{"desktop":{"background-color":"var(--ast-global-color-4)","background-image":"","background-repeat":"repeat","background-position":"center center","background-size":"auto","background-attachment":"scroll","background-type":"","background-media":"","overlay-type":"","overlay-color":"","overlay-gradient":""},"tablet":{"background-color":"","background-image":"","background-repeat":"repeat","background-position":"center center","background-size":"auto","background-attachment":"scroll","background-type":"","background-media":"","overlay-type":"","overlay-color":"","overlay-gradient":""},"mobile":{"background-color":"","background-image":"","background-repeat":"repeat","background-position":"center center","background-size":"auto","background-attachment":"scroll","background-type":"","background-media":"","overlay-type":"","overlay-color":"","overlay-gradient":""}},"ast-content-background-meta":{"desktop":{"background-color":"var(--ast-global-color-5)","background-image":"","background-repeat":"repeat","background-position":"center center","background-size":"auto","background-attachment":"scroll","background-type":"","background-media":"","overlay-type":"","overlay-color":"","overlay-gradient":""},"tablet":{"background-color":"var(--ast-global-color-5)","background-image":"","background-repeat":"repeat","background-position":"center center","background-size":"auto","background-attachment":"scroll","background-type":"","background-media":"","overlay-type":"","overlay-color":"","overlay-gradient":""},"mobile":{"background-color":"var(--ast-global-color-5)","background-image":"","background-repeat":"repeat","background-position":"center center","background-size":"auto","background-attachment":"scroll","background-type":"","background-media":"","overlay-type":"","overlay-color":"","overlay-gradient":""}},"footnotes":""},"categories":[612,1442,5964,979,19034],"tags":[45979,71247,7704,44757,120110,120109],"class_list":["post-54385","post","type-post","status-publish","format-standard","hentry","category-ciencias-juridicas-y-derecho","category-derecho-administrativo","category-derecho-publico","category-derecho-y-legislacion-nacionales","category-illes-balears","tag-avelino-blasco-esteve","tag-ignacio-sevilla-merino","tag-jose-angel-torres-lana","tag-luis-garau-juan-eda","tag-maria-jose-alonso-mas","tag-pereira-de-amorim-josue"],"_links":{"self":[{"href":"https:\/\/www.deberes.net\/tesis\/wp-json\/wp\/v2\/posts\/54385","targetHints":{"allow":["GET"]}}],"collection":[{"href":"https:\/\/www.deberes.net\/tesis\/wp-json\/wp\/v2\/posts"}],"about":[{"href":"https:\/\/www.deberes.net\/tesis\/wp-json\/wp\/v2\/types\/post"}],"author":[{"embeddable":true,"href":"https:\/\/www.deberes.net\/tesis\/wp-json\/wp\/v2\/users\/1"}],"replies":[{"embeddable":true,"href":"https:\/\/www.deberes.net\/tesis\/wp-json\/wp\/v2\/comments?post=54385"}],"version-history":[{"count":0,"href":"https:\/\/www.deberes.net\/tesis\/wp-json\/wp\/v2\/posts\/54385\/revisions"}],"wp:attachment":[{"href":"https:\/\/www.deberes.net\/tesis\/wp-json\/wp\/v2\/media?parent=54385"}],"wp:term":[{"taxonomy":"category","embeddable":true,"href":"https:\/\/www.deberes.net\/tesis\/wp-json\/wp\/v2\/categories?post=54385"},{"taxonomy":"post_tag","embeddable":true,"href":"https:\/\/www.deberes.net\/tesis\/wp-json\/wp\/v2\/tags?post=54385"}],"curies":[{"name":"wp","href":"https:\/\/api.w.org\/{rel}","templated":true}]}}