{"id":54424,"date":"2018-03-09T22:42:08","date_gmt":"2018-03-09T22:42:08","guid":{"rendered":"https:\/\/www.deberes.net\/tesis\/sin-categoria\/trasudados-o-exudados-pleurales-esta-justificado-el-uso-de-criterios-bioquimicos-para-diferencia\/"},"modified":"2018-03-09T22:42:08","modified_gmt":"2018-03-09T22:42:08","slug":"trasudados-o-exudados-pleurales-esta-justificado-el-uso-de-criterios-bioquimicos-para-diferencia","status":"publish","type":"post","link":"https:\/\/www.deberes.net\/tesis\/enfermedades-pulmonares\/trasudados-o-exudados-pleurales-esta-justificado-el-uso-de-criterios-bioquimicos-para-diferencia\/","title":{"rendered":"Trasudados o exudados pleurales. esta justificado el uso de criterios bioquimicos para diferencia"},"content":{"rendered":"<h2>Tesis doctoral de <strong> Susana Romero Brufao <\/strong><\/h2>\n<p>La utilidad de los criterios bioqu\u00edmicos para separar trasudados de exudados pleurales es controvertida, y las limitaciones de los criterios de light en pacientes con tratamiento diur\u00e9tico se han puesto en evidencia. En el presente trabajo hemos evaluado a\u00f1adido del juicio cl\u00ednico a los criterios bioqu\u00edmicos en la separaci\u00f3n de trasudados y exudados. este ha sido un trabajo prospectivo de evaluaci\u00f3n de pruebas diagn\u00f3sticas realizado en 255 pacientes consecutivos remitidos para toracocentesis diagn\u00f3stica a un servicio de neumolog\u00eda de un hospital universitario. dos m\u00e9dicos clasificaban el derrame pleural como trasudado o exudado basandose en toda la informaci\u00f3n cl\u00ednica disponible justo antes de realizar la toracocentesis as\u00ed como despu\u00e9s de observar el aspecto del l\u00edquido pleural. La sensibilidad, especificidad, y precisi\u00f3n de la presunci\u00f3n cl\u00ednica se compraron con la de los criterios de light y los gradientes de prote\u00ednas y alb\u00famina (suero-l\u00edquido pleural). Tambi\u00e9n se evalu\u00f3 la precisi\u00f3n combinada de los criterios cl\u00ednicos y bioqu\u00edmicos.  resultados     la rentabilidad diagn\u00f3stica del os criterios de light (93%) fue significativamente superior que la mostraba por la presunci\u00f3n cl\u00ednica inicial (84% p menor 0,01) y la de los criterios bioqu\u00edmicos alternativos: gradiente de alb\u00famina entre suero-l\u00edquido pleural (87% p menor 0,03) y gradiente de prote\u00ednas entre suero-l\u00edquido (85% p menor 0,01). en pacientes en tratamiento diur\u00e9tico, la rentabilidad diagn\u00f3stica de los criterios de light fue de 84% (61 de 73 pacientes), sin diferencia significativa a la del gradiente de alb\u00famina (88%) o el de prote\u00ednas (86%). Cuando estos criterios bioqu\u00edmicos se aplicaron exclusivamente en pacientes que por criterios cl\u00ednicos se pensara que se trataba de un trasudado pero por criterios de light se clasificaba como exudado, los resultados no mejoraron significativamente. El uso de un modelo multiparam\u00e9trico para la poblaci\u00f3n en tratamiento<\/p>\n<p>&nbsp;<\/p>\n<h3>Datos acad\u00e9micos de la tesis doctoral \u00ab<strong>Trasudados o exudados pleurales. esta justificado el uso de criterios bioquimicos para diferencia<\/strong>\u00ab<\/h3>\n<ul>\n<li><strong>T\u00edtulo de la tesis:<\/strong>\u00a0 Trasudados o exudados pleurales. esta justificado el uso de criterios bioquimicos para diferencia <\/li>\n<li><strong>Autor:<\/strong>\u00a0 Susana Romero Brufao <\/li>\n<li><strong>Universidad:<\/strong>\u00a0 Miguel hern\u00e1ndez de elche<\/li>\n<li><strong>Fecha de lectura de la tesis:<\/strong>\u00a0 17\/08\/2006<\/li>\n<\/ul>\n<p>&nbsp;<\/p>\n<h3>Direcci\u00f3n y tribunal<\/h3>\n<ul>\n<li><strong>Director de la tesis<\/strong>\n<ul>\n<li>Santiago Romero Candeira<\/li>\n<\/ul>\n<\/li>\n<li><strong>Tribunal<\/strong>\n<ul>\n<li>Presidente del tribunal:  Rodriguez de castro felipe <\/li>\n<li>m. concepcion Martin serrano (vocal)<\/li>\n<li> Villena garrido Mar\u00eda  victoria (vocal)<\/li>\n<li> Arriero marin Juan  Manuel (vocal)<\/li>\n<\/ul>\n<\/li>\n<\/ul>\n<p>&nbsp;<\/p>\n","protected":false},"excerpt":{"rendered":"<p>Tesis doctoral de Susana Romero Brufao La utilidad de los criterios bioqu\u00edmicos para separar trasudados de exudados pleurales es controvertida, [&hellip;]<\/p>\n","protected":false},"author":1,"featured_media":0,"comment_status":"open","ping_status":"open","sticky":false,"template":"","format":"standard","meta":{"site-sidebar-layout":"default","site-content-layout":"","ast-site-content-layout":"","site-content-style":"default","site-sidebar-style":"default","ast-global-header-display":"","ast-banner-title-visibility":"","ast-main-header-display":"","ast-hfb-above-header-display":"","ast-hfb-below-header-display":"","ast-hfb-mobile-header-display":"","site-post-title":"","ast-breadcrumbs-content":"","ast-featured-img":"","footer-sml-layout":"","theme-transparent-header-meta":"","adv-header-id-meta":"","stick-header-meta":"","header-above-stick-meta":"","header-main-stick-meta":"","header-below-stick-meta":"","astra-migrate-meta-layouts":"default","ast-page-background-enabled":"default","ast-page-background-meta":{"desktop":{"background-color":"var(--ast-global-color-4)","background-image":"","background-repeat":"repeat","background-position":"center center","background-size":"auto","background-attachment":"scroll","background-type":"","background-media":"","overlay-type":"","overlay-color":"","overlay-gradient":""},"tablet":{"background-color":"","background-image":"","background-repeat":"repeat","background-position":"center center","background-size":"auto","background-attachment":"scroll","background-type":"","background-media":"","overlay-type":"","overlay-color":"","overlay-gradient":""},"mobile":{"background-color":"","background-image":"","background-repeat":"repeat","background-position":"center center","background-size":"auto","background-attachment":"scroll","background-type":"","background-media":"","overlay-type":"","overlay-color":"","overlay-gradient":""}},"ast-content-background-meta":{"desktop":{"background-color":"var(--ast-global-color-5)","background-image":"","background-repeat":"repeat","background-position":"center center","background-size":"auto","background-attachment":"scroll","background-type":"","background-media":"","overlay-type":"","overlay-color":"","overlay-gradient":""},"tablet":{"background-color":"var(--ast-global-color-5)","background-image":"","background-repeat":"repeat","background-position":"center center","background-size":"auto","background-attachment":"scroll","background-type":"","background-media":"","overlay-type":"","overlay-color":"","overlay-gradient":""},"mobile":{"background-color":"var(--ast-global-color-5)","background-image":"","background-repeat":"repeat","background-position":"center center","background-size":"auto","background-attachment":"scroll","background-type":"","background-media":"","overlay-type":"","overlay-color":"","overlay-gradient":""}},"footnotes":""},"categories":[69,37169],"tags":[120200,86554,31107,24635,120199,24633],"class_list":["post-54424","post","type-post","status-publish","format-standard","hentry","category-enfermedades-pulmonares","category-miguel-hernandez-de-elche","tag-arriero-marin-juan-manuel","tag-m-concepcion-martin-serrano","tag-rodriguez-de-castro-felipe","tag-santiago-romero-candeira","tag-susana-romero-brufao","tag-villena-garrido-maria-victoria"],"_links":{"self":[{"href":"https:\/\/www.deberes.net\/tesis\/wp-json\/wp\/v2\/posts\/54424","targetHints":{"allow":["GET"]}}],"collection":[{"href":"https:\/\/www.deberes.net\/tesis\/wp-json\/wp\/v2\/posts"}],"about":[{"href":"https:\/\/www.deberes.net\/tesis\/wp-json\/wp\/v2\/types\/post"}],"author":[{"embeddable":true,"href":"https:\/\/www.deberes.net\/tesis\/wp-json\/wp\/v2\/users\/1"}],"replies":[{"embeddable":true,"href":"https:\/\/www.deberes.net\/tesis\/wp-json\/wp\/v2\/comments?post=54424"}],"version-history":[{"count":0,"href":"https:\/\/www.deberes.net\/tesis\/wp-json\/wp\/v2\/posts\/54424\/revisions"}],"wp:attachment":[{"href":"https:\/\/www.deberes.net\/tesis\/wp-json\/wp\/v2\/media?parent=54424"}],"wp:term":[{"taxonomy":"category","embeddable":true,"href":"https:\/\/www.deberes.net\/tesis\/wp-json\/wp\/v2\/categories?post=54424"},{"taxonomy":"post_tag","embeddable":true,"href":"https:\/\/www.deberes.net\/tesis\/wp-json\/wp\/v2\/tags?post=54424"}],"curies":[{"name":"wp","href":"https:\/\/api.w.org\/{rel}","templated":true}]}}