{"id":54428,"date":"2006-04-09T00:00:00","date_gmt":"2006-04-09T00:00:00","guid":{"rendered":"https:\/\/www.deberes.net\/tesis\/sin-categoria\/los-delitos-fiscales-en-espana-y-portugal-contribucion-para-un-estudio-de-derecho-comparado\/"},"modified":"2006-04-09T00:00:00","modified_gmt":"2006-04-09T00:00:00","slug":"los-delitos-fiscales-en-espana-y-portugal-contribucion-para-un-estudio-de-derecho-comparado","status":"publish","type":"post","link":"https:\/\/www.deberes.net\/tesis\/derecho-penal\/los-delitos-fiscales-en-espana-y-portugal-contribucion-para-un-estudio-de-derecho-comparado\/","title":{"rendered":"Los delitos fiscales en espa\u00f1a y portugal (contribuci\u00f3n para un estudio de derecho comparado)"},"content":{"rendered":"<h2>Tesis doctoral de <strong>  Santos Mar\u00c1\u00a7al Hugo Manuel <\/strong><\/h2>\n<p>La tesis doctoral presentada se traduce en un estudio comparado de los ordenamientos jur\u00eddicos espa\u00f1ol y portugu\u00e9s en lo referente a los delitos fiscales y , con relaci\u00f3n a los respectivos antecedentes hist\u00f3ricos, a la naturaleza jur\u00eddica de estos delitos (con las correspondientes doctrinas), a los aspectos generales comunes a los dos pa\u00edses, a los principios generales y especiales de estos delitos y a las caracter\u00edsticas generales de los &#8212; fiscales. en este estudio comparado, se nota igualmente el problema de las penas y la relaci\u00f3n juridico-tributaria penal en las perspectivas de su nacimiento de los titulares del inter\u00e9s protegido, de los sujetos activo y pasivo de la responsabilidad de terceros, del objeto de la r.J.T.P., Y de las causas de su extinci\u00f3n. Se termina el estudio con unas consideraciones acerca de las caracterizaciones actuales de los delitos fiscales en espa\u00f1a y portugal con menci\u00f3n de los aspectos generales y especiales.<\/p>\n<p>&nbsp;<\/p>\n<h3>Datos acad\u00e9micos de la tesis doctoral \u00ab<strong>Los delitos fiscales en espa\u00f1a y portugal (contribuci\u00f3n para un estudio de derecho comparado)<\/strong>\u00ab<\/h3>\n<ul>\n<li><strong>T\u00edtulo de la tesis:<\/strong>\u00a0 Los delitos fiscales en espa\u00f1a y portugal (contribuci\u00f3n para un estudio de derecho comparado) <\/li>\n<li><strong>Autor:<\/strong>\u00a0  Santos Mar\u00c1\u00a7al Hugo Manuel <\/li>\n<li><strong>Universidad:<\/strong>\u00a0 Extremadura<\/li>\n<li><strong>Fecha de lectura de la tesis:<\/strong>\u00a0 04\/09\/2006<\/li>\n<\/ul>\n<p>&nbsp;<\/p>\n<h3>Direcci\u00f3n y tribunal<\/h3>\n<ul>\n<li><strong>Director de la tesis<\/strong>\n<ul>\n<li> <\/li>\n<\/ul>\n<\/li>\n<li><strong>Tribunal<\/strong>\n<ul>\n<li>Presidente del tribunal: Manuel Fern\u00e1ndez Junquera <\/li>\n<li>C\u00e9sar Garc\u00eda Nova (vocal)<\/li>\n<li> Garc\u00eda Mone\u00f3 Alfonso M. (vocal)<\/li>\n<li>Antonio Lopez Diaz (vocal)<\/li>\n<\/ul>\n<\/li>\n<\/ul>\n<p>&nbsp;<\/p>\n","protected":false},"excerpt":{"rendered":"<p>Tesis doctoral de Santos Mar\u00c1\u00a7al Hugo Manuel La tesis doctoral presentada se traduce en un estudio comparado de los ordenamientos [&hellip;]<\/p>\n","protected":false},"author":1,"featured_media":0,"comment_status":"open","ping_status":"open","sticky":false,"template":"","format":"standard","meta":{"site-sidebar-layout":"default","site-content-layout":"","ast-site-content-layout":"","site-content-style":"default","site-sidebar-style":"default","ast-global-header-display":"","ast-banner-title-visibility":"","ast-main-header-display":"","ast-hfb-above-header-display":"","ast-hfb-below-header-display":"","ast-hfb-mobile-header-display":"","site-post-title":"","ast-breadcrumbs-content":"","ast-featured-img":"","footer-sml-layout":"","theme-transparent-header-meta":"","adv-header-id-meta":"","stick-header-meta":"","header-above-stick-meta":"","header-main-stick-meta":"","header-below-stick-meta":"","astra-migrate-meta-layouts":"default","ast-page-background-enabled":"default","ast-page-background-meta":{"desktop":{"background-color":"var(--ast-global-color-4)","background-image":"","background-repeat":"repeat","background-position":"center center","background-size":"auto","background-attachment":"scroll","background-type":"","background-media":"","overlay-type":"","overlay-color":"","overlay-gradient":""},"tablet":{"background-color":"","background-image":"","background-repeat":"repeat","background-position":"center center","background-size":"auto","background-attachment":"scroll","background-type":"","background-media":"","overlay-type":"","overlay-color":"","overlay-gradient":""},"mobile":{"background-color":"","background-image":"","background-repeat":"repeat","background-position":"center center","background-size":"auto","background-attachment":"scroll","background-type":"","background-media":"","overlay-type":"","overlay-color":"","overlay-gradient":""}},"ast-content-background-meta":{"desktop":{"background-color":"var(--ast-global-color-5)","background-image":"","background-repeat":"repeat","background-position":"center center","background-size":"auto","background-attachment":"scroll","background-type":"","background-media":"","overlay-type":"","overlay-color":"","overlay-gradient":""},"tablet":{"background-color":"var(--ast-global-color-5)","background-image":"","background-repeat":"repeat","background-position":"center center","background-size":"auto","background-attachment":"scroll","background-type":"","background-media":"","overlay-type":"","overlay-color":"","overlay-gradient":""},"mobile":{"background-color":"var(--ast-global-color-5)","background-image":"","background-repeat":"repeat","background-position":"center center","background-size":"auto","background-attachment":"scroll","background-type":"","background-media":"","overlay-type":"","overlay-color":"","overlay-gradient":""}},"footnotes":""},"categories":[4927,613,5964,949],"tags":[8326,120210,120211,120209,120208],"class_list":["post-54428","post","type-post","status-publish","format-standard","hentry","category-derecho-comparado","category-derecho-penal","category-derecho-publico","category-extremadura","tag-antonio-lopez-diaz","tag-cesar-garcia-nova","tag-garcia-moneo-alfonso-m","tag-manuel-fernandez-junquera","tag-santos-maraal-hugo-manuel"],"_links":{"self":[{"href":"https:\/\/www.deberes.net\/tesis\/wp-json\/wp\/v2\/posts\/54428","targetHints":{"allow":["GET"]}}],"collection":[{"href":"https:\/\/www.deberes.net\/tesis\/wp-json\/wp\/v2\/posts"}],"about":[{"href":"https:\/\/www.deberes.net\/tesis\/wp-json\/wp\/v2\/types\/post"}],"author":[{"embeddable":true,"href":"https:\/\/www.deberes.net\/tesis\/wp-json\/wp\/v2\/users\/1"}],"replies":[{"embeddable":true,"href":"https:\/\/www.deberes.net\/tesis\/wp-json\/wp\/v2\/comments?post=54428"}],"version-history":[{"count":0,"href":"https:\/\/www.deberes.net\/tesis\/wp-json\/wp\/v2\/posts\/54428\/revisions"}],"wp:attachment":[{"href":"https:\/\/www.deberes.net\/tesis\/wp-json\/wp\/v2\/media?parent=54428"}],"wp:term":[{"taxonomy":"category","embeddable":true,"href":"https:\/\/www.deberes.net\/tesis\/wp-json\/wp\/v2\/categories?post=54428"},{"taxonomy":"post_tag","embeddable":true,"href":"https:\/\/www.deberes.net\/tesis\/wp-json\/wp\/v2\/tags?post=54428"}],"curies":[{"name":"wp","href":"https:\/\/api.w.org\/{rel}","templated":true}]}}