{"id":54455,"date":"2006-06-09T00:00:00","date_gmt":"2006-06-09T00:00:00","guid":{"rendered":"https:\/\/www.deberes.net\/tesis\/sin-categoria\/exportaciones-y-crecimiento-economico-en-espana-un-analisis-de-series-temporales\/"},"modified":"2006-06-09T00:00:00","modified_gmt":"2006-06-09T00:00:00","slug":"exportaciones-y-crecimiento-economico-en-espana-un-analisis-de-series-temporales","status":"publish","type":"post","link":"https:\/\/www.deberes.net\/tesis\/teoria-del-crecimiento-economico\/exportaciones-y-crecimiento-economico-en-espana-un-analisis-de-series-temporales\/","title":{"rendered":"Exportaciones y crecimiento econ\u00f3mico en espa\u00f1a: un an\u00e1lisis de series temporales"},"content":{"rendered":"<h2>Tesis doctoral de <strong> V\u00edctor Mart\u00edn Barroso <\/strong><\/h2>\n<p>El presente trabajo analiza la relaci\u00f3n entre la variaci\u00f3n de las exportaci\u00f3n y la del pib, en las cuatro \u00faltimas d\u00e9cadas de la econom\u00eda espa\u00f1ola, con el objetivo de establecer la posible existencia de una relaci\u00f3n causal que corrobore la hip\u00f3tesis de la importancia de la apertura exterior para el crecimiento econ\u00f3mico de espa\u00f1a.<\/p>\n<p>&nbsp;<\/p>\n<h3>Datos acad\u00e9micos de la tesis doctoral \u00ab<strong>Exportaciones y crecimiento econ\u00f3mico en espa\u00f1a: un an\u00e1lisis de series temporales<\/strong>\u00ab<\/h3>\n<ul>\n<li><strong>T\u00edtulo de la tesis:<\/strong>\u00a0 Exportaciones y crecimiento econ\u00f3mico en espa\u00f1a: un an\u00e1lisis de series temporales <\/li>\n<li><strong>Autor:<\/strong>\u00a0 V\u00edctor Mart\u00edn Barroso <\/li>\n<li><strong>Universidad:<\/strong>\u00a0 Rey juan carlos<\/li>\n<li><strong>Fecha de lectura de la tesis:<\/strong>\u00a0 06\/09\/2006<\/li>\n<\/ul>\n<p>&nbsp;<\/p>\n<h3>Direcci\u00f3n y tribunal<\/h3>\n<ul>\n<li><strong>Director de la tesis<\/strong>\n<ul>\n<li>Vicente Donoso Donoso<\/li>\n<\/ul>\n<\/li>\n<li><strong>Tribunal<\/strong>\n<ul>\n<li>Presidente del tribunal: fernando Becker zuazua <\/li>\n<li> Lobej\u00f3n herrero Luis Fernando (vocal)<\/li>\n<li>Carlos Garcimartin alferez (vocal)<\/li>\n<li>jacint Balafur coll (vocal)<\/li>\n<\/ul>\n<\/li>\n<\/ul>\n<p>&nbsp;<\/p>\n","protected":false},"excerpt":{"rendered":"<p>Tesis doctoral de V\u00edctor Mart\u00edn Barroso El presente trabajo analiza la relaci\u00f3n entre la variaci\u00f3n de las exportaci\u00f3n y la [&hellip;]<\/p>\n","protected":false},"author":1,"featured_media":0,"comment_status":"open","ping_status":"open","sticky":false,"template":"","format":"standard","meta":{"site-sidebar-layout":"default","site-content-layout":"","ast-site-content-layout":"","site-content-style":"default","site-sidebar-style":"default","ast-global-header-display":"","ast-banner-title-visibility":"","ast-main-header-display":"","ast-hfb-above-header-display":"","ast-hfb-below-header-display":"","ast-hfb-mobile-header-display":"","site-post-title":"","ast-breadcrumbs-content":"","ast-featured-img":"","footer-sml-layout":"","theme-transparent-header-meta":"","adv-header-id-meta":"","stick-header-meta":"","header-above-stick-meta":"","header-main-stick-meta":"","header-below-stick-meta":"","astra-migrate-meta-layouts":"default","ast-page-background-enabled":"default","ast-page-background-meta":{"desktop":{"background-color":"var(--ast-global-color-4)","background-image":"","background-repeat":"repeat","background-position":"center center","background-size":"auto","background-attachment":"scroll","background-type":"","background-media":"","overlay-type":"","overlay-color":"","overlay-gradient":""},"tablet":{"background-color":"","background-image":"","background-repeat":"repeat","background-position":"center center","background-size":"auto","background-attachment":"scroll","background-type":"","background-media":"","overlay-type":"","overlay-color":"","overlay-gradient":""},"mobile":{"background-color":"","background-image":"","background-repeat":"repeat","background-position":"center center","background-size":"auto","background-attachment":"scroll","background-type":"","background-media":"","overlay-type":"","overlay-color":"","overlay-gradient":""}},"ast-content-background-meta":{"desktop":{"background-color":"var(--ast-global-color-5)","background-image":"","background-repeat":"repeat","background-position":"center center","background-size":"auto","background-attachment":"scroll","background-type":"","background-media":"","overlay-type":"","overlay-color":"","overlay-gradient":""},"tablet":{"background-color":"var(--ast-global-color-5)","background-image":"","background-repeat":"repeat","background-position":"center center","background-size":"auto","background-attachment":"scroll","background-type":"","background-media":"","overlay-type":"","overlay-color":"","overlay-gradient":""},"mobile":{"background-color":"var(--ast-global-color-5)","background-image":"","background-repeat":"repeat","background-position":"center center","background-size":"auto","background-attachment":"scroll","background-type":"","background-media":"","overlay-type":"","overlay-color":"","overlay-gradient":""}},"footnotes":""},"categories":[974,18365,36610,890],"tags":[120285,47360,120286,120284,25887,120283],"class_list":["post-54455","post","type-post","status-publish","format-standard","hentry","category-econometria","category-politica-economica-internacional","category-rey-juan-carlos","category-teoria-del-crecimiento-economico","tag-carlos-garcimartin-alferez","tag-fernando-becker-zuazua","tag-jacint-balafur-coll","tag-lobejon-herrero-luis-fernando","tag-vicente-donoso-donoso","tag-victor-martin-barroso"],"_links":{"self":[{"href":"https:\/\/www.deberes.net\/tesis\/wp-json\/wp\/v2\/posts\/54455","targetHints":{"allow":["GET"]}}],"collection":[{"href":"https:\/\/www.deberes.net\/tesis\/wp-json\/wp\/v2\/posts"}],"about":[{"href":"https:\/\/www.deberes.net\/tesis\/wp-json\/wp\/v2\/types\/post"}],"author":[{"embeddable":true,"href":"https:\/\/www.deberes.net\/tesis\/wp-json\/wp\/v2\/users\/1"}],"replies":[{"embeddable":true,"href":"https:\/\/www.deberes.net\/tesis\/wp-json\/wp\/v2\/comments?post=54455"}],"version-history":[{"count":0,"href":"https:\/\/www.deberes.net\/tesis\/wp-json\/wp\/v2\/posts\/54455\/revisions"}],"wp:attachment":[{"href":"https:\/\/www.deberes.net\/tesis\/wp-json\/wp\/v2\/media?parent=54455"}],"wp:term":[{"taxonomy":"category","embeddable":true,"href":"https:\/\/www.deberes.net\/tesis\/wp-json\/wp\/v2\/categories?post=54455"},{"taxonomy":"post_tag","embeddable":true,"href":"https:\/\/www.deberes.net\/tesis\/wp-json\/wp\/v2\/tags?post=54455"}],"curies":[{"name":"wp","href":"https:\/\/api.w.org\/{rel}","templated":true}]}}