{"id":54470,"date":"2006-07-09T00:00:00","date_gmt":"2006-07-09T00:00:00","guid":{"rendered":"https:\/\/www.deberes.net\/tesis\/sin-categoria\/regimen-jura%c2%addico-administrativo-de-las-comarcas-especial-referencia-a-las-comarcas-en-las-comunidades-autonomas-uniprovinciales\/"},"modified":"2006-07-09T00:00:00","modified_gmt":"2006-07-09T00:00:00","slug":"regimen-jura%c2%addico-administrativo-de-las-comarcas-especial-referencia-a-las-comarcas-en-las-comunidades-autonomas-uniprovinciales","status":"publish","type":"post","link":"https:\/\/www.deberes.net\/tesis\/derecho-administrativo\/regimen-jura%c2%addico-administrativo-de-las-comarcas-especial-referencia-a-las-comarcas-en-las-comunidades-autonomas-uniprovinciales\/","title":{"rendered":"Regimen jur\u00eddico-administrativo de las comarcas. especial referencia a las comarcas en las comunidades aut\u00f3nomas uniprovinciales"},"content":{"rendered":"<h2>Tesis doctoral de <strong> Fernando Garc\u00eda Rubio <\/strong><\/h2>\n<p>La tesis doctoral versa sobre la instituci\u00f3n de la comarca. Se aborda un estudio en el que se delimita esta instituci\u00f3n, sus formas de organizaci\u00f3n, sus competencias, su viabilidad y su financiaci\u00f3n, prestando una especial atenci\u00f3n a la problem\u00e1tica que deparan las comarcas en las comunidades uniprovinciales.<\/p>\n<p>&nbsp;<\/p>\n<h3>Datos acad\u00e9micos de la tesis doctoral \u00ab<strong>Regimen jur\u00eddico-administrativo de las comarcas. especial referencia a las comarcas en las comunidades aut\u00f3nomas uniprovinciales<\/strong>\u00ab<\/h3>\n<ul>\n<li><strong>T\u00edtulo de la tesis:<\/strong>\u00a0 Regimen jur\u00eddico-administrativo de las comarcas. especial referencia a las comarcas en las comunidades aut\u00f3nomas uniprovinciales <\/li>\n<li><strong>Autor:<\/strong>\u00a0 Fernando Garc\u00eda Rubio <\/li>\n<li><strong>Universidad:<\/strong>\u00a0 Rey juan carlos<\/li>\n<li><strong>Fecha de lectura de la tesis:<\/strong>\u00a0 07\/09\/2006<\/li>\n<\/ul>\n<p>&nbsp;<\/p>\n<h3>Direcci\u00f3n y tribunal<\/h3>\n<ul>\n<li><strong>Director de la tesis<\/strong>\n<ul>\n<li>Fernando Garc\u00eda Rubio<\/li>\n<\/ul>\n<\/li>\n<li><strong>Tribunal<\/strong>\n<ul>\n<li>Presidente del tribunal:  Sala arquer Jos\u00e9 manuel <\/li>\n<li>alfredo Gal\u00e1n gal\u00e1n (vocal)<\/li>\n<li>\u00e1ngel S\u00e1nchez navarro (vocal)<\/li>\n<li>Rafael Pizarro nevado (vocal)<\/li>\n<\/ul>\n<\/li>\n<\/ul>\n<p>&nbsp;<\/p>\n","protected":false},"excerpt":{"rendered":"<p>Tesis doctoral de Fernando Garc\u00eda Rubio La tesis doctoral versa sobre la instituci\u00f3n de la comarca. Se aborda un estudio [&hellip;]<\/p>\n","protected":false},"author":1,"featured_media":0,"comment_status":"open","ping_status":"open","sticky":false,"template":"","format":"standard","meta":{"site-sidebar-layout":"default","site-content-layout":"","ast-site-content-layout":"","site-content-style":"default","site-sidebar-style":"default","ast-global-header-display":"","ast-banner-title-visibility":"","ast-main-header-display":"","ast-hfb-above-header-display":"","ast-hfb-below-header-display":"","ast-hfb-mobile-header-display":"","site-post-title":"","ast-breadcrumbs-content":"","ast-featured-img":"","footer-sml-layout":"","theme-transparent-header-meta":"","adv-header-id-meta":"","stick-header-meta":"","header-above-stick-meta":"","header-main-stick-meta":"","header-below-stick-meta":"","astra-migrate-meta-layouts":"default","ast-page-background-enabled":"default","ast-page-background-meta":{"desktop":{"background-color":"var(--ast-global-color-4)","background-image":"","background-repeat":"repeat","background-position":"center center","background-size":"auto","background-attachment":"scroll","background-type":"","background-media":"","overlay-type":"","overlay-color":"","overlay-gradient":""},"tablet":{"background-color":"","background-image":"","background-repeat":"repeat","background-position":"center center","background-size":"auto","background-attachment":"scroll","background-type":"","background-media":"","overlay-type":"","overlay-color":"","overlay-gradient":""},"mobile":{"background-color":"","background-image":"","background-repeat":"repeat","background-position":"center center","background-size":"auto","background-attachment":"scroll","background-type":"","background-media":"","overlay-type":"","overlay-color":"","overlay-gradient":""}},"ast-content-background-meta":{"desktop":{"background-color":"var(--ast-global-color-5)","background-image":"","background-repeat":"repeat","background-position":"center center","background-size":"auto","background-attachment":"scroll","background-type":"","background-media":"","overlay-type":"","overlay-color":"","overlay-gradient":""},"tablet":{"background-color":"var(--ast-global-color-5)","background-image":"","background-repeat":"repeat","background-position":"center center","background-size":"auto","background-attachment":"scroll","background-type":"","background-media":"","overlay-type":"","overlay-color":"","overlay-gradient":""},"mobile":{"background-color":"var(--ast-global-color-5)","background-image":"","background-repeat":"repeat","background-position":"center center","background-size":"auto","background-attachment":"scroll","background-type":"","background-media":"","overlay-type":"","overlay-color":"","overlay-gradient":""}},"footnotes":""},"categories":[1442,36610],"tags":[120324,67249,120323,120325,26163],"class_list":["post-54470","post","type-post","status-publish","format-standard","hentry","category-derecho-administrativo","category-rey-juan-carlos","tag-alfredo-galan-galan","tag-angel-sanchez-navarro","tag-fernando-garcia-rubio","tag-rafael-pizarro-nevado","tag-sala-arquer-jose-manuel"],"_links":{"self":[{"href":"https:\/\/www.deberes.net\/tesis\/wp-json\/wp\/v2\/posts\/54470","targetHints":{"allow":["GET"]}}],"collection":[{"href":"https:\/\/www.deberes.net\/tesis\/wp-json\/wp\/v2\/posts"}],"about":[{"href":"https:\/\/www.deberes.net\/tesis\/wp-json\/wp\/v2\/types\/post"}],"author":[{"embeddable":true,"href":"https:\/\/www.deberes.net\/tesis\/wp-json\/wp\/v2\/users\/1"}],"replies":[{"embeddable":true,"href":"https:\/\/www.deberes.net\/tesis\/wp-json\/wp\/v2\/comments?post=54470"}],"version-history":[{"count":0,"href":"https:\/\/www.deberes.net\/tesis\/wp-json\/wp\/v2\/posts\/54470\/revisions"}],"wp:attachment":[{"href":"https:\/\/www.deberes.net\/tesis\/wp-json\/wp\/v2\/media?parent=54470"}],"wp:term":[{"taxonomy":"category","embeddable":true,"href":"https:\/\/www.deberes.net\/tesis\/wp-json\/wp\/v2\/categories?post=54470"},{"taxonomy":"post_tag","embeddable":true,"href":"https:\/\/www.deberes.net\/tesis\/wp-json\/wp\/v2\/tags?post=54470"}],"curies":[{"name":"wp","href":"https:\/\/api.w.org\/{rel}","templated":true}]}}