{"id":54488,"date":"2006-08-09T00:00:00","date_gmt":"2006-08-09T00:00:00","guid":{"rendered":"https:\/\/www.deberes.net\/tesis\/sin-categoria\/la-descentralizacion-fiscal-y-el-crecimiento-economico-el-caso-espanol\/"},"modified":"2006-08-09T00:00:00","modified_gmt":"2006-08-09T00:00:00","slug":"la-descentralizacion-fiscal-y-el-crecimiento-economico-el-caso-espanol","status":"publish","type":"post","link":"https:\/\/www.deberes.net\/tesis\/modelos-econometricos\/la-descentralizacion-fiscal-y-el-crecimiento-economico-el-caso-espanol\/","title":{"rendered":"La descentralizaci\u00f3n fiscal y el crecimiento econ\u00f3mico: el caso espa\u00f1ol."},"content":{"rendered":"<h2>Tesis doctoral de <strong> Ramiro Gil Serrate <\/strong><\/h2>\n<p>El objetivo que nos planteamos con este trabajo de investigaci\u00f3n es el de analizar los posibles efectos de la descentralizaci\u00f3n fiscal sobre el crecimiento econ\u00f3mico. Este objetivo general se plasma en los dos siguientes: primero, la revisi\u00f3n de la literatura que, previamente a nosotros, se ha aproximado te\u00f3rica y\/ o emp\u00edricamente al estudio de la relaci\u00f3n entre ambos fen\u00f3menos. Segundo, el contraste emp\u00edrico de la posible relaci\u00f3n existente entre la descentralizaci\u00f3n fiscal y el crecimiento econ\u00f3mico en el caso de la econom\u00eda espa\u00f1ola en su conjunto y en el de las econom\u00edas de las cc. Aa. Espa\u00f1olas. Al primer objetivo dedicamos la primera parte del trabajo, que est\u00e1 compuesta por tres cap\u00edtulos. En el primer cap\u00edtulo nos centramos en el estudio detallado de los escasos trabajos que han propuesto un marco te\u00f3rico en el que encuadrar dicha relaci\u00f3n, de los que destacamos sus principales aportaciones y limitaciones. En estos trabajos un resultado frecuente es la consecuci\u00f3n de niveles \u00f3ptimos de descentralizaci\u00f3n fiscal. En un segundo cap\u00edtulo proponemos una contribuci\u00f3n al desarrollo de dicho marco te\u00f3rico, en concreto planteamos un v\u00ednculo de car\u00e1cter te\u00f3rico entre un proceso de descentralizaci\u00f3n tributaria y el nivel de renta de equilibrio en el largo plazo de una regi\u00f3n tipo. A partir de este v\u00ednculo, llegamos a determinar un nivel \u00f3ptimo de descentralizaci\u00f3n tributaria. En el tercer cap\u00edtulo recogemos una discusi\u00f3n de manera separada de aquellos trabajos que han contrastado emp\u00edricamente la relaci\u00f3n entre descentralizaci\u00f3n fiscal y crecimiento econ\u00f3mico, tanto para un conjunto de econom\u00edas como para una econom\u00eda en concreto. Observamos que la disparidad de resultados impide obtener conclusiones generales acerca de los efectos de la descentralizaci\u00f3n fiscal sobre el crecimiento econ\u00f3mico, sin embargo, parecen observarse algunas pautas, como el hecho de que, para que la descentralizaci\u00f3n del gasto tenga un efecto positi<\/p>\n<p>&nbsp;<\/p>\n<h3>Datos acad\u00e9micos de la tesis doctoral \u00ab<strong>La descentralizaci\u00f3n fiscal y el crecimiento econ\u00f3mico: el caso espa\u00f1ol.<\/strong>\u00ab<\/h3>\n<ul>\n<li><strong>T\u00edtulo de la tesis:<\/strong>\u00a0 La descentralizaci\u00f3n fiscal y el crecimiento econ\u00f3mico: el caso espa\u00f1ol. <\/li>\n<li><strong>Autor:<\/strong>\u00a0 Ramiro Gil Serrate <\/li>\n<li><strong>Universidad:<\/strong>\u00a0 Zaragoza<\/li>\n<li><strong>Fecha de lectura de la tesis:<\/strong>\u00a0 08\/09\/2006<\/li>\n<\/ul>\n<p>&nbsp;<\/p>\n<h3>Direcci\u00f3n y tribunal<\/h3>\n<ul>\n<li><strong>Director de la tesis<\/strong>\n<ul>\n<li>Julio L\u00f3pez Laborda<\/li>\n<\/ul>\n<\/li>\n<li><strong>Tribunal<\/strong>\n<ul>\n<li>Presidente del tribunal: Jes\u00fas Ruiz-huerta  carbonell <\/li>\n<li>Francisco Pedraja chaparro (vocal)<\/li>\n<li>Carlos Monasterio escudero (vocal)<\/li>\n<li>Andr\u00e9s Rodr\u00edguez pose (vocal)<\/li>\n<\/ul>\n<\/li>\n<\/ul>\n<p>&nbsp;<\/p>\n","protected":false},"excerpt":{"rendered":"<p>Tesis doctoral de Ramiro Gil Serrate El objetivo que nos planteamos con este trabajo de investigaci\u00f3n es el de analizar [&hellip;]<\/p>\n","protected":false},"author":1,"featured_media":0,"comment_status":"open","ping_status":"open","sticky":false,"template":"","format":"standard","meta":{"site-sidebar-layout":"default","site-content-layout":"","ast-site-content-layout":"","site-content-style":"default","site-sidebar-style":"default","ast-global-header-display":"","ast-banner-title-visibility":"","ast-main-header-display":"","ast-hfb-above-header-display":"","ast-hfb-below-header-display":"","ast-hfb-mobile-header-display":"","site-post-title":"","ast-breadcrumbs-content":"","ast-featured-img":"","footer-sml-layout":"","theme-transparent-header-meta":"","adv-header-id-meta":"","stick-header-meta":"","header-above-stick-meta":"","header-main-stick-meta":"","header-below-stick-meta":"","astra-migrate-meta-layouts":"default","ast-page-background-enabled":"default","ast-page-background-meta":{"desktop":{"background-color":"var(--ast-global-color-4)","background-image":"","background-repeat":"repeat","background-position":"center center","background-size":"auto","background-attachment":"scroll","background-type":"","background-media":"","overlay-type":"","overlay-color":"","overlay-gradient":""},"tablet":{"background-color":"","background-image":"","background-repeat":"repeat","background-position":"center center","background-size":"auto","background-attachment":"scroll","background-type":"","background-media":"","overlay-type":"","overlay-color":"","overlay-gradient":""},"mobile":{"background-color":"","background-image":"","background-repeat":"repeat","background-position":"center center","background-size":"auto","background-attachment":"scroll","background-type":"","background-media":"","overlay-type":"","overlay-color":"","overlay-gradient":""}},"ast-content-background-meta":{"desktop":{"background-color":"var(--ast-global-color-5)","background-image":"","background-repeat":"repeat","background-position":"center center","background-size":"auto","background-attachment":"scroll","background-type":"","background-media":"","overlay-type":"","overlay-color":"","overlay-gradient":""},"tablet":{"background-color":"var(--ast-global-color-5)","background-image":"","background-repeat":"repeat","background-position":"center center","background-size":"auto","background-attachment":"scroll","background-type":"","background-media":"","overlay-type":"","overlay-color":"","overlay-gradient":""},"mobile":{"background-color":"var(--ast-global-color-5)","background-image":"","background-repeat":"repeat","background-position":"center center","background-size":"auto","background-attachment":"scroll","background-type":"","background-media":"","overlay-type":"","overlay-color":"","overlay-gradient":""}},"footnotes":""},"categories":[6836,524,890,13610],"tags":[47332,21558,19606,6841,13612,120368],"class_list":["post-54488","post","type-post","status-publish","format-standard","hentry","category-hacienda-publica-y-presupuestos","category-modelos-econometricos","category-teoria-del-crecimiento-economico","category-zaragoza","tag-andres-rodriguez-pose","tag-carlos-monasterio-escudero","tag-francisco-pedraja-chaparro","tag-jesus-ruiz-huerta-carbonell","tag-julio-lopez-laborda","tag-ramiro-gil-serrate"],"_links":{"self":[{"href":"https:\/\/www.deberes.net\/tesis\/wp-json\/wp\/v2\/posts\/54488","targetHints":{"allow":["GET"]}}],"collection":[{"href":"https:\/\/www.deberes.net\/tesis\/wp-json\/wp\/v2\/posts"}],"about":[{"href":"https:\/\/www.deberes.net\/tesis\/wp-json\/wp\/v2\/types\/post"}],"author":[{"embeddable":true,"href":"https:\/\/www.deberes.net\/tesis\/wp-json\/wp\/v2\/users\/1"}],"replies":[{"embeddable":true,"href":"https:\/\/www.deberes.net\/tesis\/wp-json\/wp\/v2\/comments?post=54488"}],"version-history":[{"count":0,"href":"https:\/\/www.deberes.net\/tesis\/wp-json\/wp\/v2\/posts\/54488\/revisions"}],"wp:attachment":[{"href":"https:\/\/www.deberes.net\/tesis\/wp-json\/wp\/v2\/media?parent=54488"}],"wp:term":[{"taxonomy":"category","embeddable":true,"href":"https:\/\/www.deberes.net\/tesis\/wp-json\/wp\/v2\/categories?post=54488"},{"taxonomy":"post_tag","embeddable":true,"href":"https:\/\/www.deberes.net\/tesis\/wp-json\/wp\/v2\/tags?post=54488"}],"curies":[{"name":"wp","href":"https:\/\/api.w.org\/{rel}","templated":true}]}}