{"id":54519,"date":"2018-03-09T22:42:16","date_gmt":"2018-03-09T22:42:16","guid":{"rendered":"https:\/\/www.deberes.net\/tesis\/sin-categoria\/imagen-de-alta-resolucion-del-fondo-de-ojo-por-deconvolucion-tras-compensacion-parcial\/"},"modified":"2018-03-09T22:42:16","modified_gmt":"2018-03-09T22:42:16","slug":"imagen-de-alta-resolucion-del-fondo-de-ojo-por-deconvolucion-tras-compensacion-parcial","status":"publish","type":"post","link":"https:\/\/www.deberes.net\/tesis\/santiago-de-compostela\/imagen-de-alta-resolucion-del-fondo-de-ojo-por-deconvolucion-tras-compensacion-parcial\/","title":{"rendered":"Imagen de alta resoluci\u00f3n del fondo de ojo por deconvoluci\u00f3n tras compensaci\u00f3n parcial"},"content":{"rendered":"<h2>Tesis doctoral de <strong> Justo Arines Piferrer <\/strong><\/h2>\n<p>La detecci\u00f3n precoz de patolog\u00edas que afectan al polo posterior ocular es de gran relevancia para su temprano diagnostico. en este \u00e1mbito hemos desarrollado una c\u00e1mara de fondo de ojo que incorpora un sensor de frente de onda tipo hartmann &#8211; shack con el fin de emplear la t\u00e9cnica de deconvoluci\u00f3n tras medida de frente a onda con compensaci\u00f3n parcial para la obtenci\u00f3n de im\u00e1genes de alta resoluci\u00f3n espacial de la retina humana en vivo. Gran parte del trabajo desarrollado se centra en el estudio del hartmann-shack. As\u00ed hemos analizado la influencia del procesado por umbralizaci\u00f3n en la incertidumbre asociada ala determinaci\u00f3n del centro de los spots correspondientes a las microlentes del sensor. tambi\u00e9n  hemos estudiado la influencia del umbral en la estimaci\u00f3n del gradiente local de la fase, observando la perdida de finalidad en la relaci\u00f3n entre el centroide del spot y el gradietne de la fase. Igualmente hemos estudiado la importancia del correcto modelado tanto de las medidas como del frente incidente a  la hora de realizar la estimaci\u00f3n de los coeficientes modales. tambi\u00e9n hemos estudiado la relaci\u00f3n existente entre los coeficientes estimados respecto a dos sistemas de coordenadas relacionadas por una transformaci\u00f3n lineal de coordenadas con el fin de desacoplar del proceso de estimaci\u00f3n modal los movimientos oculares ocurridos durante el proceso de medida. Finalmente hemos analizado como se propagan los errores de modelado y de las medidas del gradiente a la estimaci\u00f3n de la funci\u00f3n de transferencia \u00f3ptica. Desde un punto de vista del desarrollo del dispositivo hemos incluido el empleo de elementos \u00f3pticos que inducen aberraciones de lato orden en el proceso de calibrado del sensor de frente de ondas tipo hartmann-shack, comprobando la importancia de esta etapa en dicho calibrado. En cuanto al proceso de deconvoluci\u00f3n se ha mostrado la posibilidad de emplear la t\u00e9cnica de deconvoluci\u00f3n tras medida del frente de onda y compensaci\u00f3n<\/p>\n<p>&nbsp;<\/p>\n<h3>Datos acad\u00e9micos de la tesis doctoral \u00ab<strong>Imagen de alta resoluci\u00f3n del fondo de ojo por deconvoluci\u00f3n tras compensaci\u00f3n parcial<\/strong>\u00ab<\/h3>\n<ul>\n<li><strong>T\u00edtulo de la tesis:<\/strong>\u00a0 Imagen de alta resoluci\u00f3n del fondo de ojo por deconvoluci\u00f3n tras compensaci\u00f3n parcial <\/li>\n<li><strong>Autor:<\/strong>\u00a0 Justo Arines Piferrer <\/li>\n<li><strong>Universidad:<\/strong>\u00a0 Santiago de compostela<\/li>\n<li><strong>Fecha de lectura de la tesis:<\/strong>\u00a0 13\/09\/2006<\/li>\n<\/ul>\n<p>&nbsp;<\/p>\n<h3>Direcci\u00f3n y tribunal<\/h3>\n<ul>\n<li><strong>Director de la tesis<\/strong>\n<ul>\n<li>Salvador X. Bar\u00e1 Vi\u00f1as<\/li>\n<\/ul>\n<\/li>\n<li><strong>Tribunal<\/strong>\n<ul>\n<li>Presidente del tribunal: rafael Navarro belsue <\/li>\n<li>Luis Diaz santana (vocal)<\/li>\n<li>jaume Pujol ramo (vocal)<\/li>\n<li>walter Daniel furlan (vocal)<\/li>\n<\/ul>\n<\/li>\n<\/ul>\n<p>&nbsp;<\/p>\n","protected":false},"excerpt":{"rendered":"<p>Tesis doctoral de Justo Arines Piferrer La detecci\u00f3n precoz de patolog\u00edas que afectan al polo posterior ocular es de gran [&hellip;]<\/p>\n","protected":false},"author":1,"featured_media":0,"comment_status":"open","ping_status":"open","sticky":false,"template":"","format":"standard","meta":{"site-sidebar-layout":"default","site-content-layout":"","ast-site-content-layout":"","site-content-style":"default","site-sidebar-style":"default","ast-global-header-display":"","ast-banner-title-visibility":"","ast-main-header-display":"","ast-hfb-above-header-display":"","ast-hfb-below-header-display":"","ast-hfb-mobile-header-display":"","site-post-title":"","ast-breadcrumbs-content":"","ast-featured-img":"","footer-sml-layout":"","theme-transparent-header-meta":"","adv-header-id-meta":"","stick-header-meta":"","header-above-stick-meta":"","header-main-stick-meta":"","header-below-stick-meta":"","astra-migrate-meta-layouts":"default","ast-page-background-enabled":"default","ast-page-background-meta":{"desktop":{"background-color":"var(--ast-global-color-4)","background-image":"","background-repeat":"repeat","background-position":"center center","background-size":"auto","background-attachment":"scroll","background-type":"","background-media":"","overlay-type":"","overlay-color":"","overlay-gradient":""},"tablet":{"background-color":"","background-image":"","background-repeat":"repeat","background-position":"center center","background-size":"auto","background-attachment":"scroll","background-type":"","background-media":"","overlay-type":"","overlay-color":"","overlay-gradient":""},"mobile":{"background-color":"","background-image":"","background-repeat":"repeat","background-position":"center center","background-size":"auto","background-attachment":"scroll","background-type":"","background-media":"","overlay-type":"","overlay-color":"","overlay-gradient":""}},"ast-content-background-meta":{"desktop":{"background-color":"var(--ast-global-color-5)","background-image":"","background-repeat":"repeat","background-position":"center center","background-size":"auto","background-attachment":"scroll","background-type":"","background-media":"","overlay-type":"","overlay-color":"","overlay-gradient":""},"tablet":{"background-color":"var(--ast-global-color-5)","background-image":"","background-repeat":"repeat","background-position":"center center","background-size":"auto","background-attachment":"scroll","background-type":"","background-media":"","overlay-type":"","overlay-color":"","overlay-gradient":""},"mobile":{"background-color":"var(--ast-global-color-5)","background-image":"","background-repeat":"repeat","background-position":"center center","background-size":"auto","background-attachment":"scroll","background-type":"","background-media":"","overlay-type":"","overlay-color":"","overlay-gradient":""}},"footnotes":""},"categories":[3024,4401,977,21130],"tags":[45245,120437,120438,26882,65819,120439],"class_list":["post-54519","post","type-post","status-publish","format-standard","hentry","category-optica-fisica","category-optometria","category-santiago-de-compostela","category-tratamiento-digital-de-imagenes","tag-jaume-pujol-ramo","tag-justo-arines-piferrer","tag-luis-diaz-santana","tag-rafael-navarro-belsue","tag-salvador-x-bara-vinas","tag-walter-daniel-furlan"],"_links":{"self":[{"href":"https:\/\/www.deberes.net\/tesis\/wp-json\/wp\/v2\/posts\/54519","targetHints":{"allow":["GET"]}}],"collection":[{"href":"https:\/\/www.deberes.net\/tesis\/wp-json\/wp\/v2\/posts"}],"about":[{"href":"https:\/\/www.deberes.net\/tesis\/wp-json\/wp\/v2\/types\/post"}],"author":[{"embeddable":true,"href":"https:\/\/www.deberes.net\/tesis\/wp-json\/wp\/v2\/users\/1"}],"replies":[{"embeddable":true,"href":"https:\/\/www.deberes.net\/tesis\/wp-json\/wp\/v2\/comments?post=54519"}],"version-history":[{"count":0,"href":"https:\/\/www.deberes.net\/tesis\/wp-json\/wp\/v2\/posts\/54519\/revisions"}],"wp:attachment":[{"href":"https:\/\/www.deberes.net\/tesis\/wp-json\/wp\/v2\/media?parent=54519"}],"wp:term":[{"taxonomy":"category","embeddable":true,"href":"https:\/\/www.deberes.net\/tesis\/wp-json\/wp\/v2\/categories?post=54519"},{"taxonomy":"post_tag","embeddable":true,"href":"https:\/\/www.deberes.net\/tesis\/wp-json\/wp\/v2\/tags?post=54519"}],"curies":[{"name":"wp","href":"https:\/\/api.w.org\/{rel}","templated":true}]}}