{"id":54558,"date":"2018-03-09T22:42:16","date_gmt":"2018-03-09T22:42:16","guid":{"rendered":"https:\/\/www.deberes.net\/tesis\/sin-categoria\/la-tematizacion-en-espanol-estructura-informativa-y-relaciones-sintacticas\/"},"modified":"2018-03-09T22:42:16","modified_gmt":"2018-03-09T22:42:16","slug":"la-tematizacion-en-espanol-estructura-informativa-y-relaciones-sintacticas","status":"publish","type":"post","link":"https:\/\/www.deberes.net\/tesis\/linguistica-sincronica\/la-tematizacion-en-espanol-estructura-informativa-y-relaciones-sintacticas\/","title":{"rendered":"La tematizaci\u00f3n en espa\u00f1ol. estructura informativa y relaciones sintacticas"},"content":{"rendered":"<h2>Tesis doctoral de <strong> Taresa Fernandez Lorences <\/strong><\/h2>\n<p>Identificar, perfilar, fijar el tema de una comunicaci\u00f3n tiene la importancia suficiente como para que la lengua ofrezca mecanismos ling\u00ed\u00bc\u00edsticos espec\u00edficos que garanticen este elemento del intercambio comunicativo. El tema, entendido como aquello de lo que es decir algo, se expresa en determinadas unidades y construcciones dentro de la oraci\u00f3n, susceptibles, por tanto, de ser analizadas en el plano formal de la lengua. esta investigaci\u00f3n de cuenta de los procedimientos ling\u00ed\u00bc\u00edsticos que en espa\u00f1ol permiten presentar como tema de la oraci\u00f3n determinadas unidades sirvi\u00e9ndose de la entonaci\u00f3n, del orden de palabras o de ciertas f\u00f3rmulas que conllevan entre sus rasgos l\u00e9xicos valores de relaci\u00f3n referencia, y que permiten, pro tanto, marcar expl\u00edcitamente en una unidad como tema ling\u00ed\u00bc\u00edstico del predicado. una vez analizadas las propiedades formales del tema ling\u00ed\u00bc\u00edstico y las construcciones sint\u00e1cticas que se originan con la tematizaci\u00f3n, se, se examina su rendimiento en la construcci\u00f3n del discurso. La tematizaci\u00f3n, adem\u00e1s, de comportar procedimientos gramaticales espec\u00edficos, muestra todo un abanico de posibilidades discursivas, acota un marco referencial al que se atiene lo predicado, contribuye a organizar el sistema discursivo, permite romper el hilo del discurso e introducir un tema completamente nuevo, facilita al hablante instituirse como tema de la conservaci\u00f3n, o pone de relieve un referente para decir acerca de \u00e9l. la l\u00ednea que se ha seguido ha sido la de partir de hechos que se ven\u00edan situando en la vertiente pragm\u00e1tica de la comunicaci\u00f3n para tratar de determinar el estatuto de esas unidades y construcciones en el plano formal de la lengua. Con los presupuestos te\u00f3ricos y metodol\u00f3gicos de la gram\u00e1tica funcional, se avanza de la oraci\u00f3n al discurso para tratar de explicar, sobre muestras de la lengua hablada y escrita, c\u00f3mo estructuran los hablantes los temas a los que se refieren, por qu\u00e9 colocan se\u00f1ales que hacen re<\/p>\n<p>&nbsp;<\/p>\n<h3>Datos acad\u00e9micos de la tesis doctoral \u00ab<strong>La tematizaci\u00f3n en espa\u00f1ol. estructura informativa y relaciones sintacticas<\/strong>\u00ab<\/h3>\n<ul>\n<li><strong>T\u00edtulo de la tesis:<\/strong>\u00a0 La tematizaci\u00f3n en espa\u00f1ol. estructura informativa y relaciones sintacticas <\/li>\n<li><strong>Autor:<\/strong>\u00a0 Taresa Fernandez Lorences <\/li>\n<li><strong>Universidad:<\/strong>\u00a0 Oviedo<\/li>\n<li><strong>Fecha de lectura de la tesis:<\/strong>\u00a0 15\/09\/2006<\/li>\n<\/ul>\n<p>&nbsp;<\/p>\n<h3>Direcci\u00f3n y tribunal<\/h3>\n<ul>\n<li><strong>Director de la tesis<\/strong>\n<ul>\n<li>Hortensia Martinez Garcia<\/li>\n<\/ul>\n<\/li>\n<li><strong>Tribunal<\/strong>\n<ul>\n<li>Presidente del tribunal:  Martinez garcia Jos\u00e9 Antonio <\/li>\n<li> Martinez alvarez Mar\u00eda  angeles (vocal)<\/li>\n<li>graciela Reyes (vocal)<\/li>\n<li> Ojea lopez Ana isabel (vocal)<\/li>\n<\/ul>\n<\/li>\n<\/ul>\n<p>&nbsp;<\/p>\n","protected":false},"excerpt":{"rendered":"<p>Tesis doctoral de Taresa Fernandez Lorences Identificar, perfilar, fijar el tema de una comunicaci\u00f3n tiene la importancia suficiente como para [&hellip;]<\/p>\n","protected":false},"author":1,"featured_media":0,"comment_status":"open","ping_status":"open","sticky":false,"template":"","format":"standard","meta":{"site-sidebar-layout":"default","site-content-layout":"","ast-site-content-layout":"","site-content-style":"default","site-sidebar-style":"default","ast-global-header-display":"","ast-banner-title-visibility":"","ast-main-header-display":"","ast-hfb-above-header-display":"","ast-hfb-below-header-display":"","ast-hfb-mobile-header-display":"","site-post-title":"","ast-breadcrumbs-content":"","ast-featured-img":"","footer-sml-layout":"","theme-transparent-header-meta":"","adv-header-id-meta":"","stick-header-meta":"","header-above-stick-meta":"","header-main-stick-meta":"","header-below-stick-meta":"","astra-migrate-meta-layouts":"default","ast-page-background-enabled":"default","ast-page-background-meta":{"desktop":{"background-color":"var(--ast-global-color-4)","background-image":"","background-repeat":"repeat","background-position":"center center","background-size":"auto","background-attachment":"scroll","background-type":"","background-media":"","overlay-type":"","overlay-color":"","overlay-gradient":""},"tablet":{"background-color":"","background-image":"","background-repeat":"repeat","background-position":"center center","background-size":"auto","background-attachment":"scroll","background-type":"","background-media":"","overlay-type":"","overlay-color":"","overlay-gradient":""},"mobile":{"background-color":"","background-image":"","background-repeat":"repeat","background-position":"center center","background-size":"auto","background-attachment":"scroll","background-type":"","background-media":"","overlay-type":"","overlay-color":"","overlay-gradient":""}},"ast-content-background-meta":{"desktop":{"background-color":"var(--ast-global-color-5)","background-image":"","background-repeat":"repeat","background-position":"center center","background-size":"auto","background-attachment":"scroll","background-type":"","background-media":"","overlay-type":"","overlay-color":"","overlay-gradient":""},"tablet":{"background-color":"var(--ast-global-color-5)","background-image":"","background-repeat":"repeat","background-position":"center center","background-size":"auto","background-attachment":"scroll","background-type":"","background-media":"","overlay-type":"","overlay-color":"","overlay-gradient":""},"mobile":{"background-color":"var(--ast-global-color-5)","background-image":"","background-repeat":"repeat","background-position":"center center","background-size":"auto","background-attachment":"scroll","background-type":"","background-media":"","overlay-type":"","overlay-color":"","overlay-gradient":""}},"footnotes":""},"categories":[62,8846,3016],"tags":[120529,8957,120528,8958,8960,120527],"class_list":["post-54558","post","type-post","status-publish","format-standard","hentry","category-linguistica-sincronica","category-oviedo","category-teoria-linguistica","tag-graciela-reyes","tag-hortensia-Martinez-garcia","tag-Martinez-alvarez-maria-angeles","tag-Martinez-garcia-jose-antonio","tag-ojea-lopez-ana-isabel","tag-taresa-fernandez-lorences"],"_links":{"self":[{"href":"https:\/\/www.deberes.net\/tesis\/wp-json\/wp\/v2\/posts\/54558","targetHints":{"allow":["GET"]}}],"collection":[{"href":"https:\/\/www.deberes.net\/tesis\/wp-json\/wp\/v2\/posts"}],"about":[{"href":"https:\/\/www.deberes.net\/tesis\/wp-json\/wp\/v2\/types\/post"}],"author":[{"embeddable":true,"href":"https:\/\/www.deberes.net\/tesis\/wp-json\/wp\/v2\/users\/1"}],"replies":[{"embeddable":true,"href":"https:\/\/www.deberes.net\/tesis\/wp-json\/wp\/v2\/comments?post=54558"}],"version-history":[{"count":0,"href":"https:\/\/www.deberes.net\/tesis\/wp-json\/wp\/v2\/posts\/54558\/revisions"}],"wp:attachment":[{"href":"https:\/\/www.deberes.net\/tesis\/wp-json\/wp\/v2\/media?parent=54558"}],"wp:term":[{"taxonomy":"category","embeddable":true,"href":"https:\/\/www.deberes.net\/tesis\/wp-json\/wp\/v2\/categories?post=54558"},{"taxonomy":"post_tag","embeddable":true,"href":"https:\/\/www.deberes.net\/tesis\/wp-json\/wp\/v2\/tags?post=54558"}],"curies":[{"name":"wp","href":"https:\/\/api.w.org\/{rel}","templated":true}]}}