{"id":54561,"date":"2018-03-09T22:42:16","date_gmt":"2018-03-09T22:42:16","guid":{"rendered":"https:\/\/www.deberes.net\/tesis\/sin-categoria\/medida-y-relaciones-de-la-autoestima-en-poblacion-psiciatrica-infanto-juvenil\/"},"modified":"2018-03-09T22:42:16","modified_gmt":"2018-03-09T22:42:16","slug":"medida-y-relaciones-de-la-autoestima-en-poblacion-psiciatrica-infanto-juvenil","status":"publish","type":"post","link":"https:\/\/www.deberes.net\/tesis\/psicologia\/medida-y-relaciones-de-la-autoestima-en-poblacion-psiciatrica-infanto-juvenil\/","title":{"rendered":"Medida y relaciones de la autoestima en poblaci\u00f3n psici\u00e1trica infanto-juvenil"},"content":{"rendered":"<h2>Tesis doctoral de <strong> Esperanza Navarro Pardo <\/strong><\/h2>\n<p>Introducci\u00f3n  la importancia de la autoestima es indiscutible, se trata de un concepto psicol\u00f3gico central, que explica o se relaciona con diversas \u00e1reas de la psicolog\u00eda, como la cl\u00ednica, educativa, organizacional, industrial, etc.  en concreto, la autoestima y la sensaci\u00f3n de autoeficacia han sido condiderados tradicionalmente como elementos clave en la correcta evoluci\u00f3n sentimental del ni\u00f1o. La  investigaci\u00f3n a desarrollar en la tesis parte de un modelo multidimensional del autoconcepto y la autoestima, compuesto por factores que se relacionan diferencialmente con diversas \u00e1reas del comportamiento humano. Para ello, se consideran dos muestras distintas pero complementarias: la primera, compuesta de pacientes psiqui\u00e1tricos, y la segunda, de poblaci\u00f3n normal. Se trata de estudiar la autoestima en ambos grupos, a trav\u00e9s de instrumentos espec\u00edficos de medida, y tambi\u00e9n de datos cl\u00ednicos de los sujetos, codificados en funci\u00f3n del dsm-iv, y de datos biogr\u00e1ficos y sociales.  objetivos  ampliar el conocimiento existente sobre la autoestima y sus relaciones con variables relevantes como indicadores de salud psicol\u00f3gica en ni\u00f1os y adolescentes. En particular, revisar e integrar los avances metodol\u00f3gicos m\u00e1s recientes producidos en el \u00e1mbito de matrices multirrasgo-multim\u00e9todo (considerando efectos de m\u00e9todo) y estudiar relaciones entre medidas de la autoestima y los diagn\u00f3sticos cl\u00ednicos de los pacientes y algunas de estas variables socio-biogr\u00e1ficas.  otro aspecto de inter\u00e9s es atender a la diferenciaci\u00f3n entre importancia estad\u00edstica y substantiva, una vez realizados los an\u00e1lisis y previo al establecimiento de conclusiones. Este objetivo es fundamental en un \u00e1rea de investigaci\u00f3n con repercusiones econ\u00f3micas y sociales tan importantes como las propias de la intervenci\u00f3n en centros de salud.  en consecuencia, se pretenden conseguir tanto objetivos metodol\u00f3gicos como cl\u00ednicos.  entre los primeros de<\/p>\n<p>&nbsp;<\/p>\n<h3>Datos acad\u00e9micos de la tesis doctoral \u00ab<strong>Medida y relaciones de la autoestima en poblaci\u00f3n psici\u00e1trica infanto-juvenil<\/strong>\u00ab<\/h3>\n<ul>\n<li><strong>T\u00edtulo de la tesis:<\/strong>\u00a0 Medida y relaciones de la autoestima en poblaci\u00f3n psici\u00e1trica infanto-juvenil <\/li>\n<li><strong>Autor:<\/strong>\u00a0 Esperanza Navarro Pardo <\/li>\n<li><strong>Universidad:<\/strong>\u00a0 Universitat de val\u00e9ncia (estudi general)<\/li>\n<li><strong>Fecha de lectura de la tesis:<\/strong>\u00a0 15\/09\/2006<\/li>\n<\/ul>\n<p>&nbsp;<\/p>\n<h3>Direcci\u00f3n y tribunal<\/h3>\n<ul>\n<li><strong>Director de la tesis<\/strong>\n<ul>\n<li>Mar\u00eda Amparo Oliver Germes<\/li>\n<\/ul>\n<\/li>\n<li><strong>Tribunal<\/strong>\n<ul>\n<li>Presidente del tribunal: \u00e1ngel Latorre latorre <\/li>\n<li>yolanda Andreu va\u00edllo (vocal)<\/li>\n<li>M\u00aa inmaculada Ramirez salguero (vocal)<\/li>\n<li> Fiz poveda M\u00aa reyes (vocal)<\/li>\n<\/ul>\n<\/li>\n<\/ul>\n<p>&nbsp;<\/p>\n","protected":false},"excerpt":{"rendered":"<p>Tesis doctoral de Esperanza Navarro Pardo Introducci\u00f3n la importancia de la autoestima es indiscutible, se trata de un concepto psicol\u00f3gico [&hellip;]<\/p>\n","protected":false},"author":1,"featured_media":0,"comment_status":"open","ping_status":"open","sticky":false,"template":"","format":"standard","meta":{"site-sidebar-layout":"default","site-content-layout":"","ast-site-content-layout":"","site-content-style":"default","site-sidebar-style":"default","ast-global-header-display":"","ast-banner-title-visibility":"","ast-main-header-display":"","ast-hfb-above-header-display":"","ast-hfb-below-header-display":"","ast-hfb-mobile-header-display":"","site-post-title":"","ast-breadcrumbs-content":"","ast-featured-img":"","footer-sml-layout":"","theme-transparent-header-meta":"","adv-header-id-meta":"","stick-header-meta":"","header-above-stick-meta":"","header-main-stick-meta":"","header-below-stick-meta":"","astra-migrate-meta-layouts":"default","ast-page-background-enabled":"default","ast-page-background-meta":{"desktop":{"background-color":"var(--ast-global-color-4)","background-image":"","background-repeat":"repeat","background-position":"center center","background-size":"auto","background-attachment":"scroll","background-type":"","background-media":"","overlay-type":"","overlay-color":"","overlay-gradient":""},"tablet":{"background-color":"","background-image":"","background-repeat":"repeat","background-position":"center center","background-size":"auto","background-attachment":"scroll","background-type":"","background-media":"","overlay-type":"","overlay-color":"","overlay-gradient":""},"mobile":{"background-color":"","background-image":"","background-repeat":"repeat","background-position":"center center","background-size":"auto","background-attachment":"scroll","background-type":"","background-media":"","overlay-type":"","overlay-color":"","overlay-gradient":""}},"ast-content-background-meta":{"desktop":{"background-color":"var(--ast-global-color-5)","background-image":"","background-repeat":"repeat","background-position":"center center","background-size":"auto","background-attachment":"scroll","background-type":"","background-media":"","overlay-type":"","overlay-color":"","overlay-gradient":""},"tablet":{"background-color":"var(--ast-global-color-5)","background-image":"","background-repeat":"repeat","background-position":"center center","background-size":"auto","background-attachment":"scroll","background-type":"","background-media":"","overlay-type":"","overlay-color":"","overlay-gradient":""},"mobile":{"background-color":"var(--ast-global-color-5)","background-image":"","background-repeat":"repeat","background-position":"center center","background-size":"auto","background-attachment":"scroll","background-type":"","background-media":"","overlay-type":"","overlay-color":"","overlay-gradient":""}},"footnotes":""},"categories":[324,970],"tags":[27288,120535,120537,12159,86077,120536],"class_list":["post-54561","post","type-post","status-publish","format-standard","hentry","category-psicologia","category-psicologia-del-nino-y-del-adolescente","tag-angel-latorre-latorre","tag-esperanza-navarro-pardo","tag-fiz-poveda-ma-reyes","tag-maria-amparo-oliver-germes","tag-ma-inmaculada-ramirez-salguero","tag-yolanda-andreu-vaillo"],"_links":{"self":[{"href":"https:\/\/www.deberes.net\/tesis\/wp-json\/wp\/v2\/posts\/54561","targetHints":{"allow":["GET"]}}],"collection":[{"href":"https:\/\/www.deberes.net\/tesis\/wp-json\/wp\/v2\/posts"}],"about":[{"href":"https:\/\/www.deberes.net\/tesis\/wp-json\/wp\/v2\/types\/post"}],"author":[{"embeddable":true,"href":"https:\/\/www.deberes.net\/tesis\/wp-json\/wp\/v2\/users\/1"}],"replies":[{"embeddable":true,"href":"https:\/\/www.deberes.net\/tesis\/wp-json\/wp\/v2\/comments?post=54561"}],"version-history":[{"count":0,"href":"https:\/\/www.deberes.net\/tesis\/wp-json\/wp\/v2\/posts\/54561\/revisions"}],"wp:attachment":[{"href":"https:\/\/www.deberes.net\/tesis\/wp-json\/wp\/v2\/media?parent=54561"}],"wp:term":[{"taxonomy":"category","embeddable":true,"href":"https:\/\/www.deberes.net\/tesis\/wp-json\/wp\/v2\/categories?post=54561"},{"taxonomy":"post_tag","embeddable":true,"href":"https:\/\/www.deberes.net\/tesis\/wp-json\/wp\/v2\/tags?post=54561"}],"curies":[{"name":"wp","href":"https:\/\/api.w.org\/{rel}","templated":true}]}}