{"id":54624,"date":"2018-03-09T22:42:23","date_gmt":"2018-03-09T22:42:23","guid":{"rendered":"https:\/\/www.deberes.net\/tesis\/sin-categoria\/analisis-de-la-demanda-de-transporte-interinsular-mediante-modelos-avanzados-de-eleccion-discreta\/"},"modified":"2018-03-09T22:42:23","modified_gmt":"2018-03-09T22:42:23","slug":"analisis-de-la-demanda-de-transporte-interinsular-mediante-modelos-avanzados-de-eleccion-discreta","status":"publish","type":"post","link":"https:\/\/www.deberes.net\/tesis\/contabilidad-de-la-renta-nacional\/analisis-de-la-demanda-de-transporte-interinsular-mediante-modelos-avanzados-de-eleccion-discreta\/","title":{"rendered":"An\u00e1lisis de la demanda de transporte interinsular mediante modelos avanzados de elecci\u00f3n discreta"},"content":{"rendered":"<h2>Tesis doctoral de <strong>  Grisol\u00eda Santos Jos\u00e9 Mar\u00eda <\/strong><\/h2>\n<p>En esta tesis se analiza el transporte interurbano de pasajeros entre gran canaria y tenerife mediante el dise\u00f1o y aplicaci\u00f3n de una encuesta de preferencias reveladas que permiti\u00f3 la obtenci\u00f3n de 1011 observaciones. A partir de estos datos se estimaron diversos  modelos de elecci\u00f3n discreta que han permitido calcular el valor subjetivo del tiempo de los viajeros y de los diferentes tipos de viaje, as\u00ed como la valoraci\u00f3n subjetiva de cada uno de los atributos de la oferta de transporte. por otro lado, los resultados han permitido contrastar el uso de valores percibido en los tiempo de viaje, basados en las declaraciones de los individuos, frente a los medidos o ingenieriles resultado de la medici\u00f3n ad hoc del viaje constat\u00e1ndose c\u00f3mo los modelos que utilizan las declaraciones de los viajeros (moduladas por un factor aleatorio) manifiestan mejores estad\u00edsticos en comparaci\u00f3n con los modelos que usan tiempos de viaje cronometrados por el modelador. Adem\u00e1s tambi\u00e9n se han comparado los diferentes tipos de modelaci\u00f3n, en particular el logit simple frente al m\u00e1s avanzado, logit mixto encontrando que el primero, si la calidad de los datos no es muy buena y la informaci\u00f3n no es del todo completa, constituye una alternativa m\u00e1s interesante que el logia mixto, siempre que se potencie incluyendo variables socioecon\u00f3micas. El uso de variables socioecon\u00f3micas dentro delas variables explicativas en logia simple constituy\u00f3 un modelo robusto que logr\u00f3, adem\u00e1s, probar su capacidad al reproducir con gran precisi\u00f3n las cuotas de mercado de cada modo en la validaci\u00f3n de la muestra. En efecto, otro de los objetivos del trabajo era utilizar los modelos para predecir la demanda del ferry r\u00e1pido que sustituy\u00f3 al jetfoil durante 2005, dado que los datos fueron recogidos en 2002. Ciertamente, el modelo fue capaz de predecir los resultados de este nuevo modo lo que ha permitido a\u00f1adir cierta discusi\u00f3n sobre la forma de proceder en circunstancias semejantes.<\/p>\n<p>&nbsp;<\/p>\n<h3>Datos acad\u00e9micos de la tesis doctoral \u00ab<strong>An\u00e1lisis de la demanda de transporte interinsular mediante modelos avanzados de elecci\u00f3n discreta<\/strong>\u00ab<\/h3>\n<ul>\n<li><strong>T\u00edtulo de la tesis:<\/strong>\u00a0 An\u00e1lisis de la demanda de transporte interinsular mediante modelos avanzados de elecci\u00f3n discreta <\/li>\n<li><strong>Autor:<\/strong>\u00a0  Grisol\u00eda Santos Jos\u00e9 Mar\u00eda <\/li>\n<li><strong>Universidad:<\/strong>\u00a0 Palmas de gran canaria<\/li>\n<li><strong>Fecha de lectura de la tesis:<\/strong>\u00a0 20\/09\/2006<\/li>\n<\/ul>\n<p>&nbsp;<\/p>\n<h3>Direcci\u00f3n y tribunal<\/h3>\n<ul>\n<li><strong>Director de la tesis<\/strong>\n<ul>\n<li> Ort\u00fazar Salas Juan  De Dios<\/li>\n<\/ul>\n<\/li>\n<li><strong>Tribunal<\/strong>\n<ul>\n<li>Presidente del tribunal: Francisco de asis Garc\u00eda benitez <\/li>\n<li>rosa marina Gonzalez marrero (vocal)<\/li>\n<li>lui Rizzi (vocal)<\/li>\n<li> V\u00e1zquez polo Francisco Jos\u00e9 (vocal)<\/li>\n<\/ul>\n<\/li>\n<\/ul>\n<p>&nbsp;<\/p>\n","protected":false},"excerpt":{"rendered":"<p>Tesis doctoral de Grisol\u00eda Santos Jos\u00e9 Mar\u00eda En esta tesis se analiza el transporte interurbano de pasajeros entre gran canaria [&hellip;]<\/p>\n","protected":false},"author":1,"featured_media":0,"comment_status":"open","ping_status":"open","sticky":false,"template":"","format":"standard","meta":{"site-sidebar-layout":"default","site-content-layout":"","ast-site-content-layout":"","site-content-style":"default","site-sidebar-style":"default","ast-global-header-display":"","ast-banner-title-visibility":"","ast-main-header-display":"","ast-hfb-above-header-display":"","ast-hfb-below-header-display":"","ast-hfb-mobile-header-display":"","site-post-title":"","ast-breadcrumbs-content":"","ast-featured-img":"","footer-sml-layout":"","theme-transparent-header-meta":"","adv-header-id-meta":"","stick-header-meta":"","header-above-stick-meta":"","header-main-stick-meta":"","header-below-stick-meta":"","astra-migrate-meta-layouts":"default","ast-page-background-enabled":"default","ast-page-background-meta":{"desktop":{"background-color":"var(--ast-global-color-4)","background-image":"","background-repeat":"repeat","background-position":"center center","background-size":"auto","background-attachment":"scroll","background-type":"","background-media":"","overlay-type":"","overlay-color":"","overlay-gradient":""},"tablet":{"background-color":"","background-image":"","background-repeat":"repeat","background-position":"center center","background-size":"auto","background-attachment":"scroll","background-type":"","background-media":"","overlay-type":"","overlay-color":"","overlay-gradient":""},"mobile":{"background-color":"","background-image":"","background-repeat":"repeat","background-position":"center center","background-size":"auto","background-attachment":"scroll","background-type":"","background-media":"","overlay-type":"","overlay-color":"","overlay-gradient":""}},"ast-content-background-meta":{"desktop":{"background-color":"var(--ast-global-color-5)","background-image":"","background-repeat":"repeat","background-position":"center center","background-size":"auto","background-attachment":"scroll","background-type":"","background-media":"","overlay-type":"","overlay-color":"","overlay-gradient":""},"tablet":{"background-color":"var(--ast-global-color-5)","background-image":"","background-repeat":"repeat","background-position":"center center","background-size":"auto","background-attachment":"scroll","background-type":"","background-media":"","overlay-type":"","overlay-color":"","overlay-gradient":""},"mobile":{"background-color":"var(--ast-global-color-5)","background-image":"","background-repeat":"repeat","background-position":"center center","background-size":"auto","background-attachment":"scroll","background-type":"","background-media":"","overlay-type":"","overlay-color":"","overlay-gradient":""}},"footnotes":""},"categories":[18539,9067,16629,9216],"tags":[27681,120678,120679,26083,71058,43336],"class_list":["post-54624","post","type-post","status-publish","format-standard","hentry","category-comportamiento-del-consumidor","category-contabilidad-de-la-renta-nacional","category-palmas-de-gran-canaria","category-teoria-microeconomica","tag-francisco-de-asis-garcia-benitez","tag-grisolia-santos-jose-maria","tag-lui-rizzi","tag-ortuzar-salas-juan-de-dios","tag-rosa-marina-gonzalez-marrero","tag-vazquez-polo-francisco-jose"],"_links":{"self":[{"href":"https:\/\/www.deberes.net\/tesis\/wp-json\/wp\/v2\/posts\/54624","targetHints":{"allow":["GET"]}}],"collection":[{"href":"https:\/\/www.deberes.net\/tesis\/wp-json\/wp\/v2\/posts"}],"about":[{"href":"https:\/\/www.deberes.net\/tesis\/wp-json\/wp\/v2\/types\/post"}],"author":[{"embeddable":true,"href":"https:\/\/www.deberes.net\/tesis\/wp-json\/wp\/v2\/users\/1"}],"replies":[{"embeddable":true,"href":"https:\/\/www.deberes.net\/tesis\/wp-json\/wp\/v2\/comments?post=54624"}],"version-history":[{"count":0,"href":"https:\/\/www.deberes.net\/tesis\/wp-json\/wp\/v2\/posts\/54624\/revisions"}],"wp:attachment":[{"href":"https:\/\/www.deberes.net\/tesis\/wp-json\/wp\/v2\/media?parent=54624"}],"wp:term":[{"taxonomy":"category","embeddable":true,"href":"https:\/\/www.deberes.net\/tesis\/wp-json\/wp\/v2\/categories?post=54624"},{"taxonomy":"post_tag","embeddable":true,"href":"https:\/\/www.deberes.net\/tesis\/wp-json\/wp\/v2\/tags?post=54624"}],"curies":[{"name":"wp","href":"https:\/\/api.w.org\/{rel}","templated":true}]}}