{"id":54669,"date":"2018-03-09T22:42:23","date_gmt":"2018-03-09T22:42:23","guid":{"rendered":"https:\/\/www.deberes.net\/tesis\/sin-categoria\/metodos-novedosos-de-sa%c2%adntesis-a-escala-industrial-de-claritromicina-estudios-de-alquilacion-selectiva-de-nuevos-derivados-de-eritromicina-a\/"},"modified":"2018-03-09T22:42:23","modified_gmt":"2018-03-09T22:42:23","slug":"metodos-novedosos-de-sa%c2%adntesis-a-escala-industrial-de-claritromicina-estudios-de-alquilacion-selectiva-de-nuevos-derivados-de-eritromicina-a","status":"publish","type":"post","link":"https:\/\/www.deberes.net\/tesis\/radicales-libres\/metodos-novedosos-de-sa%c2%adntesis-a-escala-industrial-de-claritromicina-estudios-de-alquilacion-selectiva-de-nuevos-derivados-de-eritromicina-a\/","title":{"rendered":"M\u00e9todos novedosos de s\u00edntesis a escala industrial de claritromicina. (estudios de alquilaci\u00f3n selectiva de nuevos derivados de eritromicina a)"},"content":{"rendered":"<h2>Tesis doctoral de <strong>  Parra Ruiz Francisco Jes\u00fas <\/strong><\/h2>\n<p>Se han desarrollado dos nuevos m\u00e9todos sint\u00e9ticos escalables a nivel industrial para la s\u00edntesis de claritromicina (6-o-metil eritromicina a) a partir de la pirimidiloxima de eritromicina a y de la tritil hidrazona de eritromicina a. Tambi\u00e9n se han sintetizado todos los productos secundarios resultantes de polimetilaci\u00f3n en el macrociclo, como son la 6,11-o-dimetil eritomicia a, la 6,12-o-dimetil eritormicina a y las 6,11,12-o-trimetil eritromicina a, compuestos necesarios para el control de calidad de la misma. Por \u00faltimo, se ha estudiado el origen de la selectividad frente a la reacci\u00f3n de metilaci\u00f3n de los hidroxilos de macrocilo, por an\u00e1lisis de rayos x, resonancia magn\u00e9tica nuclear y modelizaci\u00f3n molecular.<\/p>\n<p>&nbsp;<\/p>\n<h3>Datos acad\u00e9micos de la tesis doctoral \u00ab<strong>M\u00e9todos novedosos de s\u00edntesis a escala industrial de claritromicina. (estudios de alquilaci\u00f3n selectiva de nuevos derivados de eritromicina a)<\/strong>\u00ab<\/h3>\n<ul>\n<li><strong>T\u00edtulo de la tesis:<\/strong>\u00a0 M\u00e9todos novedosos de s\u00edntesis a escala industrial de claritromicina. (estudios de alquilaci\u00f3n selectiva de nuevos derivados de eritromicina a) <\/li>\n<li><strong>Autor:<\/strong>\u00a0  Parra Ruiz Francisco Jes\u00fas <\/li>\n<li><strong>Universidad:<\/strong>\u00a0 Aut\u00f3noma de Madrid<\/li>\n<li><strong>Fecha de lectura de la tesis:<\/strong>\u00a0 22\/09\/2006<\/li>\n<\/ul>\n<p>&nbsp;<\/p>\n<h3>Direcci\u00f3n y tribunal<\/h3>\n<ul>\n<li><strong>Director de la tesis<\/strong>\n<ul>\n<li>Ernesto Brunet Romero<\/li>\n<\/ul>\n<\/li>\n<li><strong>Tribunal<\/strong>\n<ul>\n<li>Presidente del tribunal: Mar\u00eda  del carmen Carre\u00f1o garcia <\/li>\n<li>Ana G\u00f3mez l\u00f3pez (vocal)<\/li>\n<li>Emilio Rom\u00e1n gal\u00e1n (vocal)<\/li>\n<li> Garc\u00eda nav\u00edo Jos\u00e9 Luis (vocal)<\/li>\n<\/ul>\n<\/li>\n<\/ul>\n<p>&nbsp;<\/p>\n","protected":false},"excerpt":{"rendered":"<p>Tesis doctoral de Parra Ruiz Francisco Jes\u00fas Se han desarrollado dos nuevos m\u00e9todos sint\u00e9ticos escalables a nivel industrial para la [&hellip;]<\/p>\n","protected":false},"author":1,"featured_media":0,"comment_status":"open","ping_status":"open","sticky":false,"template":"","format":"standard","meta":{"site-sidebar-layout":"default","site-content-layout":"","ast-site-content-layout":"","site-content-style":"default","site-sidebar-style":"default","ast-global-header-display":"","ast-banner-title-visibility":"","ast-main-header-display":"","ast-hfb-above-header-display":"","ast-hfb-below-header-display":"","ast-hfb-mobile-header-display":"","site-post-title":"","ast-breadcrumbs-content":"","ast-featured-img":"","footer-sml-layout":"","theme-transparent-header-meta":"","adv-header-id-meta":"","stick-header-meta":"","header-above-stick-meta":"","header-main-stick-meta":"","header-below-stick-meta":"","astra-migrate-meta-layouts":"default","ast-page-background-enabled":"default","ast-page-background-meta":{"desktop":{"background-color":"var(--ast-global-color-4)","background-image":"","background-repeat":"repeat","background-position":"center center","background-size":"auto","background-attachment":"scroll","background-type":"","background-media":"","overlay-type":"","overlay-color":"","overlay-gradient":""},"tablet":{"background-color":"","background-image":"","background-repeat":"repeat","background-position":"center center","background-size":"auto","background-attachment":"scroll","background-type":"","background-media":"","overlay-type":"","overlay-color":"","overlay-gradient":""},"mobile":{"background-color":"","background-image":"","background-repeat":"repeat","background-position":"center center","background-size":"auto","background-attachment":"scroll","background-type":"","background-media":"","overlay-type":"","overlay-color":"","overlay-gradient":""}},"ast-content-background-meta":{"desktop":{"background-color":"var(--ast-global-color-5)","background-image":"","background-repeat":"repeat","background-position":"center center","background-size":"auto","background-attachment":"scroll","background-type":"","background-media":"","overlay-type":"","overlay-color":"","overlay-gradient":""},"tablet":{"background-color":"var(--ast-global-color-5)","background-image":"","background-repeat":"repeat","background-position":"center center","background-size":"auto","background-attachment":"scroll","background-type":"","background-media":"","overlay-type":"","overlay-color":"","overlay-gradient":""},"mobile":{"background-color":"var(--ast-global-color-5)","background-image":"","background-repeat":"repeat","background-position":"center center","background-size":"auto","background-attachment":"scroll","background-type":"","background-media":"","overlay-type":"","overlay-color":"","overlay-gradient":""}},"footnotes":""},"categories":[902,1648,415],"tags":[120778,11340,68117,2509,29244,120777],"class_list":["post-54669","post","type-post","status-publish","format-standard","hentry","category-estereoquimica-y-analisis-conformacional","category-estructura-de-moleculas-organicas","category-radicales-libres","tag-ana-gomez-lopez","tag-emilio-roman-galan","tag-ernesto-brunet-romero","tag-garcia-navio-jose-luis","tag-maria-del-carmen-carreno-garcia","tag-parra-ruiz-francisco-jesus"],"_links":{"self":[{"href":"https:\/\/www.deberes.net\/tesis\/wp-json\/wp\/v2\/posts\/54669","targetHints":{"allow":["GET"]}}],"collection":[{"href":"https:\/\/www.deberes.net\/tesis\/wp-json\/wp\/v2\/posts"}],"about":[{"href":"https:\/\/www.deberes.net\/tesis\/wp-json\/wp\/v2\/types\/post"}],"author":[{"embeddable":true,"href":"https:\/\/www.deberes.net\/tesis\/wp-json\/wp\/v2\/users\/1"}],"replies":[{"embeddable":true,"href":"https:\/\/www.deberes.net\/tesis\/wp-json\/wp\/v2\/comments?post=54669"}],"version-history":[{"count":0,"href":"https:\/\/www.deberes.net\/tesis\/wp-json\/wp\/v2\/posts\/54669\/revisions"}],"wp:attachment":[{"href":"https:\/\/www.deberes.net\/tesis\/wp-json\/wp\/v2\/media?parent=54669"}],"wp:term":[{"taxonomy":"category","embeddable":true,"href":"https:\/\/www.deberes.net\/tesis\/wp-json\/wp\/v2\/categories?post=54669"},{"taxonomy":"post_tag","embeddable":true,"href":"https:\/\/www.deberes.net\/tesis\/wp-json\/wp\/v2\/tags?post=54669"}],"curies":[{"name":"wp","href":"https:\/\/api.w.org\/{rel}","templated":true}]}}