{"id":54680,"date":"2018-03-09T22:42:23","date_gmt":"2018-03-09T22:42:23","guid":{"rendered":"https:\/\/www.deberes.net\/tesis\/sin-categoria\/filosofia-e-historia-en-el-fundamento-de-la-dignidad-humana\/"},"modified":"2018-03-09T22:42:23","modified_gmt":"2018-03-09T22:42:23","slug":"filosofia-e-historia-en-el-fundamento-de-la-dignidad-humana","status":"publish","type":"post","link":"https:\/\/www.deberes.net\/tesis\/carlos-iii-de-madrid\/filosofia-e-historia-en-el-fundamento-de-la-dignidad-humana\/","title":{"rendered":"Filosofia e historia en el fundamento de la dignidad humana"},"content":{"rendered":"<h2>Tesis doctoral de <strong> Antonio Pele Ilie <\/strong><\/h2>\n<p>Se contempla hoy la dignidad humana como el fundamento de los derechos humanos. El ser humano tendr\u00eda en efecto un valor intr\u00ednseco y absoluto que le conferir\u00eda esta titularidad de derechos y libertades en el seno de un estado de derecho. La dignidad humana implica m\u00e1s precisamente dos rasgos: la autonom\u00eda individual  y la igual dignidad de las personas, que ser\u00edan la expresi\u00f3n de este mismo valor.  la presente investigaci\u00f3n pretende destacar algunos elementos que, en la historia y dentro del campo de la filosof\u00eda, han podido conformar o establecer premisas a este fundamento de la dignidad humana. Partiendo de la antig\u00ed\u00bcedad hasta la ilustraci\u00f3n, se ha analizado el pensamiento de algunos pensadores representativos para comprender c\u00f3mo y porqu\u00e9 ha podido surgir este reconocimiento de un valor intr\u00ednseco al ser humano. Se trat\u00f3 de un reconocimiento que no fue constante sino que se inscribi\u00f3 en una historia humana sin\u00f3nima de afrontamientos y luchas. Por otro lado, y por el periodo hist\u00f3rico estudiado, solamente podr\u00e1 detectarse algunas \u00abintuiciones\u00bb de la dignidad humana que, a pesar de sus l\u00edmites y paradojas, constituir\u00e1n precedentes necesarios para la fundamentaci\u00f3n moderna de este concepto<\/p>\n<p>&nbsp;<\/p>\n<h3>Datos acad\u00e9micos de la tesis doctoral \u00ab<strong>Filosofia e historia en el fundamento de la dignidad humana<\/strong>\u00ab<\/h3>\n<ul>\n<li><strong>T\u00edtulo de la tesis:<\/strong>\u00a0 Filosofia e historia en el fundamento de la dignidad humana <\/li>\n<li><strong>Autor:<\/strong>\u00a0 Antonio Pele Ilie <\/li>\n<li><strong>Universidad:<\/strong>\u00a0 Carlos III de Madrid<\/li>\n<li><strong>Fecha de lectura de la tesis:<\/strong>\u00a0 22\/09\/2006<\/li>\n<\/ul>\n<p>&nbsp;<\/p>\n<h3>Direcci\u00f3n y tribunal<\/h3>\n<ul>\n<li><strong>Director de la tesis<\/strong>\n<ul>\n<li>Francisco Javier Ansu\u00e1tegui Roig<\/li>\n<\/ul>\n<\/li>\n<li><strong>Tribunal<\/strong>\n<ul>\n<li>Presidente del tribunal: Gregorio Peces Barba Mart\u00ednez <\/li>\n<li>Liborio Hierro S\u00e1nchez-pescador (vocal)<\/li>\n<li> De Lucas Martin Javier (vocal)<\/li>\n<li>Enrique Perez Lu\u00f1o (vocal)<\/li>\n<\/ul>\n<\/li>\n<\/ul>\n<p>&nbsp;<\/p>\n","protected":false},"excerpt":{"rendered":"<p>Tesis doctoral de Antonio Pele Ilie Se contempla hoy la dignidad humana como el fundamento de los derechos humanos. El [&hellip;]<\/p>\n","protected":false},"author":1,"featured_media":0,"comment_status":"open","ping_status":"open","sticky":false,"template":"","format":"standard","meta":{"site-sidebar-layout":"default","site-content-layout":"","ast-site-content-layout":"","site-content-style":"default","site-sidebar-style":"default","ast-global-header-display":"","ast-banner-title-visibility":"","ast-main-header-display":"","ast-hfb-above-header-display":"","ast-hfb-below-header-display":"","ast-hfb-mobile-header-display":"","site-post-title":"","ast-breadcrumbs-content":"","ast-featured-img":"","footer-sml-layout":"","theme-transparent-header-meta":"","adv-header-id-meta":"","stick-header-meta":"","header-above-stick-meta":"","header-main-stick-meta":"","header-below-stick-meta":"","astra-migrate-meta-layouts":"default","ast-page-background-enabled":"default","ast-page-background-meta":{"desktop":{"background-color":"var(--ast-global-color-4)","background-image":"","background-repeat":"repeat","background-position":"center center","background-size":"auto","background-attachment":"scroll","background-type":"","background-media":"","overlay-type":"","overlay-color":"","overlay-gradient":""},"tablet":{"background-color":"","background-image":"","background-repeat":"repeat","background-position":"center center","background-size":"auto","background-attachment":"scroll","background-type":"","background-media":"","overlay-type":"","overlay-color":"","overlay-gradient":""},"mobile":{"background-color":"","background-image":"","background-repeat":"repeat","background-position":"center center","background-size":"auto","background-attachment":"scroll","background-type":"","background-media":"","overlay-type":"","overlay-color":"","overlay-gradient":""}},"ast-content-background-meta":{"desktop":{"background-color":"var(--ast-global-color-5)","background-image":"","background-repeat":"repeat","background-position":"center center","background-size":"auto","background-attachment":"scroll","background-type":"","background-media":"","overlay-type":"","overlay-color":"","overlay-gradient":""},"tablet":{"background-color":"var(--ast-global-color-5)","background-image":"","background-repeat":"repeat","background-position":"center center","background-size":"auto","background-attachment":"scroll","background-type":"","background-media":"","overlay-type":"","overlay-color":"","overlay-gradient":""},"mobile":{"background-color":"var(--ast-global-color-5)","background-image":"","background-repeat":"repeat","background-position":"center center","background-size":"auto","background-attachment":"scroll","background-type":"","background-media":"","overlay-type":"","overlay-color":"","overlay-gradient":""}},"footnotes":""},"categories":[18550,19048],"tags":[120803,26916,120804,63291,3196,68975],"class_list":["post-54680","post","type-post","status-publish","format-standard","hentry","category-carlos-iii-de-madrid","category-jurisprudencia","tag-antonio-pele-ilie","tag-de-lucas-martin-javier","tag-enrique-perez-luno","tag-francisco-javier-ansuategui-roig","tag-gregorio-peces-barba-Martinez","tag-liborio-hierro-sanchez-pescador"],"_links":{"self":[{"href":"https:\/\/www.deberes.net\/tesis\/wp-json\/wp\/v2\/posts\/54680","targetHints":{"allow":["GET"]}}],"collection":[{"href":"https:\/\/www.deberes.net\/tesis\/wp-json\/wp\/v2\/posts"}],"about":[{"href":"https:\/\/www.deberes.net\/tesis\/wp-json\/wp\/v2\/types\/post"}],"author":[{"embeddable":true,"href":"https:\/\/www.deberes.net\/tesis\/wp-json\/wp\/v2\/users\/1"}],"replies":[{"embeddable":true,"href":"https:\/\/www.deberes.net\/tesis\/wp-json\/wp\/v2\/comments?post=54680"}],"version-history":[{"count":0,"href":"https:\/\/www.deberes.net\/tesis\/wp-json\/wp\/v2\/posts\/54680\/revisions"}],"wp:attachment":[{"href":"https:\/\/www.deberes.net\/tesis\/wp-json\/wp\/v2\/media?parent=54680"}],"wp:term":[{"taxonomy":"category","embeddable":true,"href":"https:\/\/www.deberes.net\/tesis\/wp-json\/wp\/v2\/categories?post=54680"},{"taxonomy":"post_tag","embeddable":true,"href":"https:\/\/www.deberes.net\/tesis\/wp-json\/wp\/v2\/tags?post=54680"}],"curies":[{"name":"wp","href":"https:\/\/api.w.org\/{rel}","templated":true}]}}